{"id":1023,"date":"2019-11-06T23:57:05","date_gmt":"2019-11-06T22:57:05","guid":{"rendered":"http:\/\/pozalogika.pl\/?p=1023"},"modified":"2026-04-09T13:45:29","modified_gmt":"2026-04-09T13:45:29","slug":"nie-przezyje-drugi-raz-swojego-zycia","status":"publish","type":"post","link":"https:\/\/pozalogika.pl\/index.php\/2019\/11\/06\/nie-przezyje-drugi-raz-swojego-zycia\/","title":{"rendered":"Drugiego \u017cycia nie b\u0119dzie. Czy na wszystko w naszym \u017cyciu mamy wp\u0142yw? 3 \u017cyciowe nauki"},"content":{"rendered":"<p lang=\"pl-PL\"><img loading=\"lazy\" decoding=\"async\" class=\"aligncenter\" src=\"https:\/\/images.pexels.com\/photos\/3170493\/pexels-photo-3170493.jpeg?auto=compress&amp;cs=tinysrgb&amp;dpr=2&amp;h=650&amp;w=940\" alt=\"W \u017cyciu na wiele rzeczy mamy wp\u0142yw, na wiele nie. Na zdj\u0119ciu ch\u0142opak stoj\u0105cy w mglisty dzie\u0144 nad stawem, robi zdj\u0119cie.\" width=\"1880\" height=\"1253\" \/><\/p>\n<p lang=\"pl-PL\"><span style=\"font-size: 20px; font-family: book antiqua, palatino, serif;\"><strong>Zdarza si\u0119, \u017ce w naszym \u017cyciu nast\u0119puje jaki\u015b punkt, pewna granica, za kt\u00f3r\u0105 jest jakie\u015b nowe \u017cycie. Czasem to otarcie si\u0119 o \u015bmier\u0107, nieraz zmuszaj\u0105 nas ku temu okoliczno\u015bci, jaka\u015b rozmowa, spotkany cz\u0142owiek. Albo po prostu co\u015b w nas p\u0119ka i postanawiamy wszystko przewarto\u015bciowa\u0107, co\u015b zmieni\u0107.<\/strong><\/span><\/p>\n<p lang=\"pl-PL\"><span style=\"font-size: 20px; font-family: book antiqua, palatino, serif;\"><!--more--><\/span><\/p>\n<blockquote>\n<p lang=\"pl-PL\" style=\"text-align: center;\"><span style=\"font-size: 20px; font-family: book antiqua, palatino;\">Gdy jeste\u015b w kryzysie, pozw\u00f3l swoim emocjom wybrzmie\u0107, ale te\u017c nie zamykaj si\u0119 w swojej ba\u0144ce: szukaj rozmowy, wsparcia, pomocy specjalisty, bezp\u0142atnej infolinii dla os\u00f3b w kryzysie (oto numer: 800 70 2222)<\/span><\/p>\n<\/blockquote>\n<p lang=\"pl-PL\"><span style=\"font-size: 20px; font-family: book antiqua, palatino, serif;\">Wiem, \u017ce wszystko jest po\u0142\u0105czone, a cz\u0142owiek to holistyczna istota. Wiadomo, \u017ce je\u015bli \u017ale my\u015blisz, to fizycznie te\u017c nie podo\u0142asz. \u017be cz\u0142owiekowi jest potrzebny zar\u00f3wno rozw\u00f3j duchowy, jak i fizyczny. Gdy pobiegasz, lepiej my\u015blisz. Je\u015bli pozytywnie my\u015blisz, przebiegniesz maraton.<\/span><\/p>\n<h2 lang=\"pl-PL\">Skarb a \u017cycie<\/h2>\n<p lang=\"pl-PL\"><span style=\"font-size: 20px; font-family: book antiqua, palatino, serif;\">\u017bycie jest cenne i jest skarbem, a my bardzo cz\u0119sto tkwimy w jakiej\u015b sytuacji, niekoniecznie chc\u0105c j\u0105 odmieni\u0107, mo\u017ce nawet wpadamy w pewn\u0105 rutyn\u0119. Mo\u017ce nawet godzisz si\u0119 na to, co wok\u00f3\u0142, to co ci\u0119 spotyka, traktujesz jak pokut\u0119. I nie mo\u017cesz si\u0119 uderzy\u0107 w g\u0142ow\u0119, u\u015bwiadomi\u0107 sobie, \u017ce przecie\u017c nie musisz tkwi\u0107 w jakiej\u015b dziwnej sytuacji, trudnej relacji, pewnej niewygodzie. <\/span><\/p>\n<p lang=\"pl-PL\"><span style=\"font-size: 20px; font-family: book antiqua, palatino, serif;\">Owszem, bardzo cz\u0119sto musisz, nie wszystko dasz rad\u0119 zmieni\u0107. Ot, \u017cycie. Ale bardzo cz\u0119sto masz na to wp\u0142yw. I nie robisz z tym niczego. Co\u015b jest w\u00f3wczas nie tak wi\u0119c, na serio nie musisz niczego cierpie\u0107. I powtarzam to, s\u0105 sytuacje niezale\u017cne od nas, ale czasem cierpisz za sytuacje, kt\u00f3re mo\u017cesz na serio zmieni\u0107. A ka\u017cdego dnia rano jeste\u015b przecie\u017c biedniejszy o jedn\u0105 dob\u0119, kt\u00f3r\u0105 zaprzepa\u015bci\u0142e\u015b. Chyba nie chcesz \u017cycia przeczeka\u0107, tylko prze\u017cy\u0107.<\/span><\/p>\n<p lang=\"pl-PL\"><span style=\"font-size: 20px;\"><strong>Przeczytaj tak\u017ce:<\/strong> <a href=\"https:\/\/pozalogika.pl\/index.php\/2025\/06\/13\/chrzescijanski-mindset\/\" target=\"_blank\" rel=\"noreferrer noopener\">tekst o tym, czym jest chrze\u015bcija\u0144ski mindset<\/a><\/span><\/p>\n<h2 lang=\"pl-PL\">Daj sobie czas<\/h2>\n<p lang=\"pl-PL\"><span style=\"font-size: 20px; font-family: book antiqua, palatino, serif;\">Niedawno kumpel podzieli\u0142 si\u0119 ze mn\u0105 m\u0105dro\u015bci\u0105, kt\u00f3r\u0105 wyni\u00f3s\u0142 ze swojej medycznej praktyki w pracy, powiedzia\u0142, \u017ce cz\u0142owiek ma by\u0107 pewny tego, co robi, \u017ce takie musi wra\u017cenie sprawia\u0107, \u017ce ten, kto do niego przychodzi. musi mie\u0107 pewno\u015b\u0107, \u017ce nie pomyli\u0142 gabinet\u00f3w ale\u00a0 jest w r\u0119kach fachowca. I zanim uda si\u0119 postawi\u0107 diagnoz\u0119, a to chwil\u0119 trwa, trzeba da\u0107 komu\u015b pewno\u015b\u0107 tego, \u017ce si\u0119 fachowo nim zaopiekuje. <\/span><\/p>\n<p lang=\"pl-PL\"><span style=\"font-size: 20px; font-family: book antiqua, palatino, serif;\">I nie chodzi tu o efekt placebo, o udawanie, obiecywanie gruszek na wierzbie, albo udawanie eksperta, podczas gdy w g\u0142owie siano. Nie chodzi te\u017c o manipulacj\u0119 albo o kreowanie w\u0142asnego wizerunku. Chodzi o to, \u017ce masz w\u0142a\u015bnie taki by\u0107, tak si\u0119 czu\u0107, bo to wida\u0107. Musisz by\u0107 pewny siebie, cho\u0107 to trudne. Ale nie jest niemo\u017cliwe. Gdy zwierz\u0119 si\u0119 boi, roztacza tego zapach, zdradza to jego pot. Rz\u0105dz\u0105 i nami hormony i inne substancje, gdy jeste\u015b pewny siebie wierz\u0119, \u017ce te\u017c to sygnalizujesz i chemicznie, i swoimi ruchami, zachowaniem, mikro gestami, czasem nawet czynisz to nie\u015bwiadomie. Nie jest tu mowa o pysze i zarozumia\u0142o\u015bci, ale o zwyk\u0142ej i zdrowej pewno\u015bci siebie i swoich gest\u00f3w, czyn\u00f3w.<\/span><\/p>\n<h2 lang=\"pl-PL\">Nie wszystko<\/h2>\n<p lang=\"pl-PL\"><span style=\"font-size: 20px; font-family: book antiqua, palatino, serif;\">Nie zawsze wszystko le\u017cy w naszych r\u0119kach i kompetencjach, ale bardzo cz\u0119sto mamy wp\u0142yw na to, co si\u0119 dzieje w naszym \u017cyciu. Cho\u0107 cz\u0119\u015bciej nie. Ka\u017cdy z nas ma za sob\u0105 co\u015b, co go przygniot\u0142o, ale jednocze\u015bnie po fakcie wzmocni\u0142o (albo ma te\u017c t\u0119 chwil\u0119 przed sob\u0105, niestety). Chodzi chyba o to, \u017ceby nie zapominaj\u0105c o swoim \u017cyciu, mie\u0107 jednak troch\u0119 szersz\u0105 perspektyw\u0119.<\/span><\/p>\n<h2 lang=\"pl-PL\">Przypowie\u015b\u0107<\/h2>\n<p lang=\"pl-PL\"><span style=\"font-size: 20px; font-family: book antiqua, palatino, serif;\">Pami\u0119tam z dzieci\u0144stwa opowiadanie, kt\u00f3re przypisywa\u0142em pisarzowi bajek moralizatorskich \u2013 Bruno Ferrero, a kt\u00f3re prawdopodobnie jest anonimow\u0105 przypowie\u015bci\u0105. Tak bajka zago\u015bci\u0142a w mojej g\u0142owie, nakazywa\u0142a nie patrze\u0107 na to, co mnie spotyka, w spos\u00f3b czarny lub bia\u0142y, ale jako z\u0142o\u017cono\u015b\u0107, co\u015b nie zawsze widocznego wprost. Po prostu tam, gdzie co\u015b wydaje mi si\u0119 tragedi\u0105, mo\u017ce by\u0107 drugie dno i sens, kt\u00f3ry jest zakryty przed moimi oczami, i mo\u017ce nigdy nie dowiem si\u0119, jaka by\u0142a prawda.<\/span><\/p>\n<blockquote>\n<p lang=\"pl-PL\"><span style=\"font-size: 20px; font-family: book antiqua, palatino, serif;\">&#8220;Dwa podr\u00f3\u017cuj\u0105ce anio\u0142y zatrzyma\u0142y si\u0119 na noc w domu bogatej rodziny. Rodzina by\u0142a niegrzeczna i odm\u00f3wi\u0142a anio\u0142om nocowania w pokoju dla go\u015bci, kt\u00f3ry znajdowa\u0142 si\u0119 w ich rezydencji.<\/span><\/p>\n<p lang=\"pl-PL\"><span style=\"font-size: 20px; font-family: book antiqua, palatino, serif;\">W zamian za to anio\u0142y dosta\u0142y miejsce w ma\u0142ej, zimnej piwnicy.<\/span><\/p>\n<p lang=\"pl-PL\"><span style=\"font-size: 20px; font-family: book antiqua, palatino, serif;\">Po przygotowaniu sobie miejsca do spania na twardej pod\u0142odze, starszy anio\u0142 zobaczy\u0142 dziur\u0119 w \u015bcianie i naprawi\u0142 j\u0105.<\/span><\/p>\n<p lang=\"pl-PL\"><span style=\"font-size: 20px; font-family: book antiqua, palatino, serif;\">Kiedy m\u0142odszy anio\u0142 zapyta\u0142a dlaczego to zrobi\u0142, starszy odpowiedzia\u0142: &lt;&lt;Rzeczy nie zawsze s\u0105 takie na jakie wygl\u0105daj\u0105.&gt;&gt;<\/span><\/p>\n<p lang=\"pl-PL\"><span style=\"font-size: 20px; font-family: book antiqua, palatino, serif;\">Nast\u0119pnej nocy anio\u0142y przyby\u0142y do biednego, ale bardzo go\u015bcinnego domu farmera i jego \u017cony, by tam odpocz\u0105\u0107.<\/span><\/p>\n<p lang=\"pl-PL\"><span style=\"font-size: 20px; font-family: book antiqua, palatino, serif;\">Po tym jak farmer podzieli\u0142 si\u0119 reszt\u0105 jedzenia jak\u0105 mia\u0142, pozwoli\u0142 spa\u0107 anio\u0142om w ich w\u0142asnym \u0142\u00f3\u017cku, gdzie mog\u0142y sobie odpocz\u0105\u0107.<\/span><\/p>\n<p lang=\"pl-PL\"><span style=\"font-size: 20px; font-family: book antiqua, palatino, serif;\">Kiedy nast\u0119pnego dnia wsta\u0142o s\u0142o\u0144ce, anio\u0142y znalaz\u0142y farmera i jego \u017con\u0119 zap\u0142akanych.<\/span><\/p>\n<p lang=\"pl-PL\"><span style=\"font-size: 20px; font-family: book antiqua, palatino, serif;\">Ich jedyna krowa, kt\u00f3rej mleko by\u0142o ich jedynym dochodem, le\u017ca\u0142a martwa na polu.<\/span><\/p>\n<p lang=\"pl-PL\"><span style=\"font-size: 20px; font-family: book antiqua, palatino, serif;\">M\u0142odszy anio\u0142 by\u0142 w szoku i zapyta\u0142 starszego anio\u0142a:<\/span><\/p>\n<p lang=\"pl-PL\"><span style=\"font-size: 20px; font-family: book antiqua, palatino, serif;\">&lt;&lt;Jak mog\u0142e\u015b do tego dopu\u015bci\u0107? Pierwsza rodzina mia\u0142a wszystko i pomog\u0142e\u015b im.&gt;&gt; \u2013 oskar\u017cy\u0142. &lt;&lt;Druga rodzina mia\u0142a niewiele i dzieli\u0142a si\u0119 tym, co mia\u0142a, a ty pozwoli\u0142e\u015b, aby jedyna ich krowa zdech\u0142a.&gt;&gt;<\/span><\/p>\n<p lang=\"pl-PL\"><span style=\"font-size: 20px; font-family: book antiqua, palatino, serif;\">&lt;&lt;Rzeczy nie zawsze s\u0105 takie na jakie wygl\u0105daj\u0105&gt;&gt; \u2013 odpowiedzia\u0142 starszy anio\u0142.<\/span><\/p>\n<p lang=\"pl-PL\"><span style=\"font-size: 20px; font-family: book antiqua, palatino, serif;\">&lt;&lt;Kiedy sp\u0119dzali\u015bmy noc w piwnicy tej rezydencji, zauwa\u017cy\u0142em \u017ce w tej dziurze w \u015bcianie by\u0142o schowane z\u0142oto. <\/span><span style=\"font-size: 20px; font-family: book antiqua, palatino, serif;\">Od czasu, kiedy w\u0142a\u015bciciel si\u0119 dorobi\u0142, sta\u0142 si\u0119 chciwcem niech\u0119tnym do tego, by dzieli\u0107 si\u0119 w\u0142asn\u0105 fortun\u0105. <\/span><span style=\"font-size: 20px; font-family: book antiqua, palatino, serif;\">W zwi\u0105zku z tym zaklei\u0142em t\u0119 dziur\u0119 w \u015bcianie, by nie m\u00f3g\u0142 znale\u017a\u0107 z\u0142ota znajduj\u0105cego si\u0119 tam. <\/span><span style=\"font-size: 20px; font-family: book antiqua, palatino, serif;\">W noc, kt\u00f3r\u0105 sp\u0119dzili\u015bmy w domu biednego farmera, Anio\u0142 \u015bmierci przyszed\u0142 po jego \u017con\u0119. <\/span><span style=\"font-size: 20px; font-family: book antiqua, palatino, serif;\">W zamian za ni\u0105 da\u0142em mu ich krow\u0119. Rzeczy nie zawsze s\u0105 takie na jakie wygl\u0105daj\u0105.&gt;&gt;\u201d<\/span><\/p>\n<p lang=\"pl-PL\">\n<\/blockquote>\n<h2 lang=\"pl-PL\">3 \u017cyciowe nauki wynikaj\u0105ce z tekstu:<\/h2>\n<ol>\n<li lang=\"pl-PL\"><span style=\"font-size: 20px; font-family: book antiqua, palatino;\">Na wiele rzeczy w naszym \u017cyciu nie mamy wp\u0142ywu, ale wiele mo\u017cemy z tym naszym \u017cyciem jednak zrobi\u0107.<\/span><\/li>\n<li lang=\"pl-PL\"><span style=\"font-size: 20px; font-family: book antiqua, palatino;\">Czasem nie wszystko jest takie, jak nam si\u0119 wydaje i na jakie wygl\u0105da (o czym m\u00f3wi ta zapisana tu opowiastka). Widzimy tylko fragment rzeczywisto\u015bci, ca\u0142o\u015b\u0107 mo\u017ce zobaczymy po \u015bmierci gdy B\u00f3g pozwoli.<\/span><\/li>\n<li lang=\"pl-PL\"><span style=\"font-size: 20px; font-family: book antiqua, palatino;\">Gdy to mo\u017cliwe, staraj si\u0119 odkry\u0107 w sobie tak\u0105 zdrow\u0105 pewno\u015b\u0107 siebie, pewno\u015b\u0107 swoich czyn\u00f3w<\/span><\/li>\n<\/ol>\n<p lang=\"pl-PL\">zdj\u0119cie na licencji CC0 pobra\u0142em z: <a href=\"https:\/\/www.pexels.com\/photo\/man-in-black-and-white-plaid-dress-shirt-standing-near-body-of-water-3170493\/\">www.pexels.com<\/a><\/p>\n","protected":false},"excerpt":{"rendered":"<p>Zdarza si\u0119, \u017ce w naszym \u017cyciu nast\u0119puje jaki\u015b punkt, pewna granica, za kt\u00f3r\u0105 jest jakie\u015b nowe \u017cycie. Czasem to otarcie si\u0119 o \u015bmier\u0107, nieraz zmuszaj\u0105&hellip; <\/p>\n","protected":false},"author":5,"featured_media":1899,"comment_status":"open","ping_status":"open","sticky":false,"template":"","format":"standard","meta":{"footnotes":""},"categories":[7],"tags":[80,148,213,585],"class_list":["post-1023","post","type-post","status-publish","format-standard","has-post-thumbnail","hentry","category-motywacja-i-rozwoj","tag-esej-2","tag-motywacja","tag-wiara","tag-zycie"],"yoast_head":"<!-- This site is optimized with the Yoast SEO plugin v27.2 - https:\/\/yoast.com\/product\/yoast-seo-wordpress\/ -->\n<title>Drugiego \u017cycia nie b\u0119dzie. Czy na wszystko w naszym \u017cyciu mamy wp\u0142yw? 3 \u017cyciowe nauki - Poza Logik\u0105 - wiara i samorozw\u00f3j z dusz\u0105 i cia\u0142em<\/title>\n<meta name=\"description\" content=\"W \u017cyciu na wiele rzeczy mamy wp\u0142yw, na wiele nie. Jak odkry\u0107 ten z\u0142oty \u015brodek? Jak nie za\u0142ama\u0107 si\u0119 tym, co od nas nie jest zale\u017cne?\" \/>\n<meta name=\"robots\" content=\"index, follow, max-snippet:-1, max-image-preview:large, max-video-preview:-1\" \/>\n<link rel=\"canonical\" href=\"https:\/\/pozalogika.pl\/index.php\/2019\/11\/06\/nie-przezyje-drugi-raz-swojego-zycia\/\" \/>\n<meta property=\"og:locale\" content=\"pl_PL\" \/>\n<meta property=\"og:type\" content=\"article\" \/>\n<meta property=\"og:title\" content=\"Drugiego \u017cycia nie b\u0119dzie. Czy na wszystko w naszym \u017cyciu mamy wp\u0142yw? 3 \u017cyciowe nauki - Poza Logik\u0105 - wiara i samorozw\u00f3j z dusz\u0105 i cia\u0142em\" \/>\n<meta property=\"og:description\" content=\"W \u017cyciu na wiele rzeczy mamy wp\u0142yw, na wiele nie. Jak odkry\u0107 ten z\u0142oty \u015brodek? Jak nie za\u0142ama\u0107 si\u0119 tym, co od nas nie jest zale\u017cne?\" \/>\n<meta property=\"og:url\" content=\"https:\/\/pozalogika.pl\/index.php\/2019\/11\/06\/nie-przezyje-drugi-raz-swojego-zycia\/\" \/>\n<meta property=\"og:site_name\" content=\"Poza Logik\u0105 - wiara i samorozw\u00f3j z dusz\u0105 i cia\u0142em\" \/>\n<meta property=\"article:publisher\" content=\"https:\/\/www.facebook.com\/pozalogika\" \/>\n<meta property=\"article:published_time\" content=\"2019-11-06T22:57:05+00:00\" \/>\n<meta property=\"article:modified_time\" content=\"2026-04-09T13:45:29+00:00\" \/>\n<meta property=\"og:image\" content=\"http:\/\/pozalogika.pl\/wp-content\/uploads\/2019\/11\/pexels-photo-3170493.jpeg\" \/>\n\t<meta property=\"og:image:width\" content=\"1880\" \/>\n\t<meta property=\"og:image:height\" content=\"1253\" \/>\n\t<meta property=\"og:image:type\" content=\"image\/jpeg\" \/>\n<meta name=\"author\" content=\"Dariusz Oko\u0144\" \/>\n<meta name=\"twitter:card\" content=\"summary_large_image\" \/>\n<meta name=\"twitter:label1\" content=\"Napisane przez\" \/>\n\t<meta name=\"twitter:data1\" content=\"Dariusz Oko\u0144\" \/>\n\t<meta name=\"twitter:label2\" content=\"Szacowany czas czytania\" \/>\n\t<meta name=\"twitter:data2\" content=\"5 minut\" \/>\n<script type=\"application\/ld+json\" class=\"yoast-schema-graph\">{\"@context\":\"https:\/\/schema.org\",\"@graph\":[{\"@type\":\"Article\",\"@id\":\"https:\/\/pozalogika.pl\/index.php\/2019\/11\/06\/nie-przezyje-drugi-raz-swojego-zycia\/#article\",\"isPartOf\":{\"@id\":\"https:\/\/pozalogika.pl\/index.php\/2019\/11\/06\/nie-przezyje-drugi-raz-swojego-zycia\/\"},\"author\":{\"name\":\"Dariusz Oko\u0144\",\"@id\":\"https:\/\/pozalogika.pl\/#\/schema\/person\/a3fc4ed50c036545e08d15943bf496f6\"},\"headline\":\"Drugiego \u017cycia nie b\u0119dzie. Czy na wszystko w naszym \u017cyciu mamy wp\u0142yw? 3 \u017cyciowe nauki\",\"datePublished\":\"2019-11-06T22:57:05+00:00\",\"dateModified\":\"2026-04-09T13:45:29+00:00\",\"mainEntityOfPage\":{\"@id\":\"https:\/\/pozalogika.pl\/index.php\/2019\/11\/06\/nie-przezyje-drugi-raz-swojego-zycia\/\"},\"wordCount\":1143,\"commentCount\":0,\"publisher\":{\"@id\":\"https:\/\/pozalogika.pl\/#organization\"},\"image\":{\"@id\":\"https:\/\/pozalogika.pl\/index.php\/2019\/11\/06\/nie-przezyje-drugi-raz-swojego-zycia\/#primaryimage\"},\"thumbnailUrl\":\"https:\/\/pozalogika.pl\/wp-content\/uploads\/2019\/11\/pexels-photo-3170493.jpeg\",\"keywords\":[\"esej\",\"motywacja\",\"Wiara\",\"\u017cycie\"],\"articleSection\":[\"Motywacja i rozw\u00f3j\"],\"inLanguage\":\"pl-PL\",\"potentialAction\":[{\"@type\":\"CommentAction\",\"name\":\"Comment\",\"target\":[\"https:\/\/pozalogika.pl\/index.php\/2019\/11\/06\/nie-przezyje-drugi-raz-swojego-zycia\/#respond\"]}]},{\"@type\":\"WebPage\",\"@id\":\"https:\/\/pozalogika.pl\/index.php\/2019\/11\/06\/nie-przezyje-drugi-raz-swojego-zycia\/\",\"url\":\"https:\/\/pozalogika.pl\/index.php\/2019\/11\/06\/nie-przezyje-drugi-raz-swojego-zycia\/\",\"name\":\"Drugiego \u017cycia nie b\u0119dzie. Czy na wszystko w naszym \u017cyciu mamy wp\u0142yw? 3 \u017cyciowe nauki - Poza Logik\u0105 - wiara i samorozw\u00f3j z dusz\u0105 i cia\u0142em\",\"isPartOf\":{\"@id\":\"https:\/\/pozalogika.pl\/#website\"},\"primaryImageOfPage\":{\"@id\":\"https:\/\/pozalogika.pl\/index.php\/2019\/11\/06\/nie-przezyje-drugi-raz-swojego-zycia\/#primaryimage\"},\"image\":{\"@id\":\"https:\/\/pozalogika.pl\/index.php\/2019\/11\/06\/nie-przezyje-drugi-raz-swojego-zycia\/#primaryimage\"},\"thumbnailUrl\":\"https:\/\/pozalogika.pl\/wp-content\/uploads\/2019\/11\/pexels-photo-3170493.jpeg\",\"datePublished\":\"2019-11-06T22:57:05+00:00\",\"dateModified\":\"2026-04-09T13:45:29+00:00\",\"description\":\"W \u017cyciu na wiele rzeczy mamy wp\u0142yw, na wiele nie. Jak odkry\u0107 ten z\u0142oty \u015brodek? Jak nie za\u0142ama\u0107 si\u0119 tym, co od nas nie jest zale\u017cne?\",\"breadcrumb\":{\"@id\":\"https:\/\/pozalogika.pl\/index.php\/2019\/11\/06\/nie-przezyje-drugi-raz-swojego-zycia\/#breadcrumb\"},\"inLanguage\":\"pl-PL\",\"potentialAction\":[{\"@type\":\"ReadAction\",\"target\":[\"https:\/\/pozalogika.pl\/index.php\/2019\/11\/06\/nie-przezyje-drugi-raz-swojego-zycia\/\"]}]},{\"@type\":\"ImageObject\",\"inLanguage\":\"pl-PL\",\"@id\":\"https:\/\/pozalogika.pl\/index.php\/2019\/11\/06\/nie-przezyje-drugi-raz-swojego-zycia\/#primaryimage\",\"url\":\"https:\/\/pozalogika.pl\/wp-content\/uploads\/2019\/11\/pexels-photo-3170493.jpeg\",\"contentUrl\":\"https:\/\/pozalogika.pl\/wp-content\/uploads\/2019\/11\/pexels-photo-3170493.jpeg\",\"width\":1880,\"height\":1253,\"caption\":\"W \u017cyciu na wiele rzeczy mamy wp\u0142yw, na wiele nie. Na zdj\u0119ciu ch\u0142opak stoj\u0105cy w mglisty dzie\u0144 nad stawem, robi zdj\u0119cie.\"},{\"@type\":\"BreadcrumbList\",\"@id\":\"https:\/\/pozalogika.pl\/index.php\/2019\/11\/06\/nie-przezyje-drugi-raz-swojego-zycia\/#breadcrumb\",\"itemListElement\":[{\"@type\":\"ListItem\",\"position\":1,\"name\":\"Strona g\u0142\u00f3wna\",\"item\":\"https:\/\/pozalogika.pl\/\"},{\"@type\":\"ListItem\",\"position\":2,\"name\":\"Drugiego \u017cycia nie b\u0119dzie. Czy na wszystko w naszym \u017cyciu mamy wp\u0142yw? 3 \u017cyciowe nauki\"}]},{\"@type\":\"WebSite\",\"@id\":\"https:\/\/pozalogika.pl\/#website\",\"url\":\"https:\/\/pozalogika.pl\/\",\"name\":\"Poza Logik\u0105\",\"description\":\"\",\"publisher\":{\"@id\":\"https:\/\/pozalogika.pl\/#organization\"},\"potentialAction\":[{\"@type\":\"SearchAction\",\"target\":{\"@type\":\"EntryPoint\",\"urlTemplate\":\"https:\/\/pozalogika.pl\/?s={search_term_string}\"},\"query-input\":{\"@type\":\"PropertyValueSpecification\",\"valueRequired\":true,\"valueName\":\"search_term_string\"}}],\"inLanguage\":\"pl-PL\"},{\"@type\":\"Organization\",\"@id\":\"https:\/\/pozalogika.pl\/#organization\",\"name\":\"Poza Logik\u0105. Chrze\u015bcija\u0144ski coaching i wiara\",\"url\":\"https:\/\/pozalogika.pl\/\",\"logo\":{\"@type\":\"ImageObject\",\"inLanguage\":\"pl-PL\",\"@id\":\"https:\/\/pozalogika.pl\/#\/schema\/logo\/image\/\",\"url\":\"http:\/\/pozalogika.pl\/wp-content\/uploads\/2025\/03\/img_1_1742766565195.jpg\",\"contentUrl\":\"http:\/\/pozalogika.pl\/wp-content\/uploads\/2025\/03\/img_1_1742766565195.jpg\",\"width\":1070,\"height\":1070,\"caption\":\"Poza Logik\u0105. Chrze\u015bcija\u0144ski coaching i wiara\"},\"image\":{\"@id\":\"https:\/\/pozalogika.pl\/#\/schema\/logo\/image\/\"},\"sameAs\":[\"https:\/\/www.facebook.com\/pozalogika\"]},{\"@type\":\"Person\",\"@id\":\"https:\/\/pozalogika.pl\/#\/schema\/person\/a3fc4ed50c036545e08d15943bf496f6\",\"name\":\"Dariusz Oko\u0144\",\"image\":{\"@type\":\"ImageObject\",\"inLanguage\":\"pl-PL\",\"@id\":\"https:\/\/secure.gravatar.com\/avatar\/33edefc54f8320a9493600e3afc4b35fc0cafa03b2709262ba52bc75541ad90c?s=96&d=mm&r=g\",\"url\":\"https:\/\/secure.gravatar.com\/avatar\/33edefc54f8320a9493600e3afc4b35fc0cafa03b2709262ba52bc75541ad90c?s=96&d=mm&r=g\",\"contentUrl\":\"https:\/\/secure.gravatar.com\/avatar\/33edefc54f8320a9493600e3afc4b35fc0cafa03b2709262ba52bc75541ad90c?s=96&d=mm&r=g\",\"caption\":\"Dariusz Oko\u0144\"},\"url\":\"https:\/\/pozalogika.pl\/index.php\/author\/dokon\/\"}]}<\/script>\n<!-- \/ Yoast SEO plugin. -->","yoast_head_json":{"title":"Drugiego \u017cycia nie b\u0119dzie. Czy na wszystko w naszym \u017cyciu mamy wp\u0142yw? 3 \u017cyciowe nauki - Poza Logik\u0105 - wiara i samorozw\u00f3j z dusz\u0105 i cia\u0142em","description":"W \u017cyciu na wiele rzeczy mamy wp\u0142yw, na wiele nie. Jak odkry\u0107 ten z\u0142oty \u015brodek? Jak nie za\u0142ama\u0107 si\u0119 tym, co od nas nie jest zale\u017cne?","robots":{"index":"index","follow":"follow","max-snippet":"max-snippet:-1","max-image-preview":"max-image-preview:large","max-video-preview":"max-video-preview:-1"},"canonical":"https:\/\/pozalogika.pl\/index.php\/2019\/11\/06\/nie-przezyje-drugi-raz-swojego-zycia\/","og_locale":"pl_PL","og_type":"article","og_title":"Drugiego \u017cycia nie b\u0119dzie. Czy na wszystko w naszym \u017cyciu mamy wp\u0142yw? 3 \u017cyciowe nauki - Poza Logik\u0105 - wiara i samorozw\u00f3j z dusz\u0105 i cia\u0142em","og_description":"W \u017cyciu na wiele rzeczy mamy wp\u0142yw, na wiele nie. Jak odkry\u0107 ten z\u0142oty \u015brodek? Jak nie za\u0142ama\u0107 si\u0119 tym, co od nas nie jest zale\u017cne?","og_url":"https:\/\/pozalogika.pl\/index.php\/2019\/11\/06\/nie-przezyje-drugi-raz-swojego-zycia\/","og_site_name":"Poza Logik\u0105 - wiara i samorozw\u00f3j z dusz\u0105 i cia\u0142em","article_publisher":"https:\/\/www.facebook.com\/pozalogika","article_published_time":"2019-11-06T22:57:05+00:00","article_modified_time":"2026-04-09T13:45:29+00:00","og_image":[{"width":1880,"height":1253,"url":"http:\/\/pozalogika.pl\/wp-content\/uploads\/2019\/11\/pexels-photo-3170493.jpeg","type":"image\/jpeg"}],"author":"Dariusz Oko\u0144","twitter_card":"summary_large_image","twitter_misc":{"Napisane przez":"Dariusz Oko\u0144","Szacowany czas czytania":"5 minut"},"schema":{"@context":"https:\/\/schema.org","@graph":[{"@type":"Article","@id":"https:\/\/pozalogika.pl\/index.php\/2019\/11\/06\/nie-przezyje-drugi-raz-swojego-zycia\/#article","isPartOf":{"@id":"https:\/\/pozalogika.pl\/index.php\/2019\/11\/06\/nie-przezyje-drugi-raz-swojego-zycia\/"},"author":{"name":"Dariusz Oko\u0144","@id":"https:\/\/pozalogika.pl\/#\/schema\/person\/a3fc4ed50c036545e08d15943bf496f6"},"headline":"Drugiego \u017cycia nie b\u0119dzie. Czy na wszystko w naszym \u017cyciu mamy wp\u0142yw? 3 \u017cyciowe nauki","datePublished":"2019-11-06T22:57:05+00:00","dateModified":"2026-04-09T13:45:29+00:00","mainEntityOfPage":{"@id":"https:\/\/pozalogika.pl\/index.php\/2019\/11\/06\/nie-przezyje-drugi-raz-swojego-zycia\/"},"wordCount":1143,"commentCount":0,"publisher":{"@id":"https:\/\/pozalogika.pl\/#organization"},"image":{"@id":"https:\/\/pozalogika.pl\/index.php\/2019\/11\/06\/nie-przezyje-drugi-raz-swojego-zycia\/#primaryimage"},"thumbnailUrl":"https:\/\/pozalogika.pl\/wp-content\/uploads\/2019\/11\/pexels-photo-3170493.jpeg","keywords":["esej","motywacja","Wiara","\u017cycie"],"articleSection":["Motywacja i rozw\u00f3j"],"inLanguage":"pl-PL","potentialAction":[{"@type":"CommentAction","name":"Comment","target":["https:\/\/pozalogika.pl\/index.php\/2019\/11\/06\/nie-przezyje-drugi-raz-swojego-zycia\/#respond"]}]},{"@type":"WebPage","@id":"https:\/\/pozalogika.pl\/index.php\/2019\/11\/06\/nie-przezyje-drugi-raz-swojego-zycia\/","url":"https:\/\/pozalogika.pl\/index.php\/2019\/11\/06\/nie-przezyje-drugi-raz-swojego-zycia\/","name":"Drugiego \u017cycia nie b\u0119dzie. Czy na wszystko w naszym \u017cyciu mamy wp\u0142yw? 3 \u017cyciowe nauki - Poza Logik\u0105 - wiara i samorozw\u00f3j z dusz\u0105 i cia\u0142em","isPartOf":{"@id":"https:\/\/pozalogika.pl\/#website"},"primaryImageOfPage":{"@id":"https:\/\/pozalogika.pl\/index.php\/2019\/11\/06\/nie-przezyje-drugi-raz-swojego-zycia\/#primaryimage"},"image":{"@id":"https:\/\/pozalogika.pl\/index.php\/2019\/11\/06\/nie-przezyje-drugi-raz-swojego-zycia\/#primaryimage"},"thumbnailUrl":"https:\/\/pozalogika.pl\/wp-content\/uploads\/2019\/11\/pexels-photo-3170493.jpeg","datePublished":"2019-11-06T22:57:05+00:00","dateModified":"2026-04-09T13:45:29+00:00","description":"W \u017cyciu na wiele rzeczy mamy wp\u0142yw, na wiele nie. Jak odkry\u0107 ten z\u0142oty \u015brodek? Jak nie za\u0142ama\u0107 si\u0119 tym, co od nas nie jest zale\u017cne?","breadcrumb":{"@id":"https:\/\/pozalogika.pl\/index.php\/2019\/11\/06\/nie-przezyje-drugi-raz-swojego-zycia\/#breadcrumb"},"inLanguage":"pl-PL","potentialAction":[{"@type":"ReadAction","target":["https:\/\/pozalogika.pl\/index.php\/2019\/11\/06\/nie-przezyje-drugi-raz-swojego-zycia\/"]}]},{"@type":"ImageObject","inLanguage":"pl-PL","@id":"https:\/\/pozalogika.pl\/index.php\/2019\/11\/06\/nie-przezyje-drugi-raz-swojego-zycia\/#primaryimage","url":"https:\/\/pozalogika.pl\/wp-content\/uploads\/2019\/11\/pexels-photo-3170493.jpeg","contentUrl":"https:\/\/pozalogika.pl\/wp-content\/uploads\/2019\/11\/pexels-photo-3170493.jpeg","width":1880,"height":1253,"caption":"W \u017cyciu na wiele rzeczy mamy wp\u0142yw, na wiele nie. Na zdj\u0119ciu ch\u0142opak stoj\u0105cy w mglisty dzie\u0144 nad stawem, robi zdj\u0119cie."},{"@type":"BreadcrumbList","@id":"https:\/\/pozalogika.pl\/index.php\/2019\/11\/06\/nie-przezyje-drugi-raz-swojego-zycia\/#breadcrumb","itemListElement":[{"@type":"ListItem","position":1,"name":"Strona g\u0142\u00f3wna","item":"https:\/\/pozalogika.pl\/"},{"@type":"ListItem","position":2,"name":"Drugiego \u017cycia nie b\u0119dzie. Czy na wszystko w naszym \u017cyciu mamy wp\u0142yw? 3 \u017cyciowe nauki"}]},{"@type":"WebSite","@id":"https:\/\/pozalogika.pl\/#website","url":"https:\/\/pozalogika.pl\/","name":"Poza Logik\u0105","description":"","publisher":{"@id":"https:\/\/pozalogika.pl\/#organization"},"potentialAction":[{"@type":"SearchAction","target":{"@type":"EntryPoint","urlTemplate":"https:\/\/pozalogika.pl\/?s={search_term_string}"},"query-input":{"@type":"PropertyValueSpecification","valueRequired":true,"valueName":"search_term_string"}}],"inLanguage":"pl-PL"},{"@type":"Organization","@id":"https:\/\/pozalogika.pl\/#organization","name":"Poza Logik\u0105. Chrze\u015bcija\u0144ski coaching i wiara","url":"https:\/\/pozalogika.pl\/","logo":{"@type":"ImageObject","inLanguage":"pl-PL","@id":"https:\/\/pozalogika.pl\/#\/schema\/logo\/image\/","url":"http:\/\/pozalogika.pl\/wp-content\/uploads\/2025\/03\/img_1_1742766565195.jpg","contentUrl":"http:\/\/pozalogika.pl\/wp-content\/uploads\/2025\/03\/img_1_1742766565195.jpg","width":1070,"height":1070,"caption":"Poza Logik\u0105. Chrze\u015bcija\u0144ski coaching i wiara"},"image":{"@id":"https:\/\/pozalogika.pl\/#\/schema\/logo\/image\/"},"sameAs":["https:\/\/www.facebook.com\/pozalogika"]},{"@type":"Person","@id":"https:\/\/pozalogika.pl\/#\/schema\/person\/a3fc4ed50c036545e08d15943bf496f6","name":"Dariusz Oko\u0144","image":{"@type":"ImageObject","inLanguage":"pl-PL","@id":"https:\/\/secure.gravatar.com\/avatar\/33edefc54f8320a9493600e3afc4b35fc0cafa03b2709262ba52bc75541ad90c?s=96&d=mm&r=g","url":"https:\/\/secure.gravatar.com\/avatar\/33edefc54f8320a9493600e3afc4b35fc0cafa03b2709262ba52bc75541ad90c?s=96&d=mm&r=g","contentUrl":"https:\/\/secure.gravatar.com\/avatar\/33edefc54f8320a9493600e3afc4b35fc0cafa03b2709262ba52bc75541ad90c?s=96&d=mm&r=g","caption":"Dariusz Oko\u0144"},"url":"https:\/\/pozalogika.pl\/index.php\/author\/dokon\/"}]}},"_links":{"self":[{"href":"https:\/\/pozalogika.pl\/index.php\/wp-json\/wp\/v2\/posts\/1023","targetHints":{"allow":["GET"]}}],"collection":[{"href":"https:\/\/pozalogika.pl\/index.php\/wp-json\/wp\/v2\/posts"}],"about":[{"href":"https:\/\/pozalogika.pl\/index.php\/wp-json\/wp\/v2\/types\/post"}],"author":[{"embeddable":true,"href":"https:\/\/pozalogika.pl\/index.php\/wp-json\/wp\/v2\/users\/5"}],"replies":[{"embeddable":true,"href":"https:\/\/pozalogika.pl\/index.php\/wp-json\/wp\/v2\/comments?post=1023"}],"version-history":[{"count":4,"href":"https:\/\/pozalogika.pl\/index.php\/wp-json\/wp\/v2\/posts\/1023\/revisions"}],"predecessor-version":[{"id":3057,"href":"https:\/\/pozalogika.pl\/index.php\/wp-json\/wp\/v2\/posts\/1023\/revisions\/3057"}],"wp:featuredmedia":[{"embeddable":true,"href":"https:\/\/pozalogika.pl\/index.php\/wp-json\/wp\/v2\/media\/1899"}],"wp:attachment":[{"href":"https:\/\/pozalogika.pl\/index.php\/wp-json\/wp\/v2\/media?parent=1023"}],"wp:term":[{"taxonomy":"category","embeddable":true,"href":"https:\/\/pozalogika.pl\/index.php\/wp-json\/wp\/v2\/categories?post=1023"},{"taxonomy":"post_tag","embeddable":true,"href":"https:\/\/pozalogika.pl\/index.php\/wp-json\/wp\/v2\/tags?post=1023"}],"curies":[{"name":"wp","href":"https:\/\/api.w.org\/{rel}","templated":true}]}}