{"id":1187,"date":"2022-01-26T21:25:24","date_gmt":"2022-01-26T20:25:24","guid":{"rendered":"http:\/\/pozalogika.pl\/?p=1187"},"modified":"2026-04-09T14:12:57","modified_gmt":"2026-04-09T14:12:57","slug":"reportaz-olga-gitkiewicz","status":"publish","type":"post","link":"https:\/\/pozalogika.pl\/index.php\/2022\/01\/26\/reportaz-olga-gitkiewicz\/","title":{"rendered":"Reporta\u017c ,,Nie zd\u0105\u017c\u0119&#8221; O. Gitkiewicz i 9 moich wyzna\u0144, czyli wykolejanie kolei"},"content":{"rendered":"\n<figure class=\"wp-block-image size-large\"><img loading=\"lazy\" decoding=\"async\" width=\"1080\" height=\"811\" src=\"https:\/\/pozalogika.pl\/wp-content\/uploads\/2024\/09\/Screenshot_2024-09-23-22-50-15-687_com.instagram.android-edited.jpg\" alt=\"Reporta\u017c Olgi Gitkiewicz ,,Nie zd\u0105\u017c\u0119&quot;\" class=\"wp-image-1871\" srcset=\"https:\/\/pozalogika.pl\/wp-content\/uploads\/2024\/09\/Screenshot_2024-09-23-22-50-15-687_com.instagram.android-edited.jpg 1080w, https:\/\/pozalogika.pl\/wp-content\/uploads\/2024\/09\/Screenshot_2024-09-23-22-50-15-687_com.instagram.android-edited-300x225.jpg 300w, https:\/\/pozalogika.pl\/wp-content\/uploads\/2024\/09\/Screenshot_2024-09-23-22-50-15-687_com.instagram.android-edited-1024x769.jpg 1024w, https:\/\/pozalogika.pl\/wp-content\/uploads\/2024\/09\/Screenshot_2024-09-23-22-50-15-687_com.instagram.android-edited-768x577.jpg 768w\" sizes=\"auto, (max-width: 1080px) 100vw, 1080px\" \/><\/figure>\n\n\n\n<p><\/p>\n\n\n\n<p class=\"has-drop-cap\" style=\"font-size:22px\"><strong>Reporta\u017c &#8220;Nie ha\u0144bi&#8221; Olgi Gitkiewicz rozpocz\u0105\u0142 m\u00f3j rok 2021 &#8211; to \u015bwietny reporta\u017c o pracy. Reporta\u017c dobrze napisany, ale przygn\u0119biaj\u0105cy. Bo jak o pracy to te\u017c o wyzysku, o braku godno\u015bci pracownika, o wypaleniu, skandalicznych warunkach, poni\u017ceniu, nieprzestrzeganiu norm bezpiecze\u0144stwa. Rok 2021 ko\u0144czy\u0142em z ksi\u0105\u017ck\u0105 &#8220;Nie zd\u0105\u017c\u0119&#8221; r\u00f3wnie\u017c Olgi Gitkiewicz.<\/strong> <strong>Reporta\u017c o wykluczeniu. A na deser moje 9 komunikacyjnych wyzna\u0144<\/strong>.&nbsp;<\/p>\n\n\n\n<!--more-->\n\n\n\n<p style=\"font-size:22px\">Reporta\u017c o wykluczeniu komunikacyjnym &#8211; tak ksi\u0105\u017ck\u0119 promowano. Ale nie tylko. Wst\u0119p to og\u00f3lne pokazanie problemu: komunikacji miejskiej i jej wypierania przez auta, \u017cycie pieszych, niebezpieczne drogi, zat\u0142oczenie jezdni w miastach, wypadki rowerzyst\u00f3w, zbytnia pewno\u015b\u0107 siebie kierowc\u00f3w aut. Kto nie straci\u0142by \u017cycia na przej\u015bciu dla pieszych, na zielonym \u015bwietle, tak z 10 razy w ci\u0105gu roku niech pierwszy krzyknie. Kto nie sp\u00f3\u017ani\u0142 si\u0119 gdzie\u015b z winy komunikacji miejskiej lub poci\u0105gu? Zanim dojdziemy do problemu wykluczenia komunikacyjnego, musimy pozna\u0107 genez\u0119 tych zjawisk. A ta jest bogata. Sam temat wykluczenia komunikacyjnego to tylko fragment wi\u0119kszej uk\u0142adanki, kt\u00f3rej elementami s\u0105 nieracjonalne decyzje, czasem brak pomys\u0142u, czasem oszcz\u0119dno\u015b\u0107, niby pr\u00f3ba rozwi\u0105zania problem\u00f3w a tymczasem jeszcze ich pog\u0142\u0119bienie przez cho\u0107by biurokracj\u0119, r\u00f3\u017cne pr\u00f3by usprawnienia komunikacji publicznej, oddolne inicjatywy obywatelskie ale jednocze\u015bnie op\u00f3r na wy\u017cszym szczeblu, upolitycznienie np. kolei. O kolei jest zreszt\u0105 ca\u0142kiem sporo: to opowie\u015bci pracownik\u00f3w np. maszynisty, ale i lokalnych dzia\u0142aczy. Fascynuj\u0105cy jest rozdzia\u0142 o &#8220;wygaszaniu popytu&#8221; na kolej, ale i o sprywatyzowaniu kolei, utworzeniu wielu sp\u00f3\u0142ek, likwidacji po\u0142\u0105cze\u0144, problem\u00f3w z zarz\u0105dzaniem. I wielu absurdach.&nbsp;<\/p>\n\n\n\n<h2 class=\"wp-block-heading\">Reporta\u017c a ludzie<\/h2>\n\n\n\n<p style=\"font-size:22px\">Z jednej strony natrafiamy na pe\u0142n\u0105 otwarto\u015bci postaw\u0119 pracownik\u00f3w kolei, kt\u00f3rzy s\u0142u\u017c\u0105, chc\u0105 pomaga\u0107, czuj\u0105 odpowiedzialno\u015b\u0107 ale, jak przyznaj\u0105, pasa\u017cer jest tu przygnieciony przez procedury, biurokracj\u0119. To te\u017c op\u00f3r podczas pukania do drzwi urz\u0119dnik\u00f3w. Ale nie tylko. Bo s\u0105 pomys\u0142y lepsze i gorsze na to, jak reanimowa\u0107 kolej, pr\u00f3bowa\u0107 robi\u0107 cokolwiek,by to jeszcze podtrzymywa\u0107 przy \u017cyciu.&nbsp;<\/p>\n\n\n\n<h2 class=\"wp-block-heading\">Jak Polska d\u0142uga&#8230; nie tylko w reporta\u017cu<\/h2>\n\n\n\n<p style=\"font-size:22px\">Autorka przemierzy\u0142a kawa\u0142 Polski, przepyta\u0142a mn\u00f3stwo ludzi, sw\u00f3j reporta\u017c opar\u0142a na wielu \u017ar\u00f3d\u0142ach. Przy czym stara\u0142a si\u0119 pokaza\u0107 wiele twarzy nie tylko polskiego wykluczenia komunikacyjnego (co mo\u017ce sugerowa\u0107 tytu\u0142, ale i ten temat jako wiod\u0105cy by\u0142 przedstawiany w odniesieniu do tej ksi\u0105\u017cki). Owszem, wszystko si\u0119 sprowadza finalnie do tego, ale jest to ksi\u0105\u017cka o polskim transporcie i przemieszczaniu si\u0119 w og\u00f3le: o prywatnym segmencie komunikacyjnym, o pks-ach i ich upadku, o kolei, o autach. O naszym przemieszczaniu si\u0119, nie zapominaj\u0105c o zagadnieniach socjologicznych. Olga Gitkiewicz pokaza\u0142a z\u0142o\u017cono\u015b\u0107 tych problem\u00f3w, wszystko tu ma dwie strony. Pocz\u0105tkowo my\u015bla\u0142em, \u017ce transport publiczny wypar\u0142y auta, p\u00f3\u017aniej zada\u0142em sobie pytanie, czy ta wszechobecno\u015b\u0107 aut to nie jest przypadkiem p\u0142acz, rezygnacja i poddanie si\u0119 z powodu komunikacyjnego wykluczenia wielu os\u00f3b, szczeg\u00f3lnie tych z obszar\u00f3w wiejskich. Ko\u0142o si\u0119 zamyka, je\u015bli transport publiczny b\u0119dzie niewydolny b\u0119d\u0105 nas zalewa\u0142y auta. Je\u015bli b\u0119d\u0105 nas zalewa\u0142y auta, \u015brodk\u00f3w transportu zbiorowego b\u0119dzie coraz mniej.&nbsp;<\/p>\n\n\n\n<h2 class=\"wp-block-heading\">Podsumowanie, czyli dla kogo ten reporta\u017c?<\/h2>\n\n\n\n<p style=\"font-size:22px\">Ciekawy reporta\u017c dla wszystkich podr\u00f3\u017cnych, ale bardzo bym chcia\u0142, \u017ceby przeczytali go r\u00f3\u017cni miejscy czy powiatowi radni, marsza\u0142kowie wojew\u00f3dztw, parlamentarzy\u015bci, w\u0142odarze miast, pracownicy kolei maj\u0105cy realny wp\u0142yw na zarz\u0105dzanie PKP. Nie tylko przed wyborami ale w og\u00f3le: jako ludzie, a dopiero p\u00f3\u017aniej jako osoby decyzyjne, kt\u00f3re maj\u0105 wp\u0142yw na zarz\u0105dzanie swoim &#8220;ogr\u00f3dkiem&#8221;. Dla mnie reporta\u017c Olgi Gitkiewicz to taka opowie\u015b\u0107 w wigili\u0119 katastrofy: nie jest dobrze, zmierza to do coraz wi\u0119kszego wykluczenia komunikacyjnego ale jeszcze mo\u017cna ratowa\u0107, co si\u0119 da.&nbsp;<\/p>\n\n\n\n<h2 class=\"wp-block-heading\">9 moich komunikacyjnych wyzna\u0144<\/h2>\n\n\n\n<p style=\"font-size:22px\"><strong>Na koniec kilka moich prywatnych narzeka\u0144, reporta\u017c Olgi Gitkiewicz kilka flashback\u00f3w we mnie rozbudzi\u0142.<\/strong><\/p>\n\n\n\n<h3 class=\"wp-block-heading\" style=\"font-size:18px\"><strong>Wyznanie pierwsze: <\/strong><\/h3>\n\n\n\n<p style=\"font-size:22px\">reforma s\u0105downictwa w moim mie\u015bcie kilka lat temu, s\u0105d zosta\u0142 zlikwidowany, rozprawy w malutkim miasteczku oddalonym o kilkana\u015bcie kilometr\u00f3w (miasto mniejsze od mojego, ale w moim s\u0105d zlikwidowano i niech inni je\u017cd\u017c\u0105 gdzie\u015b indziej). Komunikacja? Jeden bus, kt\u00f3ry je\u017adzi dwa lub trzy razy dziennie. Czy jutro jedzie? Nie wiadomo, trzeba dzwoni\u0107 i pyta\u0107 bo pan je\u017adzi prywatnie.<\/p>\n\n\n\n<h3 class=\"wp-block-heading\" style=\"font-size:18px\"><strong>Wyznanie drugie:<\/strong> <\/h3>\n\n\n\n<p style=\"font-size:22px\">w moim mie\u015bcie jest poczekalnia i kasa biletowa. Kiedy\u015b by\u0142a otwarta do p\u00f3\u017ana, ale stwierdzono \u017ce siedz\u0105 tam bezdomni to skr\u00f3cono godziny otwarcia. Potem skr\u00f3cono je jeszcze bardziej. A gdy przysz\u0142a epidemia covid to zamkni\u0119to do odwo\u0142ania i ju\u017c jest zamkni\u0119ta drugi rok. Ta poczekalnia\/kasa biletowa\/informacja jest na trasie Katowice\/Krak\u00f3w\/Kielce\/Wroc\u0142aw\/\u015awinouj\u015bcie\/Szczecin\/Bydgoszcz &#8211; Lublin (a wi\u0119c no taki stosunkowo wa\u017cny odcinek je\u015bli kto\u015b do Na\u0142\u0119czowa na rehabilitacj\u0119 czy jako student lub pracownik naukowy na konferencj\u0119 do Lublina). I kiedy\u015b luty, oko\u0142o -15 stopni, niedziela, 22:00 stoj\u0119 na mrozie i czekam na op\u00f3\u017aniony 40 minut poci\u0105g a kilka metr\u00f3w dalej grupa 10 os\u00f3b o gor\u0105cych temperamentach (Hiszpania? Brazylia?), \u015bmieje si\u0119, biega po \u015bniegu, widocznie gdzie\u015b \u017ale wsiedli i trafili tu w drodze na studia do Lublina. Godzina odjazdu min\u0119\u0142a, jest noc, poczekalnia\/kasa\/informacja zamkni\u0119te, pada \u015bnieg, mr\u00f3z. Podchodz\u0105 do mnie i pytaj\u0105, co z poci\u0105giem. Wizyt\u00f3wka kolei pa\u0144stwowych i Polska w pigu\u0142ce.&nbsp;<\/p>\n\n\n\n<p class=\"has-medium-font-size\"><strong>Zobacz tak\u017ce:<a href=\"https:\/\/pozalogika.pl\/index.php\/2021\/07\/07\/kilka-ksiazek-na-wczasy-na-wsi-i-w-wielkim-i-tym-troche-mniejszym-miescie\/\" target=\"_blank\" rel=\"noreferrer noopener\">9 ksi\u0105\u017cek-propozycji idealnych na wczasy<\/a><\/strong><\/p>\n\n\n\n<p style=\"font-size:22px\">Kilka kolejnych niedziel temu, op\u00f3\u017anienia poci\u0105g\u00f3w 40 minut, 80 minut, 90 minut. Poczekalnia zamkni\u0119ta, 90 minut siedzenia na betonie w pa\u017adzierniku i w listopadzie po 22:00. Grudzie\u0144 2021, planowany na 22:26 poci\u0105g przyjedzie z op\u00f3\u017anieniem 173 minut (zima, beton, siedzenie; na szcz\u0119\u015bcie pojecha\u0142em wcze\u015bniej nauczony do\u015bwiadczeniem, \u017ce tak mo\u017ce by\u0107).<\/p>\n\n\n\n<h3 class=\"wp-block-heading\" style=\"font-size:18px\"><strong>Wyznanie trzecie: <\/strong><\/h3>\n\n\n\n<p style=\"font-size:22px\">przebudowa PKP na odcinku Radom &#8211; Lublin i tzw.komunikacja zast\u0119pcza autobusowa kursuj\u0105ca 2 lata. I absurdy z tym zwi\u0105zane. Op\u00f3\u017anienia autobus\u00f3w nawet o 90 minut, fantazyjny czas jazdy (a te op\u00f3\u017anienia s\u0105 jak domino: brak jednego po\u0142\u0105czenia na czas op\u00f3\u017ania odjazd innego, ten innego i finalnie nawet po\u0142owa po\u0142\u0105cze\u0144 PKP mo\u017ce by\u0107 sparali\u017cowana; jak w &#8220;Mistrzu i Ma\u0142gorzacie&#8221; &#8211; rewolucja bo &#8220;Anuszka wyla\u0142a olej&#8221;). Kiedy\u015b siedzia\u0142em w autobusie w Radomiu, stacja pocz\u0105tkowa, \u0142\u0105cznie 180 minut (bo kierowca czeka\u0142 na poci\u0105g z Krakowa, aby\u015bmy pojechali do Lublina). Op\u00f3\u017anienie zacz\u0119\u0142o si\u0119 od bodaj 90 minut i wzros\u0142o do 180, op\u00f3\u017anienie by\u0142o dawkowane, gdyby by\u0142o wiadome na pocz\u0105tku, ludzie by oddali bilety i pojechali busem, nie PKP).&nbsp;<\/p>\n\n\n\n<h3 class=\"wp-block-heading\" style=\"font-size:18px\"><strong>Wyznanie czwarte: <\/strong><\/h3>\n\n\n\n<p style=\"font-size:22px\">czerwona kartka w kalendarzu, autobus PKP z Lublina, mia\u0142 jecha\u0107 do Radomia przez 3 stacje, pojecha\u0142 bezpo\u015brednio. Akurat na jednej z nich mia\u0142em wysi\u0105\u015b\u0107. Pojecha\u0142em w \u015bwi\u0119to do Radomia, do kt\u00f3rego nie chcia\u0142em ale akurat kierowcy tak si\u0119 zachcia\u0142o, \u017ce omin\u0105\u0142 wszystkie stacje i pojecha\u0142 sobie prosto. Wybieg\u0142em, ju\u017c si\u0119 nie k\u0142\u00f3ci\u0142em, pobieg\u0142em do kasy, kupi\u0142em bilet z minut\u0105 do odjazdu poci\u0105gu i cud, \u017ce poci\u0105g sp\u00f3\u017ani\u0142 si\u0119 bo dzi\u0119ki temu zd\u0105\u017cy\u0142em do domu i nie musia\u0142em czeka\u0107 oko\u0142o 2-3 godzin.&nbsp;<\/p>\n\n\n\n<h3 class=\"wp-block-heading\" style=\"font-size:18px\"><strong>Wyznanie pi\u0105te:<\/strong> <\/h3>\n\n\n\n<p style=\"font-size:22px\">Kiedy\u015b w kasie PKP poprosi\u0142em o bilet na najbli\u017cszy poci\u0105g. Pani zerkn\u0119\u0142a w system, sprzeda\u0142a bilet w chwili odjazdu poci\u0105gu &#8211; ona drukowa\u0142a bilet a w g\u0142o\u015bnikach doszed\u0142 komunikat \u017ce poci\u0105g w\u0142a\u015bnie odje\u017cd\u017ca. K\u0142\u00f3tnia z pani\u0105 i tak wysz\u0142a na to, \u017ce to moja wina bo mia\u0142em czas (policzy\u0142em \u017ce jakie\u015b 30 sekund) na odjazd. Zwr\u00f3ci\u0142em bilet chwil\u0119 po odje\u017adzie poci\u0105gu.&nbsp;<\/p>\n\n\n\n<h3 class=\"wp-block-heading\" style=\"font-size:18px\"><strong>Wyznanie sz\u00f3ste:<\/strong> <\/h3>\n\n\n\n<p style=\"font-size:22px\">jako pieszy do\u015bwiadczy\u0142em nag\u0142ego zamkni\u0119cia dr\u00f3g, b\u0142\u0119d\u00f3w w informacjach m\u00f3wi\u0105cych o zmianie pasa\/peronu\/innego wej\u015bcia z powodu remontu, niekonsekwencji w oznaczeniach i na tabliczkach, braku informacji przy kasie o tym, \u017ce zmieni\u0142 si\u0119 tor itd., fantazyjne rozk\u0142ady jazdy w zwi\u0105zku z remontem, bariery architektoniczne, brak przyjazdu kilku kolejnych autobus\u00f3w, a potem przyjazd kilku o tym samym numerze w jednej chwili, przystanki kt\u00f3re sta\u0142y i znikn\u0119\u0142y nagle i gdzie\u015b s\u0105, ale nie wiadomo gdzie (na szcz\u0119\u015bcie nie jestem emerytem lub kim\u015b wykluczonym technologicznie i mog\u0119 sprawdzi\u0107 w smartfonie w sieci lub zrobi\u0107 wi\u0119cej krok\u00f3w i poszuka\u0107 bo nie jestem staruszk\u0105 chodz\u0105c\u0105 o kulach na przyk\u0142ad).&nbsp;<\/p>\n\n\n\n<h3 class=\"wp-block-heading\" style=\"font-size:18px\"><strong>Wyznanie si\u00f3dme (do \u015bmiechu): <\/strong><\/h3>\n\n\n\n<p style=\"font-size:22px\">stan covid, 50% ob\u0142o\u017cenia miejsc, stacja pocz\u0105tkowa, kilka wagon\u00f3w, wszyscy kt\u00f3rzy kupili bilet dostali miejsc\u00f3wk\u0119 w jednym wagonie. W tym bezprzedzia\u0142owym wagonie zostali rozmieszczeni tak, \u017ce pocz\u0105tek wagonu pusty, w \u015brodku wszyscy obok siebie, koniec wagonu te\u017c pusty. Zawini\u0142 nie cz\u0142owiek a system informatyczny.<\/p>\n\n\n\n<h3 class=\"wp-block-heading\" style=\"font-size:18px\"><strong>Wyznanie \u00f3sme:<\/strong> <\/h3>\n\n\n\n<p style=\"font-size:22px\">ale dlaczego ja ufam swoim nogom i jestem sceptyczny wobec autobus\u00f3w (nieplanowane korki, obsuwy w punktualnym przyje\u017adzie pojazd\u00f3w, w konsekwencji sp\u00f3\u017anienie si\u0119 przeze mnie), dlaczego ja wol\u0119 i lubi\u0119 chodzi\u0107 zamiast je\u017adzi\u0107? Czucie si\u0119 jak szaleniec, bo chodzenie odesz\u0142o do lamusa, a ono jest kwintesencj\u0105 \u017cycia, poprawia nastr\u00f3j, wp\u0142ywa na zdrowie, pomaga zebra\u0107 my\u015bli, jest nieliczn\u0105 chwil\u0105 dla siebie w ci\u0105gu dnia.<\/p>\n\n\n\n<h3 class=\"wp-block-heading\" style=\"font-size:18px\"><strong>Wyznanie dziewi\u0105te:<\/strong> <\/h3>\n\n\n\n<p style=\"font-size:22px\">jestem pieszym w Holandii, na asfalcie po lewo i po prawo linie wymalowane, te malutkie fragmenty s\u0105 dla pieszych. Je\u015bli nie idzie nikt, mo\u017ce tam jecha\u0107 rowerzysta. Je\u015bli nie ma pieszego i rowerzysty, mo\u017ce po tym fragmencie pojecha\u0107 samoch\u00f3d. By\u0142em pieszym ze \u015bwiadomo\u015bci\u0105, \u017ce jestem tu najwa\u017cniejszy, \u017ce kierowca mia\u0142by nieprzyjemno\u015bci powa\u017cne gdyby z jego winy co\u015b mi si\u0119 sta\u0142o. By\u0142em rowerzyst\u0105 i wiedzia\u0142em, \u017ce pieszy jest wa\u017cniejszy ode mnie, po nim wa\u017cny jestem ja a po mnie dopiero s\u0105 auta. Kierowca wie, \u017ce pieszy jest najwa\u017cniejszy, potem rowerzysta, na ko\u0144cu on. Dla pieszych i rowerzyst\u00f3w jest dostosowana infrastruktura drogowa. Kierowca auta uwa\u017ca na pozosta\u0142e dwie grupy, jest czujny i ostro\u017cny.<\/p>\n\n\n\n<h2 class=\"wp-block-heading\">Dla kogo jest ta ksi\u0105\u017cka? 4 mocne wskaz\u00f3wki:<\/h2>\n\n\n\n<ul class=\"wp-block-list\">\n<li class=\"has-medium-font-size\">Dla os\u00f3b zdenerwowanych na obecne wykluczenie komunikacyjne<\/li>\n\n\n\n<li class=\"has-medium-font-size\">Ciekawa pozycja dla mi\u0142o\u015bnik\u00f3w reporta\u017cu i wa\u017cnych temat\u00f3w spo\u0142ecznych<\/li>\n\n\n\n<li class=\"has-medium-font-size\">Potrzebna ksi\u0105\u017cka dla tych, kt\u00f3rzy chc\u0105 co\u015b zmieni\u0107<\/li>\n\n\n\n<li class=\"has-medium-font-size\">Pozycja obowi\u0105zkowa dla zarz\u0105dzaj\u0105cych i maj\u0105cych wp\u0142yw na publiczn\u0105 infrastruktur\u0119<\/li>\n<\/ul>\n\n\n\n<p><\/p>\n","protected":false},"excerpt":{"rendered":"<p>Reporta\u017c &#8220;Nie ha\u0144bi&#8221; Olgi Gitkiewicz rozpocz\u0105\u0142 m\u00f3j rok 2021 &#8211; to \u015bwietny reporta\u017c o pracy. Reporta\u017c dobrze napisany, ale przygn\u0119biaj\u0105cy. Bo jak o pracy to&hellip; <\/p>\n","protected":false},"author":2,"featured_media":1871,"comment_status":"open","ping_status":"open","sticky":false,"template":"","format":"standard","meta":{"footnotes":""},"categories":[19,21],"tags":[571,570,168,172],"class_list":["post-1187","post","type-post","status-publish","format-standard","has-post-thumbnail","hentry","category-spoleczenstwo","category-sztuka-i-popkultura","tag-nie-zdaze","tag-olga-gitkiewicz","tag-recenzja","tag-reportaz"],"yoast_head":"<!-- This site is optimized with the Yoast SEO plugin v27.2 - https:\/\/yoast.com\/product\/yoast-seo-wordpress\/ -->\n<title>Reporta\u017c ,,Nie zd\u0105\u017c\u0119&quot; O. Gitkiewicz i 9 moich wyzna\u0144, czyli wykolejanie kolei - Poza Logik\u0105 - wiara i samorozw\u00f3j z dusz\u0105 i cia\u0142em<\/title>\n<meta name=\"description\" content=\"Reporta\u017c ,,Nie zd\u0105\u017c\u0119&quot; Olgi Gitkiewicz to opowie\u015b\u0107 o komunikacyjnym wykluczeniu. Wa\u017cna i potrzebna rzecz! Ja do tego dodaj\u0119 moje 9 wyzna\u0144.\" \/>\n<meta name=\"robots\" content=\"index, follow, max-snippet:-1, max-image-preview:large, max-video-preview:-1\" \/>\n<link rel=\"canonical\" href=\"https:\/\/pozalogika.pl\/index.php\/2022\/01\/26\/reportaz-olga-gitkiewicz\/\" \/>\n<meta property=\"og:locale\" content=\"pl_PL\" \/>\n<meta property=\"og:type\" content=\"article\" \/>\n<meta property=\"og:title\" content=\"Reporta\u017c ,,Nie zd\u0105\u017c\u0119&quot; O. Gitkiewicz i 9 moich wyzna\u0144, czyli wykolejanie kolei - Poza Logik\u0105 - wiara i samorozw\u00f3j z dusz\u0105 i cia\u0142em\" \/>\n<meta property=\"og:description\" content=\"Reporta\u017c ,,Nie zd\u0105\u017c\u0119&quot; Olgi Gitkiewicz to opowie\u015b\u0107 o komunikacyjnym wykluczeniu. Wa\u017cna i potrzebna rzecz! Ja do tego dodaj\u0119 moje 9 wyzna\u0144.\" \/>\n<meta property=\"og:url\" content=\"https:\/\/pozalogika.pl\/index.php\/2022\/01\/26\/reportaz-olga-gitkiewicz\/\" \/>\n<meta property=\"og:site_name\" content=\"Poza Logik\u0105 - wiara i samorozw\u00f3j z dusz\u0105 i cia\u0142em\" \/>\n<meta property=\"article:publisher\" content=\"https:\/\/www.facebook.com\/pozalogika\" \/>\n<meta property=\"article:author\" content=\"Facebook.com\/pozalogika\" \/>\n<meta property=\"article:published_time\" content=\"2022-01-26T20:25:24+00:00\" \/>\n<meta property=\"article:modified_time\" content=\"2026-04-09T14:12:57+00:00\" \/>\n<meta property=\"og:image\" content=\"http:\/\/pozalogika.pl\/wp-content\/uploads\/2024\/09\/Screenshot_2024-09-23-22-50-15-687_com.instagram.android-edited.jpg\" \/>\n\t<meta property=\"og:image:width\" content=\"1080\" \/>\n\t<meta property=\"og:image:height\" content=\"811\" \/>\n\t<meta property=\"og:image:type\" content=\"image\/jpeg\" \/>\n<meta name=\"author\" content=\"Dariusz Oko\u0144\" \/>\n<meta name=\"twitter:card\" content=\"summary_large_image\" \/>\n<meta name=\"twitter:label1\" content=\"Napisane przez\" \/>\n\t<meta name=\"twitter:data1\" content=\"Dariusz Oko\u0144\" \/>\n\t<meta name=\"twitter:label2\" content=\"Szacowany czas czytania\" \/>\n\t<meta name=\"twitter:data2\" content=\"10 minut\" \/>\n<script type=\"application\/ld+json\" class=\"yoast-schema-graph\">{\"@context\":\"https:\/\/schema.org\",\"@graph\":[{\"@type\":\"Article\",\"@id\":\"https:\/\/pozalogika.pl\/index.php\/2022\/01\/26\/reportaz-olga-gitkiewicz\/#article\",\"isPartOf\":{\"@id\":\"https:\/\/pozalogika.pl\/index.php\/2022\/01\/26\/reportaz-olga-gitkiewicz\/\"},\"author\":{\"name\":\"Dariusz Oko\u0144\",\"@id\":\"https:\/\/pozalogika.pl\/#\/schema\/person\/ee8191446daee40e746b1fe60afe6a15\"},\"headline\":\"Reporta\u017c ,,Nie zd\u0105\u017c\u0119&#8221; O. Gitkiewicz i 9 moich wyzna\u0144, czyli wykolejanie kolei\",\"datePublished\":\"2022-01-26T20:25:24+00:00\",\"dateModified\":\"2026-04-09T14:12:57+00:00\",\"mainEntityOfPage\":{\"@id\":\"https:\/\/pozalogika.pl\/index.php\/2022\/01\/26\/reportaz-olga-gitkiewicz\/\"},\"wordCount\":1781,\"commentCount\":0,\"publisher\":{\"@id\":\"https:\/\/pozalogika.pl\/#organization\"},\"image\":{\"@id\":\"https:\/\/pozalogika.pl\/index.php\/2022\/01\/26\/reportaz-olga-gitkiewicz\/#primaryimage\"},\"thumbnailUrl\":\"https:\/\/pozalogika.pl\/wp-content\/uploads\/2024\/09\/Screenshot_2024-09-23-22-50-15-687_com.instagram.android-edited.jpg\",\"keywords\":[\"nie zd\u0105\u017c\u0119\",\"olga gitkiewicz\",\"recenzja\",\"reporta\u017c\"],\"articleSection\":[\"Spo\u0142ecze\u0144stwo\",\"Sztuka i popkultura\"],\"inLanguage\":\"pl-PL\",\"potentialAction\":[{\"@type\":\"CommentAction\",\"name\":\"Comment\",\"target\":[\"https:\/\/pozalogika.pl\/index.php\/2022\/01\/26\/reportaz-olga-gitkiewicz\/#respond\"]}]},{\"@type\":\"WebPage\",\"@id\":\"https:\/\/pozalogika.pl\/index.php\/2022\/01\/26\/reportaz-olga-gitkiewicz\/\",\"url\":\"https:\/\/pozalogika.pl\/index.php\/2022\/01\/26\/reportaz-olga-gitkiewicz\/\",\"name\":\"Reporta\u017c ,,Nie zd\u0105\u017c\u0119\\\" O. Gitkiewicz i 9 moich wyzna\u0144, czyli wykolejanie kolei - Poza Logik\u0105 - wiara i samorozw\u00f3j z dusz\u0105 i cia\u0142em\",\"isPartOf\":{\"@id\":\"https:\/\/pozalogika.pl\/#website\"},\"primaryImageOfPage\":{\"@id\":\"https:\/\/pozalogika.pl\/index.php\/2022\/01\/26\/reportaz-olga-gitkiewicz\/#primaryimage\"},\"image\":{\"@id\":\"https:\/\/pozalogika.pl\/index.php\/2022\/01\/26\/reportaz-olga-gitkiewicz\/#primaryimage\"},\"thumbnailUrl\":\"https:\/\/pozalogika.pl\/wp-content\/uploads\/2024\/09\/Screenshot_2024-09-23-22-50-15-687_com.instagram.android-edited.jpg\",\"datePublished\":\"2022-01-26T20:25:24+00:00\",\"dateModified\":\"2026-04-09T14:12:57+00:00\",\"description\":\"Reporta\u017c ,,Nie zd\u0105\u017c\u0119\\\" Olgi Gitkiewicz to opowie\u015b\u0107 o komunikacyjnym wykluczeniu. Wa\u017cna i potrzebna rzecz! Ja do tego dodaj\u0119 moje 9 wyzna\u0144.\",\"breadcrumb\":{\"@id\":\"https:\/\/pozalogika.pl\/index.php\/2022\/01\/26\/reportaz-olga-gitkiewicz\/#breadcrumb\"},\"inLanguage\":\"pl-PL\",\"potentialAction\":[{\"@type\":\"ReadAction\",\"target\":[\"https:\/\/pozalogika.pl\/index.php\/2022\/01\/26\/reportaz-olga-gitkiewicz\/\"]}]},{\"@type\":\"ImageObject\",\"inLanguage\":\"pl-PL\",\"@id\":\"https:\/\/pozalogika.pl\/index.php\/2022\/01\/26\/reportaz-olga-gitkiewicz\/#primaryimage\",\"url\":\"https:\/\/pozalogika.pl\/wp-content\/uploads\/2024\/09\/Screenshot_2024-09-23-22-50-15-687_com.instagram.android-edited.jpg\",\"contentUrl\":\"https:\/\/pozalogika.pl\/wp-content\/uploads\/2024\/09\/Screenshot_2024-09-23-22-50-15-687_com.instagram.android-edited.jpg\",\"width\":1080,\"height\":811,\"caption\":\"Reporta\u017c Olgi Gitkiewicz ,,Nie zd\u0105\u017c\u0119\\\"\"},{\"@type\":\"BreadcrumbList\",\"@id\":\"https:\/\/pozalogika.pl\/index.php\/2022\/01\/26\/reportaz-olga-gitkiewicz\/#breadcrumb\",\"itemListElement\":[{\"@type\":\"ListItem\",\"position\":1,\"name\":\"Strona g\u0142\u00f3wna\",\"item\":\"https:\/\/pozalogika.pl\/\"},{\"@type\":\"ListItem\",\"position\":2,\"name\":\"Reporta\u017c ,,Nie zd\u0105\u017c\u0119&#8221; O. Gitkiewicz i 9 moich wyzna\u0144, czyli wykolejanie kolei\"}]},{\"@type\":\"WebSite\",\"@id\":\"https:\/\/pozalogika.pl\/#website\",\"url\":\"https:\/\/pozalogika.pl\/\",\"name\":\"Poza Logik\u0105\",\"description\":\"\",\"publisher\":{\"@id\":\"https:\/\/pozalogika.pl\/#organization\"},\"potentialAction\":[{\"@type\":\"SearchAction\",\"target\":{\"@type\":\"EntryPoint\",\"urlTemplate\":\"https:\/\/pozalogika.pl\/?s={search_term_string}\"},\"query-input\":{\"@type\":\"PropertyValueSpecification\",\"valueRequired\":true,\"valueName\":\"search_term_string\"}}],\"inLanguage\":\"pl-PL\"},{\"@type\":\"Organization\",\"@id\":\"https:\/\/pozalogika.pl\/#organization\",\"name\":\"Poza Logik\u0105. Chrze\u015bcija\u0144ski coaching i wiara\",\"url\":\"https:\/\/pozalogika.pl\/\",\"logo\":{\"@type\":\"ImageObject\",\"inLanguage\":\"pl-PL\",\"@id\":\"https:\/\/pozalogika.pl\/#\/schema\/logo\/image\/\",\"url\":\"http:\/\/pozalogika.pl\/wp-content\/uploads\/2025\/03\/img_1_1742766565195.jpg\",\"contentUrl\":\"http:\/\/pozalogika.pl\/wp-content\/uploads\/2025\/03\/img_1_1742766565195.jpg\",\"width\":1070,\"height\":1070,\"caption\":\"Poza Logik\u0105. Chrze\u015bcija\u0144ski coaching i wiara\"},\"image\":{\"@id\":\"https:\/\/pozalogika.pl\/#\/schema\/logo\/image\/\"},\"sameAs\":[\"https:\/\/www.facebook.com\/pozalogika\"]},{\"@type\":\"Person\",\"@id\":\"https:\/\/pozalogika.pl\/#\/schema\/person\/ee8191446daee40e746b1fe60afe6a15\",\"name\":\"Dariusz Oko\u0144\",\"image\":{\"@type\":\"ImageObject\",\"inLanguage\":\"pl-PL\",\"@id\":\"https:\/\/secure.gravatar.com\/avatar\/f5dc13b34a676c3c209a378216dad3cb59335cb1fb19a05d3352eff47b8924f9?s=96&d=mm&r=g\",\"url\":\"https:\/\/secure.gravatar.com\/avatar\/f5dc13b34a676c3c209a378216dad3cb59335cb1fb19a05d3352eff47b8924f9?s=96&d=mm&r=g\",\"contentUrl\":\"https:\/\/secure.gravatar.com\/avatar\/f5dc13b34a676c3c209a378216dad3cb59335cb1fb19a05d3352eff47b8924f9?s=96&d=mm&r=g\",\"caption\":\"Dariusz Oko\u0144\"},\"description\":\"Z wykszta\u0142cenia dziennikarz i trener rozwoju osobistego, w wolnych chwilach pasjonat literatury, biegania, fotografii i samorozwoju. Wierzy w rol\u0119 \u015bwieckich w Ko\u015bciele a tak\u017ce wierzy w holistyczne podej\u015bcie do cz\u0142owieka, to dlatego uczestniczy\u0142 w kursach z zakresu dietetyki oraz treningu personalnego. Aktywno\u015b\u0107 fizyczna to nie wszystko, \u0142\u0105czy j\u0105 wi\u0119c z zainteresowaniem psychologi\u0105 oraz teologi\u0105 katolick\u0105.\",\"sameAs\":[\"http:\/\/www.pozalogika.pl\",\"Facebook.com\/pozalogika\",\"Instagram.com\/pozalogika\"],\"url\":\"https:\/\/pozalogika.pl\/index.php\/author\/admin9010\/\"}]}<\/script>\n<!-- \/ Yoast SEO plugin. -->","yoast_head_json":{"title":"Reporta\u017c ,,Nie zd\u0105\u017c\u0119\" O. Gitkiewicz i 9 moich wyzna\u0144, czyli wykolejanie kolei - Poza Logik\u0105 - wiara i samorozw\u00f3j z dusz\u0105 i cia\u0142em","description":"Reporta\u017c ,,Nie zd\u0105\u017c\u0119\" Olgi Gitkiewicz to opowie\u015b\u0107 o komunikacyjnym wykluczeniu. Wa\u017cna i potrzebna rzecz! Ja do tego dodaj\u0119 moje 9 wyzna\u0144.","robots":{"index":"index","follow":"follow","max-snippet":"max-snippet:-1","max-image-preview":"max-image-preview:large","max-video-preview":"max-video-preview:-1"},"canonical":"https:\/\/pozalogika.pl\/index.php\/2022\/01\/26\/reportaz-olga-gitkiewicz\/","og_locale":"pl_PL","og_type":"article","og_title":"Reporta\u017c ,,Nie zd\u0105\u017c\u0119\" O. Gitkiewicz i 9 moich wyzna\u0144, czyli wykolejanie kolei - Poza Logik\u0105 - wiara i samorozw\u00f3j z dusz\u0105 i cia\u0142em","og_description":"Reporta\u017c ,,Nie zd\u0105\u017c\u0119\" Olgi Gitkiewicz to opowie\u015b\u0107 o komunikacyjnym wykluczeniu. Wa\u017cna i potrzebna rzecz! Ja do tego dodaj\u0119 moje 9 wyzna\u0144.","og_url":"https:\/\/pozalogika.pl\/index.php\/2022\/01\/26\/reportaz-olga-gitkiewicz\/","og_site_name":"Poza Logik\u0105 - wiara i samorozw\u00f3j z dusz\u0105 i cia\u0142em","article_publisher":"https:\/\/www.facebook.com\/pozalogika","article_author":"Facebook.com\/pozalogika","article_published_time":"2022-01-26T20:25:24+00:00","article_modified_time":"2026-04-09T14:12:57+00:00","og_image":[{"width":1080,"height":811,"url":"http:\/\/pozalogika.pl\/wp-content\/uploads\/2024\/09\/Screenshot_2024-09-23-22-50-15-687_com.instagram.android-edited.jpg","type":"image\/jpeg"}],"author":"Dariusz Oko\u0144","twitter_card":"summary_large_image","twitter_misc":{"Napisane przez":"Dariusz Oko\u0144","Szacowany czas czytania":"10 minut"},"schema":{"@context":"https:\/\/schema.org","@graph":[{"@type":"Article","@id":"https:\/\/pozalogika.pl\/index.php\/2022\/01\/26\/reportaz-olga-gitkiewicz\/#article","isPartOf":{"@id":"https:\/\/pozalogika.pl\/index.php\/2022\/01\/26\/reportaz-olga-gitkiewicz\/"},"author":{"name":"Dariusz Oko\u0144","@id":"https:\/\/pozalogika.pl\/#\/schema\/person\/ee8191446daee40e746b1fe60afe6a15"},"headline":"Reporta\u017c ,,Nie zd\u0105\u017c\u0119&#8221; O. Gitkiewicz i 9 moich wyzna\u0144, czyli wykolejanie kolei","datePublished":"2022-01-26T20:25:24+00:00","dateModified":"2026-04-09T14:12:57+00:00","mainEntityOfPage":{"@id":"https:\/\/pozalogika.pl\/index.php\/2022\/01\/26\/reportaz-olga-gitkiewicz\/"},"wordCount":1781,"commentCount":0,"publisher":{"@id":"https:\/\/pozalogika.pl\/#organization"},"image":{"@id":"https:\/\/pozalogika.pl\/index.php\/2022\/01\/26\/reportaz-olga-gitkiewicz\/#primaryimage"},"thumbnailUrl":"https:\/\/pozalogika.pl\/wp-content\/uploads\/2024\/09\/Screenshot_2024-09-23-22-50-15-687_com.instagram.android-edited.jpg","keywords":["nie zd\u0105\u017c\u0119","olga gitkiewicz","recenzja","reporta\u017c"],"articleSection":["Spo\u0142ecze\u0144stwo","Sztuka i popkultura"],"inLanguage":"pl-PL","potentialAction":[{"@type":"CommentAction","name":"Comment","target":["https:\/\/pozalogika.pl\/index.php\/2022\/01\/26\/reportaz-olga-gitkiewicz\/#respond"]}]},{"@type":"WebPage","@id":"https:\/\/pozalogika.pl\/index.php\/2022\/01\/26\/reportaz-olga-gitkiewicz\/","url":"https:\/\/pozalogika.pl\/index.php\/2022\/01\/26\/reportaz-olga-gitkiewicz\/","name":"Reporta\u017c ,,Nie zd\u0105\u017c\u0119\" O. Gitkiewicz i 9 moich wyzna\u0144, czyli wykolejanie kolei - Poza Logik\u0105 - wiara i samorozw\u00f3j z dusz\u0105 i cia\u0142em","isPartOf":{"@id":"https:\/\/pozalogika.pl\/#website"},"primaryImageOfPage":{"@id":"https:\/\/pozalogika.pl\/index.php\/2022\/01\/26\/reportaz-olga-gitkiewicz\/#primaryimage"},"image":{"@id":"https:\/\/pozalogika.pl\/index.php\/2022\/01\/26\/reportaz-olga-gitkiewicz\/#primaryimage"},"thumbnailUrl":"https:\/\/pozalogika.pl\/wp-content\/uploads\/2024\/09\/Screenshot_2024-09-23-22-50-15-687_com.instagram.android-edited.jpg","datePublished":"2022-01-26T20:25:24+00:00","dateModified":"2026-04-09T14:12:57+00:00","description":"Reporta\u017c ,,Nie zd\u0105\u017c\u0119\" Olgi Gitkiewicz to opowie\u015b\u0107 o komunikacyjnym wykluczeniu. Wa\u017cna i potrzebna rzecz! Ja do tego dodaj\u0119 moje 9 wyzna\u0144.","breadcrumb":{"@id":"https:\/\/pozalogika.pl\/index.php\/2022\/01\/26\/reportaz-olga-gitkiewicz\/#breadcrumb"},"inLanguage":"pl-PL","potentialAction":[{"@type":"ReadAction","target":["https:\/\/pozalogika.pl\/index.php\/2022\/01\/26\/reportaz-olga-gitkiewicz\/"]}]},{"@type":"ImageObject","inLanguage":"pl-PL","@id":"https:\/\/pozalogika.pl\/index.php\/2022\/01\/26\/reportaz-olga-gitkiewicz\/#primaryimage","url":"https:\/\/pozalogika.pl\/wp-content\/uploads\/2024\/09\/Screenshot_2024-09-23-22-50-15-687_com.instagram.android-edited.jpg","contentUrl":"https:\/\/pozalogika.pl\/wp-content\/uploads\/2024\/09\/Screenshot_2024-09-23-22-50-15-687_com.instagram.android-edited.jpg","width":1080,"height":811,"caption":"Reporta\u017c Olgi Gitkiewicz ,,Nie zd\u0105\u017c\u0119\""},{"@type":"BreadcrumbList","@id":"https:\/\/pozalogika.pl\/index.php\/2022\/01\/26\/reportaz-olga-gitkiewicz\/#breadcrumb","itemListElement":[{"@type":"ListItem","position":1,"name":"Strona g\u0142\u00f3wna","item":"https:\/\/pozalogika.pl\/"},{"@type":"ListItem","position":2,"name":"Reporta\u017c ,,Nie zd\u0105\u017c\u0119&#8221; O. Gitkiewicz i 9 moich wyzna\u0144, czyli wykolejanie kolei"}]},{"@type":"WebSite","@id":"https:\/\/pozalogika.pl\/#website","url":"https:\/\/pozalogika.pl\/","name":"Poza Logik\u0105","description":"","publisher":{"@id":"https:\/\/pozalogika.pl\/#organization"},"potentialAction":[{"@type":"SearchAction","target":{"@type":"EntryPoint","urlTemplate":"https:\/\/pozalogika.pl\/?s={search_term_string}"},"query-input":{"@type":"PropertyValueSpecification","valueRequired":true,"valueName":"search_term_string"}}],"inLanguage":"pl-PL"},{"@type":"Organization","@id":"https:\/\/pozalogika.pl\/#organization","name":"Poza Logik\u0105. Chrze\u015bcija\u0144ski coaching i wiara","url":"https:\/\/pozalogika.pl\/","logo":{"@type":"ImageObject","inLanguage":"pl-PL","@id":"https:\/\/pozalogika.pl\/#\/schema\/logo\/image\/","url":"http:\/\/pozalogika.pl\/wp-content\/uploads\/2025\/03\/img_1_1742766565195.jpg","contentUrl":"http:\/\/pozalogika.pl\/wp-content\/uploads\/2025\/03\/img_1_1742766565195.jpg","width":1070,"height":1070,"caption":"Poza Logik\u0105. Chrze\u015bcija\u0144ski coaching i wiara"},"image":{"@id":"https:\/\/pozalogika.pl\/#\/schema\/logo\/image\/"},"sameAs":["https:\/\/www.facebook.com\/pozalogika"]},{"@type":"Person","@id":"https:\/\/pozalogika.pl\/#\/schema\/person\/ee8191446daee40e746b1fe60afe6a15","name":"Dariusz Oko\u0144","image":{"@type":"ImageObject","inLanguage":"pl-PL","@id":"https:\/\/secure.gravatar.com\/avatar\/f5dc13b34a676c3c209a378216dad3cb59335cb1fb19a05d3352eff47b8924f9?s=96&d=mm&r=g","url":"https:\/\/secure.gravatar.com\/avatar\/f5dc13b34a676c3c209a378216dad3cb59335cb1fb19a05d3352eff47b8924f9?s=96&d=mm&r=g","contentUrl":"https:\/\/secure.gravatar.com\/avatar\/f5dc13b34a676c3c209a378216dad3cb59335cb1fb19a05d3352eff47b8924f9?s=96&d=mm&r=g","caption":"Dariusz Oko\u0144"},"description":"Z wykszta\u0142cenia dziennikarz i trener rozwoju osobistego, w wolnych chwilach pasjonat literatury, biegania, fotografii i samorozwoju. Wierzy w rol\u0119 \u015bwieckich w Ko\u015bciele a tak\u017ce wierzy w holistyczne podej\u015bcie do cz\u0142owieka, to dlatego uczestniczy\u0142 w kursach z zakresu dietetyki oraz treningu personalnego. Aktywno\u015b\u0107 fizyczna to nie wszystko, \u0142\u0105czy j\u0105 wi\u0119c z zainteresowaniem psychologi\u0105 oraz teologi\u0105 katolick\u0105.","sameAs":["http:\/\/www.pozalogika.pl","Facebook.com\/pozalogika","Instagram.com\/pozalogika"],"url":"https:\/\/pozalogika.pl\/index.php\/author\/admin9010\/"}]}},"_links":{"self":[{"href":"https:\/\/pozalogika.pl\/index.php\/wp-json\/wp\/v2\/posts\/1187","targetHints":{"allow":["GET"]}}],"collection":[{"href":"https:\/\/pozalogika.pl\/index.php\/wp-json\/wp\/v2\/posts"}],"about":[{"href":"https:\/\/pozalogika.pl\/index.php\/wp-json\/wp\/v2\/types\/post"}],"author":[{"embeddable":true,"href":"https:\/\/pozalogika.pl\/index.php\/wp-json\/wp\/v2\/users\/2"}],"replies":[{"embeddable":true,"href":"https:\/\/pozalogika.pl\/index.php\/wp-json\/wp\/v2\/comments?post=1187"}],"version-history":[{"count":3,"href":"https:\/\/pozalogika.pl\/index.php\/wp-json\/wp\/v2\/posts\/1187\/revisions"}],"predecessor-version":[{"id":3071,"href":"https:\/\/pozalogika.pl\/index.php\/wp-json\/wp\/v2\/posts\/1187\/revisions\/3071"}],"wp:featuredmedia":[{"embeddable":true,"href":"https:\/\/pozalogika.pl\/index.php\/wp-json\/wp\/v2\/media\/1871"}],"wp:attachment":[{"href":"https:\/\/pozalogika.pl\/index.php\/wp-json\/wp\/v2\/media?parent=1187"}],"wp:term":[{"taxonomy":"category","embeddable":true,"href":"https:\/\/pozalogika.pl\/index.php\/wp-json\/wp\/v2\/categories?post=1187"},{"taxonomy":"post_tag","embeddable":true,"href":"https:\/\/pozalogika.pl\/index.php\/wp-json\/wp\/v2\/tags?post=1187"}],"curies":[{"name":"wp","href":"https:\/\/api.w.org\/{rel}","templated":true}]}}