{"id":1192,"date":"2022-02-23T20:09:46","date_gmt":"2022-02-23T19:09:46","guid":{"rendered":"http:\/\/pozalogika.pl\/?p=1192"},"modified":"2026-04-09T14:11:57","modified_gmt":"2026-04-09T14:11:57","slug":"kieslowski-od-do-konca-k-piesiewicz-m-jazdon-recenzja","status":"publish","type":"post","link":"https:\/\/pozalogika.pl\/index.php\/2022\/02\/23\/kieslowski-od-do-konca-k-piesiewicz-m-jazdon-recenzja\/","title":{"rendered":"Uchwyci\u0107 nieuchwytne, niczego nie omin\u0105\u0107. ,,Kie\u015blowski. Od Bez ko\u0144ca do ko\u0144ca\u201d &#8211; K. Piesiewicz, M. Jazdon [RECENZJA]"},"content":{"rendered":"\n<figure class=\"wp-block-image size-large\"><img loading=\"lazy\" decoding=\"async\" width=\"1080\" height=\"721\" src=\"https:\/\/pozalogika.pl\/wp-content\/uploads\/2024\/09\/Screenshot_2024-09-23-22-59-58-799_com.instagram.android-edited.jpg\" alt=\",,Kie\u015blowski od bez ko\u0144ca do ko\u0144ca&quot; Jazdon, Piesiewicz - ok\u0142adka ksi\u0105\u017cki\" class=\"wp-image-1866\" srcset=\"https:\/\/pozalogika.pl\/wp-content\/uploads\/2024\/09\/Screenshot_2024-09-23-22-59-58-799_com.instagram.android-edited.jpg 1080w, https:\/\/pozalogika.pl\/wp-content\/uploads\/2024\/09\/Screenshot_2024-09-23-22-59-58-799_com.instagram.android-edited-300x200.jpg 300w, https:\/\/pozalogika.pl\/wp-content\/uploads\/2024\/09\/Screenshot_2024-09-23-22-59-58-799_com.instagram.android-edited-1024x684.jpg 1024w, https:\/\/pozalogika.pl\/wp-content\/uploads\/2024\/09\/Screenshot_2024-09-23-22-59-58-799_com.instagram.android-edited-768x513.jpg 768w\" sizes=\"auto, (max-width: 1080px) 100vw, 1080px\" \/><\/figure>\n\n\n\n<p class=\"has-drop-cap\" style=\"font-size:22px\"><strong>Czy ich spotkanie to by\u0142 przypadek? A mo\u017ce tak w\u0142a\u015bnie mia\u0142o by\u0107? Bo spotkanie Krzysztofa Kie\u015blowskiego (w tamtym czasie utalentowanego dokumentalisty, kt\u00f3ry planowa\u0142 nakr\u0119cenie pe\u0142nego metra\u017cu) z Krzysztofem Piesiewiczem \u2013 adwokatem pracuj\u0105cym przy procesach oskar\u017conych w PRL, zaaran\u017cowane przez wybitn\u0105 polsk\u0105 reporta\u017cystk\u0119 &#8211; Hann\u0119 Krall przyczyni\u0142o si\u0119 nie tylko do \u015bwiatowego sukcesu obu. Ono sprawi\u0142o, \u017ce dzi\u0119ki temu kinu stali\u015bmy si\u0119 lepsi. \u017be jeste\u015bmy lepsi. Dlaczego?&nbsp;<\/strong><\/p>\n\n\n\n<!--more-->\n\n\n\n<p style=\"font-size:22px\">Odpowiedzi mo\u017ce dostarczy\u0107 opisuj\u0105ca kino duetu Kie\u015blowski-Piesiewicz, ich proces tw\u00f3rczy, recepcj\u0119 tych film\u00f3w ksi\u0105\u017cka-wywiad ,,Kie\u015blowski. Od &lt;&lt;Bez ko\u0144ca&gt;&gt; do ko\u0144ca\u201d &#8211; rozmowa Miko\u0142aja Jazdona z Krzysztofem Piesiewiczem.<\/p>\n\n\n\n<h2 class=\"wp-block-heading\">Warsztat<\/h2>\n\n\n\n<p style=\"font-size:22px\">Dziennikarz wykona\u0142 tytaniczn\u0105 prac\u0119, przygotowa\u0142 si\u0119 do tych rozm\u00f3w, prze\u015bledzi\u0142 dost\u0119pne materia\u0142y, wypowiedzi Kie\u015blowskiego i Piesiewicza, t\u0142o medialne towarzysz\u0105ce premierom i funkcjonowaniu poszczeg\u00f3lnych film\u00f3w, reakcje na nie. Zawarty tu jest te\u017c szerszy kontekst wielu wydarze\u0144 (jest nawet sytuacja, gdy Piesiewicz nie pami\u0119ta swoich s\u0142\u00f3w po prezentacji &#8220;Kr\u00f3tkiego filmu o zabijaniu&#8221;, Jazdon ma je przygotowane). W wielu miejscach jest to rozmowa, nie klasyczny wywiad, cho\u0107 Jazdon nie wychodzi z roli dziennikarza &#8211; osoby pozyskuj\u0105cej wiedz\u0119 w interesie czytelnika. Dziennikarz cz\u0119sto te\u017c formu\u0142uje d\u0142ugie pytania (jedno mia\u0142o nawet prawie ca\u0142\u0105 stron\u0119), dopowiada, uzupe\u0142nia, d\u0142ug\u0105 wypowied\u017a kwituj\u0105c rozpocz\u0119ciem nowego w\u0105tku. Nie uwa\u017cam tego za b\u0142\u0105d a pewne akceptowalne i mo\u017ce nawet konieczne zabiegi w prowadzeniu wywiadu. <\/p>\n\n\n\n<h2 class=\"wp-block-heading\">,,Dekalog&#8221; i Kie\u015blowski<\/h2>\n\n\n\n<p style=\"font-size:22px\">Szczeg\u00f3lnie podoba\u0142 mi si\u0119 obfity rozdzia\u0142 o &#8220;Dekalogu&#8221;. Serial\/cykl darz\u0119 przeogromn\u0105 mi\u0142o\u015bci\u0105. Mocno mnie ukszta\u0142towa\u0142o to podej\u015bcie do ludzkiej duszy, niejednoznaczno\u015b\u0107 odczytywania dziesi\u0119ciorga przykaza\u0144, duszna od interpretacji atmosfera dylemat\u00f3w moralnych okraszona charakterystycznym dla Kie\u015blowskiego detalem cz\u0119sto wpisuj\u0105cym si\u0119 w symbolizm. Pami\u0119tam jak w czasach szkolnych nagrywa\u0142em z tv poszczeg\u00f3lne odcinki serialu, jak mnie te filmy puszczane niestety p\u00f3\u017ano w nocy, ten kunszt artystyczny, jak mnie to fascynowa\u0142o. P\u00f3\u017aniej jeszcze by\u0142a autobiografia re\u017cysera na podstawie kt\u00f3rej ale i swoich w\u0142asnych prze\u017cy\u0107, pisa\u0142em esej o &#8220;Dekalogu&#8221; (w okr\u0105g\u0142\u0105 rocznic\u0119 \u015bmierci re\u017cysera na bazie tego tekstu napisa\u0142em te\u017c artyku\u0142). <\/p>\n\n\n\n<h2 class=\"wp-block-heading\">,,Dekalog&#8221; osobisty<\/h2>\n\n\n\n<p style=\"font-size:22px\">Do &#8220;Dekalogu&#8221; wr\u00f3ci\u0142em bodaj w zesz\u0142ym roku, odkry\u0142em w nim nowe tre\u015bci, ale w g\u0142owie pozosta\u0142 mi \u017cywy obraz tamtych pierwszych seans\u00f3w cyklu. Z fascynacj\u0105 wi\u0119c ch\u0142on\u0105\u0142em ka\u017cde s\u0142owo, dzi\u0119ki kt\u00f3remu mog\u0142em jeszcze cokolwiek doda\u0107 do swoich prze\u017cy\u0107 dotycz\u0105cych g\u0142o\u015bnego cyklu. Wa\u017cnego cyklu. Piesiewicz zaznacza\u0142 \u017ce chcia\u0142, aby &#8220;duch&#8221; Kie\u015blowskiego by\u0142 obecny przy tych rozmowach. I tak jest. Otrzymujemy portret artysty, realia powstawania film\u00f3w, kulisy wsp\u00f3\u0142pracy wielkiego re\u017cysera i wybitnego scenarzysty, ale i obraz epoki (wzbogacony przez do\u015bwiadczenia adwokackie Piesiewicza). <\/p>\n\n\n\n<h2 class=\"wp-block-heading\">Kinowa podr\u00f3\u017c<\/h2>\n\n\n\n<p style=\"font-size:22px\">Wspania\u0142a podr\u00f3\u017c dla mi\u0142o\u015bnik\u00f3w kina i kina Kie\u015blowskiego, ale i dla os\u00f3b ciekawych tamtych czas\u00f3w. Wyj\u0105tkowa ksi\u0105\u017cka, wobec kt\u00f3rej nie potrafi\u0119 by\u0107 obiektywny ze wzgl\u0119du na mi\u0142o\u015b\u0107 do kina obu artyst\u00f3w. Ksi\u0105\u017cka dotyka tej wsp\u00f3\u0142pracy obu tw\u00f3rc\u00f3w: wybitnego re\u017cysera (pioniera? Cz\u0142owieka patrz\u0105cego w dal, artyst\u0119 tworz\u0105cego swoje w\u0142asne, autorskie, niepodrabialne kino) i wsp\u00f3\u0142scenarzyst\u0119 a zarazem adwokata w wielkich procesach PRL. Poznajemy kulisy pracy obu i rodz\u0105c\u0105 si\u0119 przyja\u017a\u0144, ale i inspiracje do powstawania scenariuszy, widzimy te\u017c pierwsze sukcesy zagraniczne film\u00f3w stworzonych przez duet. <\/p>\n\n\n\n<h2 class=\"wp-block-heading\">Z histori\u0105 w tle<\/h2>\n\n\n\n<p style=\"font-size:22px\">Widz jest \u015bwiadkiem procesu tw\u00f3rczego, tego tw\u00f3rczego p\u0119du Kie\u015blowskiego, kt\u00f3ry zako\u0144czy\u0142 si\u0119 nagle w 1996 roku. Dla mnie te\u017c, jako wielbiciela kina Kie\u015blowskiego, by\u0142a to niesamowita podr\u00f3\u017c z powodu opisanych los\u00f3w ostatnich scenariuszy duetu Kie\u015blowski-Piesiewicz oraz samego Piesiewicza, ich odbi\u00f3r. Przyznam, \u017ce tych film\u00f3w nie zna\u0142em, a ch\u0119tnie bym je do\u0142o\u017cy\u0142 do swojej listy. Fascynuj\u0105ce s\u0105 te\u017c wszystkie smaczki, nawi\u0105zania ukryte mi\u0119dzy wersami &#8211; widz film\u00f3w Kie\u015blowskiego wie o co chodzi: o symbole, detale, nawi\u0105zania, po\u0142\u0105czenia mi\u0119dzy postaciami w obr\u0119bie r\u00f3\u017cnych film\u00f3w.<\/p>\n\n\n\n<p class=\"has-medium-font-size\"><strong>Zobacz tak\u017ce:<a href=\"https:\/\/pozalogika.pl\/index.php\/2021\/07\/07\/kilka-ksiazek-na-wczasy-na-wsi-i-w-wielkim-i-tym-troche-mniejszym-miescie\/\" target=\"_blank\" rel=\"noreferrer noopener\">9 ksi\u0105\u017cek-propozycji idealnych na wczasy<\/a><\/strong><\/p>\n\n\n\n<h2 class=\"wp-block-heading\">Tajemnice<\/h2>\n\n\n\n<p style=\"font-size:22px\">Te ostatnie w\u0142a\u015bnie pojawiaj\u0105 si\u0119 w chyba najpopularniejszym cyklu obu tw\u00f3rc\u00f3w &#8211; w &#8220;Dekalogu&#8221;. Wyja\u015bniona zostaje tajemnica postaci granej przez Artura Barcisia. Piesiewicz nie odrzuca interpretacji naros\u0142ych przez lata, ale podsuwa trop. Podobnie, dzi\u0119ki prowadz\u0105cemu rozmow\u0119, czytelnik ksi\u0105\u017cki poznaje te\u017c wiele alternatywnych tre\u015bci, zabieg\u00f3w, planowanych czy to w konspekcie, czy scenariuszu ale ostatecznie nie umieszczonych w filmach.&nbsp;<\/p>\n\n\n\n<h2 class=\"wp-block-heading\">Ten PRL<\/h2>\n\n\n\n<p style=\"font-size:22px\">Ksi\u0105\u017cka jest te\u017c studium \u017cycia w PRL, opr\u00f3cz kulis\u00f3w pracy nad scenariuszami, pracy re\u017cyserskiej i monta\u017cowej Kie\u015blowskiego, opr\u00f3cz szerszego t\u0142a tych film\u00f3w: czy to znaczeniowego, czy dotycz\u0105cego czasu powstawania, w kt\u00f3rych powstawa\u0142y, wiele dowiadujemy si\u0119 o pracy adwokackiej Piesiewicza.&nbsp;<\/p>\n\n\n\n<h2 class=\"wp-block-heading\">(Nie)Przypadek<\/h2>\n\n\n\n<p style=\"font-size:22px\">Bardzo ciekawy wywiad o nie-przypadku, o spotkaniu obu tw\u00f3rc\u00f3w, kt\u00f3re zaowocowa\u0142o bardzo wa\u017cnym rozdzia\u0142em w polskiej (i \u015bwiatowej) kinematografii. Ksi\u0105\u017cka bogata w tre\u015bci, niepozostawiaj\u0105ca w zasadzie poczucia niedosytu.&nbsp;<\/p>\n\n\n\n<h2 class=\"wp-block-heading\" style=\"font-size:22px\">* * *<\/h2>\n\n\n\n<blockquote class=\"wp-block-quote is-layout-flow wp-block-quote-is-layout-flow\">\n<blockquote class=\"wp-block-quote is-layout-flow wp-block-quote-is-layout-flow\">\n<p style=\"font-size:22px\">Jedna ze scen pierwszej cz\u0119\u015bci serialu ,,Dekalog\u201d<em>:<\/em><\/p>\n\n\n\n<p style=\"font-size:22px\">,,Dlaczego ludzie umieraj\u0105?&#8221; &#8211; pyta swojego tat\u0119 Pawe\u0142 &#8211; ma\u0142y ch\u0142opiec.<\/p>\n\n\n\n<p style=\"font-size:22px\">,,R\u00f3\u017cnie, w wypadku, na raka, ze staro\u015bci&#8230;&#8221; &#8211; odpowiada Krzysztof &#8211; ojciec.<\/p>\n\n\n\n<p style=\"font-size:22px\"><strong>Pawe\u0142:<\/strong> ,,Mnie chodzi o to, co to jest \u015bmier\u0107&#8221;.<\/p>\n\n\n\n<p style=\"font-size:22px\"><strong>Krzysztof:<\/strong>&nbsp; ,,\u015amier\u0107? Serce przestaje pompowa\u0107 krew, krew nie dociera do m\u00f3zgu. Wszystko zatrzymuje si\u0119, staje, koniec&#8221;<\/p>\n\n\n\n<p style=\"font-size:22px\"><strong>Pawe\u0142:<\/strong> ,,A co zostaje?&#8221;<\/p>\n\n\n\n<p style=\"font-size:22px\"><strong>Krzysztof:<\/strong>&nbsp; ,,Zostaje to, co cz\u0142owiek zrobi\u0142, pami\u0119\u0107 o nim&#8221;.<\/p>\n<\/blockquote>\n<\/blockquote>\n\n\n\n<p><\/p>\n\n\n\n<h2 class=\"wp-block-heading\">Dla kogo jest ta ksi\u0105\u017cka? 4 mocne wskaz\u00f3wki:<\/h2>\n\n\n\n<ul class=\"wp-block-list\">\n<li class=\"has-medium-font-size\">Dla os\u00f3b zainteresowanych filmem XX wieku<\/li>\n\n\n\n<li class=\"has-medium-font-size\">Ciekawa pozycja dla mi\u0142o\u015bnik\u00f3w kina Kie\u015blowskiego i wa\u017cnych temat\u00f3w spo\u0142ecznych<\/li>\n\n\n\n<li class=\"has-medium-font-size\">Potrzebna ksi\u0105\u017cka dla tych, kt\u00f3rzy nie znaj\u0105 tw\u00f3rczo\u015bci Krzysztofa Kie\u015blowskiego<\/li>\n\n\n\n<li class=\"has-medium-font-size\">Pozycja obowi\u0105zkowa dla mi\u0142o\u015bnik\u00f3w wywiad\u00f3w<\/li>\n<\/ul>\n","protected":false},"excerpt":{"rendered":"<p>Czy ich spotkanie to by\u0142 przypadek? A mo\u017ce tak w\u0142a\u015bnie mia\u0142o by\u0107? Bo spotkanie Krzysztofa Kie\u015blowskiego (w tamtym czasie utalentowanego dokumentalisty, kt\u00f3ry planowa\u0142 nakr\u0119cenie pe\u0142nego&hellip; <\/p>\n","protected":false},"author":2,"featured_media":1866,"comment_status":"open","ping_status":"open","sticky":false,"template":"","format":"standard","meta":{"footnotes":""},"categories":[5,21],"tags":[573,117,126,574],"class_list":["post-1192","post","type-post","status-publish","format-standard","has-post-thumbnail","hentry","category-literatura","category-sztuka-i-popkultura","tag-jazdon","tag-kultura","tag-literatura","tag-piesiewicz"],"yoast_head":"<!-- This site is optimized with the Yoast SEO plugin v27.2 - https:\/\/yoast.com\/product\/yoast-seo-wordpress\/ -->\n<title>Uchwyci\u0107 nieuchwytne, niczego nie omin\u0105\u0107. ,,Kie\u015blowski. Od Bez ko\u0144ca do ko\u0144ca\u201d - K. Piesiewicz, M. Jazdon [RECENZJA] - Poza Logik\u0105 - wiara i samorozw\u00f3j z dusz\u0105 i cia\u0142em<\/title>\n<meta name=\"description\" content=\",,Kie\u015blowski od Bez ko\u0144ca do ko\u0144ca&quot; to opowie\u015b\u0107 wybitnym polskim re\u017cyserze - Krzysztofie Kie\u015blowskim. Wywiad M. Jazdona z K.Piesiewiczem\" \/>\n<meta name=\"robots\" content=\"index, follow, max-snippet:-1, max-image-preview:large, max-video-preview:-1\" \/>\n<link rel=\"canonical\" href=\"https:\/\/pozalogika.pl\/index.php\/2022\/02\/23\/kieslowski-od-do-konca-k-piesiewicz-m-jazdon-recenzja\/\" \/>\n<meta property=\"og:locale\" content=\"pl_PL\" \/>\n<meta property=\"og:type\" content=\"article\" \/>\n<meta property=\"og:title\" content=\"Uchwyci\u0107 nieuchwytne, niczego nie omin\u0105\u0107. ,,Kie\u015blowski. Od Bez ko\u0144ca do ko\u0144ca\u201d - K. Piesiewicz, M. Jazdon [RECENZJA] - Poza Logik\u0105 - wiara i samorozw\u00f3j z dusz\u0105 i cia\u0142em\" \/>\n<meta property=\"og:description\" content=\",,Kie\u015blowski od Bez ko\u0144ca do ko\u0144ca&quot; to opowie\u015b\u0107 wybitnym polskim re\u017cyserze - Krzysztofie Kie\u015blowskim. Wywiad M. Jazdona z K.Piesiewiczem\" \/>\n<meta property=\"og:url\" content=\"https:\/\/pozalogika.pl\/index.php\/2022\/02\/23\/kieslowski-od-do-konca-k-piesiewicz-m-jazdon-recenzja\/\" \/>\n<meta property=\"og:site_name\" content=\"Poza Logik\u0105 - wiara i samorozw\u00f3j z dusz\u0105 i cia\u0142em\" \/>\n<meta property=\"article:publisher\" content=\"https:\/\/www.facebook.com\/pozalogika\" \/>\n<meta property=\"article:author\" content=\"Facebook.com\/pozalogika\" \/>\n<meta property=\"article:published_time\" content=\"2022-02-23T19:09:46+00:00\" \/>\n<meta property=\"article:modified_time\" content=\"2026-04-09T14:11:57+00:00\" \/>\n<meta property=\"og:image\" content=\"http:\/\/pozalogika.pl\/wp-content\/uploads\/2024\/09\/Screenshot_2024-09-23-22-59-58-799_com.instagram.android-edited.jpg\" \/>\n\t<meta property=\"og:image:width\" content=\"1080\" \/>\n\t<meta property=\"og:image:height\" content=\"721\" \/>\n\t<meta property=\"og:image:type\" content=\"image\/jpeg\" \/>\n<meta name=\"author\" content=\"Dariusz Oko\u0144\" \/>\n<meta name=\"twitter:card\" content=\"summary_large_image\" \/>\n<meta name=\"twitter:label1\" content=\"Napisane przez\" \/>\n\t<meta name=\"twitter:data1\" content=\"Dariusz Oko\u0144\" \/>\n\t<meta name=\"twitter:label2\" content=\"Szacowany czas czytania\" \/>\n\t<meta name=\"twitter:data2\" content=\"5 minut\" \/>\n<script type=\"application\/ld+json\" class=\"yoast-schema-graph\">{\"@context\":\"https:\/\/schema.org\",\"@graph\":[{\"@type\":\"Article\",\"@id\":\"https:\/\/pozalogika.pl\/index.php\/2022\/02\/23\/kieslowski-od-do-konca-k-piesiewicz-m-jazdon-recenzja\/#article\",\"isPartOf\":{\"@id\":\"https:\/\/pozalogika.pl\/index.php\/2022\/02\/23\/kieslowski-od-do-konca-k-piesiewicz-m-jazdon-recenzja\/\"},\"author\":{\"name\":\"Dariusz Oko\u0144\",\"@id\":\"https:\/\/pozalogika.pl\/#\/schema\/person\/ee8191446daee40e746b1fe60afe6a15\"},\"headline\":\"Uchwyci\u0107 nieuchwytne, niczego nie omin\u0105\u0107. ,,Kie\u015blowski. Od Bez ko\u0144ca do ko\u0144ca\u201d &#8211; K. Piesiewicz, M. Jazdon [RECENZJA]\",\"datePublished\":\"2022-02-23T19:09:46+00:00\",\"dateModified\":\"2026-04-09T14:11:57+00:00\",\"mainEntityOfPage\":{\"@id\":\"https:\/\/pozalogika.pl\/index.php\/2022\/02\/23\/kieslowski-od-do-konca-k-piesiewicz-m-jazdon-recenzja\/\"},\"wordCount\":1047,\"commentCount\":0,\"publisher\":{\"@id\":\"https:\/\/pozalogika.pl\/#organization\"},\"image\":{\"@id\":\"https:\/\/pozalogika.pl\/index.php\/2022\/02\/23\/kieslowski-od-do-konca-k-piesiewicz-m-jazdon-recenzja\/#primaryimage\"},\"thumbnailUrl\":\"https:\/\/pozalogika.pl\/wp-content\/uploads\/2024\/09\/Screenshot_2024-09-23-22-59-58-799_com.instagram.android-edited.jpg\",\"keywords\":[\"Jazdon\",\"kultura\",\"literatura\",\"Piesiewicz\"],\"articleSection\":[\"Literatura\",\"Sztuka i popkultura\"],\"inLanguage\":\"pl-PL\",\"potentialAction\":[{\"@type\":\"CommentAction\",\"name\":\"Comment\",\"target\":[\"https:\/\/pozalogika.pl\/index.php\/2022\/02\/23\/kieslowski-od-do-konca-k-piesiewicz-m-jazdon-recenzja\/#respond\"]}]},{\"@type\":\"WebPage\",\"@id\":\"https:\/\/pozalogika.pl\/index.php\/2022\/02\/23\/kieslowski-od-do-konca-k-piesiewicz-m-jazdon-recenzja\/\",\"url\":\"https:\/\/pozalogika.pl\/index.php\/2022\/02\/23\/kieslowski-od-do-konca-k-piesiewicz-m-jazdon-recenzja\/\",\"name\":\"Uchwyci\u0107 nieuchwytne, niczego nie omin\u0105\u0107. ,,Kie\u015blowski. Od Bez ko\u0144ca do ko\u0144ca\u201d - K. Piesiewicz, M. Jazdon [RECENZJA] - Poza Logik\u0105 - wiara i samorozw\u00f3j z dusz\u0105 i cia\u0142em\",\"isPartOf\":{\"@id\":\"https:\/\/pozalogika.pl\/#website\"},\"primaryImageOfPage\":{\"@id\":\"https:\/\/pozalogika.pl\/index.php\/2022\/02\/23\/kieslowski-od-do-konca-k-piesiewicz-m-jazdon-recenzja\/#primaryimage\"},\"image\":{\"@id\":\"https:\/\/pozalogika.pl\/index.php\/2022\/02\/23\/kieslowski-od-do-konca-k-piesiewicz-m-jazdon-recenzja\/#primaryimage\"},\"thumbnailUrl\":\"https:\/\/pozalogika.pl\/wp-content\/uploads\/2024\/09\/Screenshot_2024-09-23-22-59-58-799_com.instagram.android-edited.jpg\",\"datePublished\":\"2022-02-23T19:09:46+00:00\",\"dateModified\":\"2026-04-09T14:11:57+00:00\",\"description\":\",,Kie\u015blowski od Bez ko\u0144ca do ko\u0144ca\\\" to opowie\u015b\u0107 wybitnym polskim re\u017cyserze - Krzysztofie Kie\u015blowskim. Wywiad M. Jazdona z K.Piesiewiczem\",\"breadcrumb\":{\"@id\":\"https:\/\/pozalogika.pl\/index.php\/2022\/02\/23\/kieslowski-od-do-konca-k-piesiewicz-m-jazdon-recenzja\/#breadcrumb\"},\"inLanguage\":\"pl-PL\",\"potentialAction\":[{\"@type\":\"ReadAction\",\"target\":[\"https:\/\/pozalogika.pl\/index.php\/2022\/02\/23\/kieslowski-od-do-konca-k-piesiewicz-m-jazdon-recenzja\/\"]}]},{\"@type\":\"ImageObject\",\"inLanguage\":\"pl-PL\",\"@id\":\"https:\/\/pozalogika.pl\/index.php\/2022\/02\/23\/kieslowski-od-do-konca-k-piesiewicz-m-jazdon-recenzja\/#primaryimage\",\"url\":\"https:\/\/pozalogika.pl\/wp-content\/uploads\/2024\/09\/Screenshot_2024-09-23-22-59-58-799_com.instagram.android-edited.jpg\",\"contentUrl\":\"https:\/\/pozalogika.pl\/wp-content\/uploads\/2024\/09\/Screenshot_2024-09-23-22-59-58-799_com.instagram.android-edited.jpg\",\"width\":1080,\"height\":721,\"caption\":\",,Kie\u015blowski od bez ko\u0144ca do ko\u0144ca\\\" Jazdon, Piesiewicz - ok\u0142adka ksi\u0105\u017cki\"},{\"@type\":\"BreadcrumbList\",\"@id\":\"https:\/\/pozalogika.pl\/index.php\/2022\/02\/23\/kieslowski-od-do-konca-k-piesiewicz-m-jazdon-recenzja\/#breadcrumb\",\"itemListElement\":[{\"@type\":\"ListItem\",\"position\":1,\"name\":\"Strona g\u0142\u00f3wna\",\"item\":\"https:\/\/pozalogika.pl\/\"},{\"@type\":\"ListItem\",\"position\":2,\"name\":\"Uchwyci\u0107 nieuchwytne, niczego nie omin\u0105\u0107. ,,Kie\u015blowski. Od Bez ko\u0144ca do ko\u0144ca\u201d &#8211; K. Piesiewicz, M. Jazdon [RECENZJA]\"}]},{\"@type\":\"WebSite\",\"@id\":\"https:\/\/pozalogika.pl\/#website\",\"url\":\"https:\/\/pozalogika.pl\/\",\"name\":\"Poza Logik\u0105\",\"description\":\"\",\"publisher\":{\"@id\":\"https:\/\/pozalogika.pl\/#organization\"},\"potentialAction\":[{\"@type\":\"SearchAction\",\"target\":{\"@type\":\"EntryPoint\",\"urlTemplate\":\"https:\/\/pozalogika.pl\/?s={search_term_string}\"},\"query-input\":{\"@type\":\"PropertyValueSpecification\",\"valueRequired\":true,\"valueName\":\"search_term_string\"}}],\"inLanguage\":\"pl-PL\"},{\"@type\":\"Organization\",\"@id\":\"https:\/\/pozalogika.pl\/#organization\",\"name\":\"Poza Logik\u0105. Chrze\u015bcija\u0144ski coaching i wiara\",\"url\":\"https:\/\/pozalogika.pl\/\",\"logo\":{\"@type\":\"ImageObject\",\"inLanguage\":\"pl-PL\",\"@id\":\"https:\/\/pozalogika.pl\/#\/schema\/logo\/image\/\",\"url\":\"http:\/\/pozalogika.pl\/wp-content\/uploads\/2025\/03\/img_1_1742766565195.jpg\",\"contentUrl\":\"http:\/\/pozalogika.pl\/wp-content\/uploads\/2025\/03\/img_1_1742766565195.jpg\",\"width\":1070,\"height\":1070,\"caption\":\"Poza Logik\u0105. Chrze\u015bcija\u0144ski coaching i wiara\"},\"image\":{\"@id\":\"https:\/\/pozalogika.pl\/#\/schema\/logo\/image\/\"},\"sameAs\":[\"https:\/\/www.facebook.com\/pozalogika\"]},{\"@type\":\"Person\",\"@id\":\"https:\/\/pozalogika.pl\/#\/schema\/person\/ee8191446daee40e746b1fe60afe6a15\",\"name\":\"Dariusz Oko\u0144\",\"image\":{\"@type\":\"ImageObject\",\"inLanguage\":\"pl-PL\",\"@id\":\"https:\/\/secure.gravatar.com\/avatar\/f5dc13b34a676c3c209a378216dad3cb59335cb1fb19a05d3352eff47b8924f9?s=96&d=mm&r=g\",\"url\":\"https:\/\/secure.gravatar.com\/avatar\/f5dc13b34a676c3c209a378216dad3cb59335cb1fb19a05d3352eff47b8924f9?s=96&d=mm&r=g\",\"contentUrl\":\"https:\/\/secure.gravatar.com\/avatar\/f5dc13b34a676c3c209a378216dad3cb59335cb1fb19a05d3352eff47b8924f9?s=96&d=mm&r=g\",\"caption\":\"Dariusz Oko\u0144\"},\"description\":\"Z wykszta\u0142cenia dziennikarz i trener rozwoju osobistego, w wolnych chwilach pasjonat literatury, biegania, fotografii i samorozwoju. Wierzy w rol\u0119 \u015bwieckich w Ko\u015bciele a tak\u017ce wierzy w holistyczne podej\u015bcie do cz\u0142owieka, to dlatego uczestniczy\u0142 w kursach z zakresu dietetyki oraz treningu personalnego. Aktywno\u015b\u0107 fizyczna to nie wszystko, \u0142\u0105czy j\u0105 wi\u0119c z zainteresowaniem psychologi\u0105 oraz teologi\u0105 katolick\u0105.\",\"sameAs\":[\"http:\/\/www.pozalogika.pl\",\"Facebook.com\/pozalogika\",\"Instagram.com\/pozalogika\"],\"url\":\"https:\/\/pozalogika.pl\/index.php\/author\/admin9010\/\"}]}<\/script>\n<!-- \/ Yoast SEO plugin. -->","yoast_head_json":{"title":"Uchwyci\u0107 nieuchwytne, niczego nie omin\u0105\u0107. ,,Kie\u015blowski. Od Bez ko\u0144ca do ko\u0144ca\u201d - K. Piesiewicz, M. Jazdon [RECENZJA] - Poza Logik\u0105 - wiara i samorozw\u00f3j z dusz\u0105 i cia\u0142em","description":",,Kie\u015blowski od Bez ko\u0144ca do ko\u0144ca\" to opowie\u015b\u0107 wybitnym polskim re\u017cyserze - Krzysztofie Kie\u015blowskim. Wywiad M. Jazdona z K.Piesiewiczem","robots":{"index":"index","follow":"follow","max-snippet":"max-snippet:-1","max-image-preview":"max-image-preview:large","max-video-preview":"max-video-preview:-1"},"canonical":"https:\/\/pozalogika.pl\/index.php\/2022\/02\/23\/kieslowski-od-do-konca-k-piesiewicz-m-jazdon-recenzja\/","og_locale":"pl_PL","og_type":"article","og_title":"Uchwyci\u0107 nieuchwytne, niczego nie omin\u0105\u0107. ,,Kie\u015blowski. Od Bez ko\u0144ca do ko\u0144ca\u201d - K. Piesiewicz, M. Jazdon [RECENZJA] - Poza Logik\u0105 - wiara i samorozw\u00f3j z dusz\u0105 i cia\u0142em","og_description":",,Kie\u015blowski od Bez ko\u0144ca do ko\u0144ca\" to opowie\u015b\u0107 wybitnym polskim re\u017cyserze - Krzysztofie Kie\u015blowskim. Wywiad M. Jazdona z K.Piesiewiczem","og_url":"https:\/\/pozalogika.pl\/index.php\/2022\/02\/23\/kieslowski-od-do-konca-k-piesiewicz-m-jazdon-recenzja\/","og_site_name":"Poza Logik\u0105 - wiara i samorozw\u00f3j z dusz\u0105 i cia\u0142em","article_publisher":"https:\/\/www.facebook.com\/pozalogika","article_author":"Facebook.com\/pozalogika","article_published_time":"2022-02-23T19:09:46+00:00","article_modified_time":"2026-04-09T14:11:57+00:00","og_image":[{"width":1080,"height":721,"url":"http:\/\/pozalogika.pl\/wp-content\/uploads\/2024\/09\/Screenshot_2024-09-23-22-59-58-799_com.instagram.android-edited.jpg","type":"image\/jpeg"}],"author":"Dariusz Oko\u0144","twitter_card":"summary_large_image","twitter_misc":{"Napisane przez":"Dariusz Oko\u0144","Szacowany czas czytania":"5 minut"},"schema":{"@context":"https:\/\/schema.org","@graph":[{"@type":"Article","@id":"https:\/\/pozalogika.pl\/index.php\/2022\/02\/23\/kieslowski-od-do-konca-k-piesiewicz-m-jazdon-recenzja\/#article","isPartOf":{"@id":"https:\/\/pozalogika.pl\/index.php\/2022\/02\/23\/kieslowski-od-do-konca-k-piesiewicz-m-jazdon-recenzja\/"},"author":{"name":"Dariusz Oko\u0144","@id":"https:\/\/pozalogika.pl\/#\/schema\/person\/ee8191446daee40e746b1fe60afe6a15"},"headline":"Uchwyci\u0107 nieuchwytne, niczego nie omin\u0105\u0107. ,,Kie\u015blowski. Od Bez ko\u0144ca do ko\u0144ca\u201d &#8211; K. Piesiewicz, M. Jazdon [RECENZJA]","datePublished":"2022-02-23T19:09:46+00:00","dateModified":"2026-04-09T14:11:57+00:00","mainEntityOfPage":{"@id":"https:\/\/pozalogika.pl\/index.php\/2022\/02\/23\/kieslowski-od-do-konca-k-piesiewicz-m-jazdon-recenzja\/"},"wordCount":1047,"commentCount":0,"publisher":{"@id":"https:\/\/pozalogika.pl\/#organization"},"image":{"@id":"https:\/\/pozalogika.pl\/index.php\/2022\/02\/23\/kieslowski-od-do-konca-k-piesiewicz-m-jazdon-recenzja\/#primaryimage"},"thumbnailUrl":"https:\/\/pozalogika.pl\/wp-content\/uploads\/2024\/09\/Screenshot_2024-09-23-22-59-58-799_com.instagram.android-edited.jpg","keywords":["Jazdon","kultura","literatura","Piesiewicz"],"articleSection":["Literatura","Sztuka i popkultura"],"inLanguage":"pl-PL","potentialAction":[{"@type":"CommentAction","name":"Comment","target":["https:\/\/pozalogika.pl\/index.php\/2022\/02\/23\/kieslowski-od-do-konca-k-piesiewicz-m-jazdon-recenzja\/#respond"]}]},{"@type":"WebPage","@id":"https:\/\/pozalogika.pl\/index.php\/2022\/02\/23\/kieslowski-od-do-konca-k-piesiewicz-m-jazdon-recenzja\/","url":"https:\/\/pozalogika.pl\/index.php\/2022\/02\/23\/kieslowski-od-do-konca-k-piesiewicz-m-jazdon-recenzja\/","name":"Uchwyci\u0107 nieuchwytne, niczego nie omin\u0105\u0107. ,,Kie\u015blowski. Od Bez ko\u0144ca do ko\u0144ca\u201d - K. Piesiewicz, M. Jazdon [RECENZJA] - Poza Logik\u0105 - wiara i samorozw\u00f3j z dusz\u0105 i cia\u0142em","isPartOf":{"@id":"https:\/\/pozalogika.pl\/#website"},"primaryImageOfPage":{"@id":"https:\/\/pozalogika.pl\/index.php\/2022\/02\/23\/kieslowski-od-do-konca-k-piesiewicz-m-jazdon-recenzja\/#primaryimage"},"image":{"@id":"https:\/\/pozalogika.pl\/index.php\/2022\/02\/23\/kieslowski-od-do-konca-k-piesiewicz-m-jazdon-recenzja\/#primaryimage"},"thumbnailUrl":"https:\/\/pozalogika.pl\/wp-content\/uploads\/2024\/09\/Screenshot_2024-09-23-22-59-58-799_com.instagram.android-edited.jpg","datePublished":"2022-02-23T19:09:46+00:00","dateModified":"2026-04-09T14:11:57+00:00","description":",,Kie\u015blowski od Bez ko\u0144ca do ko\u0144ca\" to opowie\u015b\u0107 wybitnym polskim re\u017cyserze - Krzysztofie Kie\u015blowskim. Wywiad M. Jazdona z K.Piesiewiczem","breadcrumb":{"@id":"https:\/\/pozalogika.pl\/index.php\/2022\/02\/23\/kieslowski-od-do-konca-k-piesiewicz-m-jazdon-recenzja\/#breadcrumb"},"inLanguage":"pl-PL","potentialAction":[{"@type":"ReadAction","target":["https:\/\/pozalogika.pl\/index.php\/2022\/02\/23\/kieslowski-od-do-konca-k-piesiewicz-m-jazdon-recenzja\/"]}]},{"@type":"ImageObject","inLanguage":"pl-PL","@id":"https:\/\/pozalogika.pl\/index.php\/2022\/02\/23\/kieslowski-od-do-konca-k-piesiewicz-m-jazdon-recenzja\/#primaryimage","url":"https:\/\/pozalogika.pl\/wp-content\/uploads\/2024\/09\/Screenshot_2024-09-23-22-59-58-799_com.instagram.android-edited.jpg","contentUrl":"https:\/\/pozalogika.pl\/wp-content\/uploads\/2024\/09\/Screenshot_2024-09-23-22-59-58-799_com.instagram.android-edited.jpg","width":1080,"height":721,"caption":",,Kie\u015blowski od bez ko\u0144ca do ko\u0144ca\" Jazdon, Piesiewicz - ok\u0142adka ksi\u0105\u017cki"},{"@type":"BreadcrumbList","@id":"https:\/\/pozalogika.pl\/index.php\/2022\/02\/23\/kieslowski-od-do-konca-k-piesiewicz-m-jazdon-recenzja\/#breadcrumb","itemListElement":[{"@type":"ListItem","position":1,"name":"Strona g\u0142\u00f3wna","item":"https:\/\/pozalogika.pl\/"},{"@type":"ListItem","position":2,"name":"Uchwyci\u0107 nieuchwytne, niczego nie omin\u0105\u0107. ,,Kie\u015blowski. Od Bez ko\u0144ca do ko\u0144ca\u201d &#8211; K. Piesiewicz, M. Jazdon [RECENZJA]"}]},{"@type":"WebSite","@id":"https:\/\/pozalogika.pl\/#website","url":"https:\/\/pozalogika.pl\/","name":"Poza Logik\u0105","description":"","publisher":{"@id":"https:\/\/pozalogika.pl\/#organization"},"potentialAction":[{"@type":"SearchAction","target":{"@type":"EntryPoint","urlTemplate":"https:\/\/pozalogika.pl\/?s={search_term_string}"},"query-input":{"@type":"PropertyValueSpecification","valueRequired":true,"valueName":"search_term_string"}}],"inLanguage":"pl-PL"},{"@type":"Organization","@id":"https:\/\/pozalogika.pl\/#organization","name":"Poza Logik\u0105. Chrze\u015bcija\u0144ski coaching i wiara","url":"https:\/\/pozalogika.pl\/","logo":{"@type":"ImageObject","inLanguage":"pl-PL","@id":"https:\/\/pozalogika.pl\/#\/schema\/logo\/image\/","url":"http:\/\/pozalogika.pl\/wp-content\/uploads\/2025\/03\/img_1_1742766565195.jpg","contentUrl":"http:\/\/pozalogika.pl\/wp-content\/uploads\/2025\/03\/img_1_1742766565195.jpg","width":1070,"height":1070,"caption":"Poza Logik\u0105. Chrze\u015bcija\u0144ski coaching i wiara"},"image":{"@id":"https:\/\/pozalogika.pl\/#\/schema\/logo\/image\/"},"sameAs":["https:\/\/www.facebook.com\/pozalogika"]},{"@type":"Person","@id":"https:\/\/pozalogika.pl\/#\/schema\/person\/ee8191446daee40e746b1fe60afe6a15","name":"Dariusz Oko\u0144","image":{"@type":"ImageObject","inLanguage":"pl-PL","@id":"https:\/\/secure.gravatar.com\/avatar\/f5dc13b34a676c3c209a378216dad3cb59335cb1fb19a05d3352eff47b8924f9?s=96&d=mm&r=g","url":"https:\/\/secure.gravatar.com\/avatar\/f5dc13b34a676c3c209a378216dad3cb59335cb1fb19a05d3352eff47b8924f9?s=96&d=mm&r=g","contentUrl":"https:\/\/secure.gravatar.com\/avatar\/f5dc13b34a676c3c209a378216dad3cb59335cb1fb19a05d3352eff47b8924f9?s=96&d=mm&r=g","caption":"Dariusz Oko\u0144"},"description":"Z wykszta\u0142cenia dziennikarz i trener rozwoju osobistego, w wolnych chwilach pasjonat literatury, biegania, fotografii i samorozwoju. Wierzy w rol\u0119 \u015bwieckich w Ko\u015bciele a tak\u017ce wierzy w holistyczne podej\u015bcie do cz\u0142owieka, to dlatego uczestniczy\u0142 w kursach z zakresu dietetyki oraz treningu personalnego. Aktywno\u015b\u0107 fizyczna to nie wszystko, \u0142\u0105czy j\u0105 wi\u0119c z zainteresowaniem psychologi\u0105 oraz teologi\u0105 katolick\u0105.","sameAs":["http:\/\/www.pozalogika.pl","Facebook.com\/pozalogika","Instagram.com\/pozalogika"],"url":"https:\/\/pozalogika.pl\/index.php\/author\/admin9010\/"}]}},"_links":{"self":[{"href":"https:\/\/pozalogika.pl\/index.php\/wp-json\/wp\/v2\/posts\/1192","targetHints":{"allow":["GET"]}}],"collection":[{"href":"https:\/\/pozalogika.pl\/index.php\/wp-json\/wp\/v2\/posts"}],"about":[{"href":"https:\/\/pozalogika.pl\/index.php\/wp-json\/wp\/v2\/types\/post"}],"author":[{"embeddable":true,"href":"https:\/\/pozalogika.pl\/index.php\/wp-json\/wp\/v2\/users\/2"}],"replies":[{"embeddable":true,"href":"https:\/\/pozalogika.pl\/index.php\/wp-json\/wp\/v2\/comments?post=1192"}],"version-history":[{"count":3,"href":"https:\/\/pozalogika.pl\/index.php\/wp-json\/wp\/v2\/posts\/1192\/revisions"}],"predecessor-version":[{"id":3070,"href":"https:\/\/pozalogika.pl\/index.php\/wp-json\/wp\/v2\/posts\/1192\/revisions\/3070"}],"wp:featuredmedia":[{"embeddable":true,"href":"https:\/\/pozalogika.pl\/index.php\/wp-json\/wp\/v2\/media\/1866"}],"wp:attachment":[{"href":"https:\/\/pozalogika.pl\/index.php\/wp-json\/wp\/v2\/media?parent=1192"}],"wp:term":[{"taxonomy":"category","embeddable":true,"href":"https:\/\/pozalogika.pl\/index.php\/wp-json\/wp\/v2\/categories?post=1192"},{"taxonomy":"post_tag","embeddable":true,"href":"https:\/\/pozalogika.pl\/index.php\/wp-json\/wp\/v2\/tags?post=1192"}],"curies":[{"name":"wp","href":"https:\/\/api.w.org\/{rel}","templated":true}]}}