{"id":1397,"date":"2023-05-31T21:53:45","date_gmt":"2023-05-31T19:53:45","guid":{"rendered":"http:\/\/pozalogika.pl\/?p=1397"},"modified":"2026-04-09T12:36:18","modified_gmt":"2026-04-09T12:36:18","slug":"zapasc-sie-w-miasto-m-szymaniak-zapasc-recenzja","status":"publish","type":"post","link":"https:\/\/pozalogika.pl\/index.php\/2023\/05\/31\/zapasc-sie-w-miasto-m-szymaniak-zapasc-recenzja\/","title":{"rendered":"Zapa\u015b\u0107 si\u0119&#8230;w miasto. M. Szymaniak &#8211; &#8220;Zapa\u015b\u0107&#8221; [recenzja]"},"content":{"rendered":"\n<figure class=\"wp-block-image size-large\"><img loading=\"lazy\" decoding=\"async\" width=\"1080\" height=\"811\" src=\"https:\/\/pozalogika.pl\/wp-content\/uploads\/2024\/07\/Screenshot_2024-07-24-00-55-56-786_com.instagram.android-edited.jpg\" alt=\"Zapa\u015b\u0107 - Marek Szymaniak - zdj\u0119cie ok\u0142adki\" class=\"wp-image-1738\" srcset=\"https:\/\/pozalogika.pl\/wp-content\/uploads\/2024\/07\/Screenshot_2024-07-24-00-55-56-786_com.instagram.android-edited.jpg 1080w, https:\/\/pozalogika.pl\/wp-content\/uploads\/2024\/07\/Screenshot_2024-07-24-00-55-56-786_com.instagram.android-edited-300x225.jpg 300w, https:\/\/pozalogika.pl\/wp-content\/uploads\/2024\/07\/Screenshot_2024-07-24-00-55-56-786_com.instagram.android-edited-1024x769.jpg 1024w, https:\/\/pozalogika.pl\/wp-content\/uploads\/2024\/07\/Screenshot_2024-07-24-00-55-56-786_com.instagram.android-edited-768x577.jpg 768w\" sizes=\"auto, (max-width: 1080px) 100vw, 1080px\" \/><\/figure>\n\n\n\n<p class=\"has-drop-cap has-medium-font-size\"><strong>&#8220;Zapa\u015b\u0107&#8221; ma wiele wsp\u00f3lnych miejsc z innym reporta\u017cem autora &#8211; z <a href=\"https:\/\/pozalogika.pl\/index.php\/2022\/06\/15\/bezsilni-m-szymaniaka-urobieni-reportaze-o-pracy-recenzja\/\" target=\"_blank\" rel=\"noreferrer noopener\">&#8220;Urobionymi&#8221;. <\/a><\/strong><\/p>\n\n\n\n<!--more-->\n\n\n\n<p class=\"has-medium-font-size\">Bo kwestia pracy, a raczej jej niestabilno\u015bci, bo ludzkie losy, bo r\u00f3\u017cne nieuczciwe praktyki na tym rynku, s\u0105 tak\u017ce i tu. Ale to tylko cz\u0119\u015b\u0107. Bo gdy np. jeden z bohater\u00f3w w Polsce t\u0119skni za stabilno\u015bci\u0105 pracy za granic\u0105, a na emigracji t\u0119skni za swoj\u0105 stabilno\u015bci\u0105 \u017cycia i mieszkania w rodzinnym mie\u015bcie, to robi si\u0119 mocno spersonalizowany dramat rozpisany na jednego z tysi\u0119cy mu podobnych tragicznych bohater\u00f3w tego osobistego dramatu. <\/p>\n\n\n\n<h2 class=\"wp-block-heading\">Przemiany ustrojowe<\/h2>\n\n\n\n<p class=\"has-medium-font-size\">A to te\u017c opowie\u015b\u0107 o prywatyzacji, o dawnej \u015bwietno\u015bci zak\u0142ad\u00f3w pracy, kt\u00f3re dawa\u0142y zatrudnienie przez pokolenia, a po &#8217;89 to siad\u0142o. Bo praca to z jednej strony tylko fragment tych &#8220;zapa\u015bci&#8221; a z drugiej strony samo sedno tego zjawiska. Miasta, kt\u00f3re s\u0105 wyludniane z m\u0142odych opuszczaj\u0105cych je dla pracy w wi\u0119kszych miastach lub dla zatrudnienia poza granicami kraju, samotni starsi ludzie buduj\u0105cy domy dla rodziny aby mie\u0107 z kim mieszka\u0107, a finalnie samotna staro\u015b\u0107. A gdy o mieszkaniu, to jest te\u017c miejsce na wynajem lub zakup w\u0142asnego lokum, kt\u00f3re to kwestie r\u00f3wnie\u017c s\u0105 powi\u0105zane z prac\u0105, perspektywami (cho\u0107 s\u0105 i dobre inicjatywy jak opowie\u015b\u0107 o sp\u00f3\u0142dzielni mieszkaniowej wychodz\u0105cej na przeciw potrzebom lokalnej spo\u0142eczno\u015bci). <\/p>\n\n\n\n<h2 class=\"wp-block-heading\">Na zdrowie?<\/h2>\n\n\n\n<p class=\"has-medium-font-size\">To te\u017c opowie\u015b\u0107 o s\u0142u\u017cbie zdrowia, o wielu czynnikach kt\u00f3re sk\u0142adaj\u0105 si\u0119 na \u017cycie w ma\u0142ych miastach i w takich, kt\u00f3re do tej granicy zapa\u015bci niestety powoli mog\u0105 si\u0119 zbli\u017ca\u0107. I cho\u0107 to operowanie na konkretnych przyk\u0142adach i mocy statystyk, raport\u00f3w, analiz, kt\u00f3re s\u0105 p\u0142ynnie i zgrabnie wtkane w narracj\u0119, to te\u017c opowie\u015b\u0107 uniwersalna. Bo my\u015bl\u0119, \u017ce wiele os\u00f3b mog\u0142oby tu dopisa\u0107 w\u0142asny rozdzia\u0142, a autor m\u00f3g\u0142by od &#8220;Zapa\u015bci&#8221; rozpocz\u0105\u0107 reporta\u017c wydawany w tomach. To bardzo prawdziwy reporta\u017c i bardzo przygn\u0119biaj\u0105cy. Podoba mi si\u0119 w nim to, \u017ce autor skupia si\u0119 przede wszystkim na bohaterach, na ich opowie\u015bciach. <\/p>\n\n\n\n<h2 class=\"wp-block-heading\">Podsumowuj\u0105c<\/h2>\n\n\n\n<p class=\"has-medium-font-size\">Temat jest z\u0142o\u017cony, ale w naszym kraju powszechny: albo sami pochodzimy z miast ocieraj\u0105cych si\u0119 o zapa\u015b\u0107 albo mamy kogo\u015b w rodzinie lub w\u015br\u00f3d znajomych, kt\u00f3ry uciek\u0142 z tej &#8220;zapa\u015bci&#8221;, autor postanowi\u0142 te r\u00f3\u017cne oblicza zjawiska opisa\u0107, wysz\u0142a opowie\u015b\u0107 o braku pracy, samotno\u015bci, upadku stabilno\u015bci ale przede wszystkim o upadku czego\u015b, co by\u0142o czyim\u015b \u015bwiatem: rodzinnym, dzieci\u0144stwa, m\u0142odo\u015bci, marzeniem o stabilnej staro\u015bci. I chyba to u\u015bmiercenie tej pami\u0119ci jest w zapa\u015bci polskich miast tak przejmuj\u0105ce i smutne. Niezmiennie kolejny reporta\u017c, kt\u00f3ry powinien dotrze\u0107 wy\u017cej, albo ni\u017cej: do w\u0142odarzy wielu miast.<\/p>\n\n\n\n<p class=\"has-medium-font-size\"><strong>Zobacz tak\u017ce: <a href=\"https:\/\/pozalogika.pl\/index.php\/2023\/05\/01\/podroz-z-literackim-sztambuchem-ksiazkowy-esej\/\" target=\"_blank\" rel=\"noreferrer noopener\">Podr\u00f3\u017c z literackim sztambuchem. Ksi\u0105\u017ckowy esej<\/a><\/strong><\/p>\n\n\n\n<h2 class=\"wp-block-heading\">Dla kogo jest ten reporta\u017c? 4 mocne wskaz\u00f3wki:<\/h2>\n\n\n\n<ul class=\"wp-block-list\">\n<li class=\"has-medium-font-size\">Dla os\u00f3b, kt\u00f3re nie s\u0105 oboj\u0119tne \u015bwiat wok\u00f3\u0142<\/li>\n\n\n\n<li class=\"has-medium-font-size\">Pozycja dla czytelnik\u00f3w reporta\u017cu i wa\u017cnych temat\u00f3w spo\u0142ecznych<\/li>\n\n\n\n<li class=\"has-medium-font-size\">Potrzebna ksi\u0105\u017cka dla tych, kt\u00f3rzy chc\u0105 co\u015b zmieni\u0107 <\/li>\n\n\n\n<li class=\"has-medium-font-size\">Pozycja obowi\u0105zkowa dla maj\u0105cych wp\u0142yw na zmiany w prawie<\/li>\n<\/ul>\n","protected":false},"excerpt":{"rendered":"<p>&#8220;Zapa\u015b\u0107&#8221; ma wiele wsp\u00f3lnych miejsc z innym reporta\u017cem autora &#8211; z &#8220;Urobionymi&#8221;.<\/p>\n","protected":false},"author":2,"featured_media":1738,"comment_status":"open","ping_status":"open","sticky":false,"template":"","format":"standard","meta":{"footnotes":""},"categories":[5,19,21],"tags":[133,136,172,224],"class_list":["post-1397","post","type-post","status-publish","format-standard","has-post-thumbnail","hentry","category-literatura","category-spoleczenstwo","category-sztuka-i-popkultura","tag-male-miasto","tag-marek-szymaniak","tag-reportaz","tag-zapasc"],"yoast_head":"<!-- This site is optimized with the Yoast SEO plugin v27.2 - https:\/\/yoast.com\/product\/yoast-seo-wordpress\/ -->\n<title>Zapa\u015b\u0107 si\u0119...w miasto. M. Szymaniak - &quot;Zapa\u015b\u0107&quot; [recenzja] - Poza Logik\u0105 - wiara i samorozw\u00f3j z dusz\u0105 i cia\u0142em<\/title>\n<meta name=\"description\" content=\"Zapa\u015b\u0107 Marka Szymaniaka to reporta\u017c o ma\u0142ych miastach, a wi\u0119c reporta\u017c niezwykle wa\u017cny, bo ma\u0142e miasta w Polsce s\u0105. I \u0142atwo nie jest\" \/>\n<meta name=\"robots\" content=\"index, follow, max-snippet:-1, max-image-preview:large, max-video-preview:-1\" \/>\n<link rel=\"canonical\" href=\"https:\/\/pozalogika.pl\/index.php\/2023\/05\/31\/zapasc-sie-w-miasto-m-szymaniak-zapasc-recenzja\/\" \/>\n<meta property=\"og:locale\" content=\"pl_PL\" \/>\n<meta property=\"og:type\" content=\"article\" \/>\n<meta property=\"og:title\" content=\"Zapa\u015b\u0107 si\u0119...w miasto. M. Szymaniak - &quot;Zapa\u015b\u0107&quot; [recenzja] - Poza Logik\u0105 - wiara i samorozw\u00f3j z dusz\u0105 i cia\u0142em\" \/>\n<meta property=\"og:description\" content=\"Zapa\u015b\u0107 Marka Szymaniaka to reporta\u017c o ma\u0142ych miastach, a wi\u0119c reporta\u017c niezwykle wa\u017cny, bo ma\u0142e miasta w Polsce s\u0105. I \u0142atwo nie jest\" \/>\n<meta property=\"og:url\" content=\"https:\/\/pozalogika.pl\/index.php\/2023\/05\/31\/zapasc-sie-w-miasto-m-szymaniak-zapasc-recenzja\/\" \/>\n<meta property=\"og:site_name\" content=\"Poza Logik\u0105 - wiara i samorozw\u00f3j z dusz\u0105 i cia\u0142em\" \/>\n<meta property=\"article:publisher\" content=\"https:\/\/www.facebook.com\/pozalogika\" \/>\n<meta property=\"article:author\" content=\"Facebook.com\/pozalogika\" \/>\n<meta property=\"article:published_time\" content=\"2023-05-31T19:53:45+00:00\" \/>\n<meta property=\"article:modified_time\" content=\"2026-04-09T12:36:18+00:00\" \/>\n<meta property=\"og:image\" content=\"http:\/\/pozalogika.pl\/wp-content\/uploads\/2024\/07\/Screenshot_2024-07-24-00-55-56-786_com.instagram.android-edited.jpg\" \/>\n\t<meta property=\"og:image:width\" content=\"1080\" \/>\n\t<meta property=\"og:image:height\" content=\"811\" \/>\n\t<meta property=\"og:image:type\" content=\"image\/jpeg\" \/>\n<meta name=\"author\" content=\"Dariusz Oko\u0144\" \/>\n<meta name=\"twitter:card\" content=\"summary_large_image\" \/>\n<meta name=\"twitter:label1\" content=\"Napisane przez\" \/>\n\t<meta name=\"twitter:data1\" content=\"Dariusz Oko\u0144\" \/>\n\t<meta name=\"twitter:label2\" content=\"Szacowany czas czytania\" \/>\n\t<meta name=\"twitter:data2\" content=\"4 minuty\" \/>\n<script type=\"application\/ld+json\" class=\"yoast-schema-graph\">{\"@context\":\"https:\/\/schema.org\",\"@graph\":[{\"@type\":\"Article\",\"@id\":\"https:\/\/pozalogika.pl\/index.php\/2023\/05\/31\/zapasc-sie-w-miasto-m-szymaniak-zapasc-recenzja\/#article\",\"isPartOf\":{\"@id\":\"https:\/\/pozalogika.pl\/index.php\/2023\/05\/31\/zapasc-sie-w-miasto-m-szymaniak-zapasc-recenzja\/\"},\"author\":{\"name\":\"Dariusz Oko\u0144\",\"@id\":\"https:\/\/pozalogika.pl\/#\/schema\/person\/ee8191446daee40e746b1fe60afe6a15\"},\"headline\":\"Zapa\u015b\u0107 si\u0119&#8230;w miasto. M. Szymaniak &#8211; &#8220;Zapa\u015b\u0107&#8221; [recenzja]\",\"datePublished\":\"2023-05-31T19:53:45+00:00\",\"dateModified\":\"2026-04-09T12:36:18+00:00\",\"mainEntityOfPage\":{\"@id\":\"https:\/\/pozalogika.pl\/index.php\/2023\/05\/31\/zapasc-sie-w-miasto-m-szymaniak-zapasc-recenzja\/\"},\"wordCount\":541,\"commentCount\":0,\"publisher\":{\"@id\":\"https:\/\/pozalogika.pl\/#organization\"},\"image\":{\"@id\":\"https:\/\/pozalogika.pl\/index.php\/2023\/05\/31\/zapasc-sie-w-miasto-m-szymaniak-zapasc-recenzja\/#primaryimage\"},\"thumbnailUrl\":\"https:\/\/pozalogika.pl\/wp-content\/uploads\/2024\/07\/Screenshot_2024-07-24-00-55-56-786_com.instagram.android-edited.jpg\",\"keywords\":[\"Ma\u0142e miasto\",\"Marek Szymaniak\",\"reporta\u017c\",\"Zapa\u015b\u0107\"],\"articleSection\":[\"Literatura\",\"Spo\u0142ecze\u0144stwo\",\"Sztuka i popkultura\"],\"inLanguage\":\"pl-PL\",\"potentialAction\":[{\"@type\":\"CommentAction\",\"name\":\"Comment\",\"target\":[\"https:\/\/pozalogika.pl\/index.php\/2023\/05\/31\/zapasc-sie-w-miasto-m-szymaniak-zapasc-recenzja\/#respond\"]}]},{\"@type\":\"WebPage\",\"@id\":\"https:\/\/pozalogika.pl\/index.php\/2023\/05\/31\/zapasc-sie-w-miasto-m-szymaniak-zapasc-recenzja\/\",\"url\":\"https:\/\/pozalogika.pl\/index.php\/2023\/05\/31\/zapasc-sie-w-miasto-m-szymaniak-zapasc-recenzja\/\",\"name\":\"Zapa\u015b\u0107 si\u0119...w miasto. M. Szymaniak - \\\"Zapa\u015b\u0107\\\" [recenzja] - Poza Logik\u0105 - wiara i samorozw\u00f3j z dusz\u0105 i cia\u0142em\",\"isPartOf\":{\"@id\":\"https:\/\/pozalogika.pl\/#website\"},\"primaryImageOfPage\":{\"@id\":\"https:\/\/pozalogika.pl\/index.php\/2023\/05\/31\/zapasc-sie-w-miasto-m-szymaniak-zapasc-recenzja\/#primaryimage\"},\"image\":{\"@id\":\"https:\/\/pozalogika.pl\/index.php\/2023\/05\/31\/zapasc-sie-w-miasto-m-szymaniak-zapasc-recenzja\/#primaryimage\"},\"thumbnailUrl\":\"https:\/\/pozalogika.pl\/wp-content\/uploads\/2024\/07\/Screenshot_2024-07-24-00-55-56-786_com.instagram.android-edited.jpg\",\"datePublished\":\"2023-05-31T19:53:45+00:00\",\"dateModified\":\"2026-04-09T12:36:18+00:00\",\"description\":\"Zapa\u015b\u0107 Marka Szymaniaka to reporta\u017c o ma\u0142ych miastach, a wi\u0119c reporta\u017c niezwykle wa\u017cny, bo ma\u0142e miasta w Polsce s\u0105. I \u0142atwo nie jest\",\"breadcrumb\":{\"@id\":\"https:\/\/pozalogika.pl\/index.php\/2023\/05\/31\/zapasc-sie-w-miasto-m-szymaniak-zapasc-recenzja\/#breadcrumb\"},\"inLanguage\":\"pl-PL\",\"potentialAction\":[{\"@type\":\"ReadAction\",\"target\":[\"https:\/\/pozalogika.pl\/index.php\/2023\/05\/31\/zapasc-sie-w-miasto-m-szymaniak-zapasc-recenzja\/\"]}]},{\"@type\":\"ImageObject\",\"inLanguage\":\"pl-PL\",\"@id\":\"https:\/\/pozalogika.pl\/index.php\/2023\/05\/31\/zapasc-sie-w-miasto-m-szymaniak-zapasc-recenzja\/#primaryimage\",\"url\":\"https:\/\/pozalogika.pl\/wp-content\/uploads\/2024\/07\/Screenshot_2024-07-24-00-55-56-786_com.instagram.android-edited.jpg\",\"contentUrl\":\"https:\/\/pozalogika.pl\/wp-content\/uploads\/2024\/07\/Screenshot_2024-07-24-00-55-56-786_com.instagram.android-edited.jpg\",\"width\":1080,\"height\":811,\"caption\":\"Zapa\u015b\u0107 - Marek Szymaniak - zdj\u0119cie ok\u0142adki\"},{\"@type\":\"BreadcrumbList\",\"@id\":\"https:\/\/pozalogika.pl\/index.php\/2023\/05\/31\/zapasc-sie-w-miasto-m-szymaniak-zapasc-recenzja\/#breadcrumb\",\"itemListElement\":[{\"@type\":\"ListItem\",\"position\":1,\"name\":\"Strona g\u0142\u00f3wna\",\"item\":\"https:\/\/pozalogika.pl\/\"},{\"@type\":\"ListItem\",\"position\":2,\"name\":\"Zapa\u015b\u0107 si\u0119&#8230;w miasto. M. Szymaniak &#8211; &#8220;Zapa\u015b\u0107&#8221; [recenzja]\"}]},{\"@type\":\"WebSite\",\"@id\":\"https:\/\/pozalogika.pl\/#website\",\"url\":\"https:\/\/pozalogika.pl\/\",\"name\":\"Poza Logik\u0105\",\"description\":\"\",\"publisher\":{\"@id\":\"https:\/\/pozalogika.pl\/#organization\"},\"potentialAction\":[{\"@type\":\"SearchAction\",\"target\":{\"@type\":\"EntryPoint\",\"urlTemplate\":\"https:\/\/pozalogika.pl\/?s={search_term_string}\"},\"query-input\":{\"@type\":\"PropertyValueSpecification\",\"valueRequired\":true,\"valueName\":\"search_term_string\"}}],\"inLanguage\":\"pl-PL\"},{\"@type\":\"Organization\",\"@id\":\"https:\/\/pozalogika.pl\/#organization\",\"name\":\"Poza Logik\u0105. Chrze\u015bcija\u0144ski coaching i wiara\",\"url\":\"https:\/\/pozalogika.pl\/\",\"logo\":{\"@type\":\"ImageObject\",\"inLanguage\":\"pl-PL\",\"@id\":\"https:\/\/pozalogika.pl\/#\/schema\/logo\/image\/\",\"url\":\"http:\/\/pozalogika.pl\/wp-content\/uploads\/2025\/03\/img_1_1742766565195.jpg\",\"contentUrl\":\"http:\/\/pozalogika.pl\/wp-content\/uploads\/2025\/03\/img_1_1742766565195.jpg\",\"width\":1070,\"height\":1070,\"caption\":\"Poza Logik\u0105. Chrze\u015bcija\u0144ski coaching i wiara\"},\"image\":{\"@id\":\"https:\/\/pozalogika.pl\/#\/schema\/logo\/image\/\"},\"sameAs\":[\"https:\/\/www.facebook.com\/pozalogika\"]},{\"@type\":\"Person\",\"@id\":\"https:\/\/pozalogika.pl\/#\/schema\/person\/ee8191446daee40e746b1fe60afe6a15\",\"name\":\"Dariusz Oko\u0144\",\"image\":{\"@type\":\"ImageObject\",\"inLanguage\":\"pl-PL\",\"@id\":\"https:\/\/secure.gravatar.com\/avatar\/f5dc13b34a676c3c209a378216dad3cb59335cb1fb19a05d3352eff47b8924f9?s=96&d=mm&r=g\",\"url\":\"https:\/\/secure.gravatar.com\/avatar\/f5dc13b34a676c3c209a378216dad3cb59335cb1fb19a05d3352eff47b8924f9?s=96&d=mm&r=g\",\"contentUrl\":\"https:\/\/secure.gravatar.com\/avatar\/f5dc13b34a676c3c209a378216dad3cb59335cb1fb19a05d3352eff47b8924f9?s=96&d=mm&r=g\",\"caption\":\"Dariusz Oko\u0144\"},\"description\":\"Z wykszta\u0142cenia dziennikarz i trener rozwoju osobistego, w wolnych chwilach pasjonat literatury, biegania, fotografii i samorozwoju. Wierzy w rol\u0119 \u015bwieckich w Ko\u015bciele a tak\u017ce wierzy w holistyczne podej\u015bcie do cz\u0142owieka, to dlatego uczestniczy\u0142 w kursach z zakresu dietetyki oraz treningu personalnego. Aktywno\u015b\u0107 fizyczna to nie wszystko, \u0142\u0105czy j\u0105 wi\u0119c z zainteresowaniem psychologi\u0105 oraz teologi\u0105 katolick\u0105.\",\"sameAs\":[\"http:\/\/www.pozalogika.pl\",\"Facebook.com\/pozalogika\",\"Instagram.com\/pozalogika\"],\"url\":\"https:\/\/pozalogika.pl\/index.php\/author\/admin9010\/\"}]}<\/script>\n<!-- \/ Yoast SEO plugin. -->","yoast_head_json":{"title":"Zapa\u015b\u0107 si\u0119...w miasto. M. Szymaniak - \"Zapa\u015b\u0107\" [recenzja] - Poza Logik\u0105 - wiara i samorozw\u00f3j z dusz\u0105 i cia\u0142em","description":"Zapa\u015b\u0107 Marka Szymaniaka to reporta\u017c o ma\u0142ych miastach, a wi\u0119c reporta\u017c niezwykle wa\u017cny, bo ma\u0142e miasta w Polsce s\u0105. I \u0142atwo nie jest","robots":{"index":"index","follow":"follow","max-snippet":"max-snippet:-1","max-image-preview":"max-image-preview:large","max-video-preview":"max-video-preview:-1"},"canonical":"https:\/\/pozalogika.pl\/index.php\/2023\/05\/31\/zapasc-sie-w-miasto-m-szymaniak-zapasc-recenzja\/","og_locale":"pl_PL","og_type":"article","og_title":"Zapa\u015b\u0107 si\u0119...w miasto. M. Szymaniak - \"Zapa\u015b\u0107\" [recenzja] - Poza Logik\u0105 - wiara i samorozw\u00f3j z dusz\u0105 i cia\u0142em","og_description":"Zapa\u015b\u0107 Marka Szymaniaka to reporta\u017c o ma\u0142ych miastach, a wi\u0119c reporta\u017c niezwykle wa\u017cny, bo ma\u0142e miasta w Polsce s\u0105. I \u0142atwo nie jest","og_url":"https:\/\/pozalogika.pl\/index.php\/2023\/05\/31\/zapasc-sie-w-miasto-m-szymaniak-zapasc-recenzja\/","og_site_name":"Poza Logik\u0105 - wiara i samorozw\u00f3j z dusz\u0105 i cia\u0142em","article_publisher":"https:\/\/www.facebook.com\/pozalogika","article_author":"Facebook.com\/pozalogika","article_published_time":"2023-05-31T19:53:45+00:00","article_modified_time":"2026-04-09T12:36:18+00:00","og_image":[{"width":1080,"height":811,"url":"http:\/\/pozalogika.pl\/wp-content\/uploads\/2024\/07\/Screenshot_2024-07-24-00-55-56-786_com.instagram.android-edited.jpg","type":"image\/jpeg"}],"author":"Dariusz Oko\u0144","twitter_card":"summary_large_image","twitter_misc":{"Napisane przez":"Dariusz Oko\u0144","Szacowany czas czytania":"4 minuty"},"schema":{"@context":"https:\/\/schema.org","@graph":[{"@type":"Article","@id":"https:\/\/pozalogika.pl\/index.php\/2023\/05\/31\/zapasc-sie-w-miasto-m-szymaniak-zapasc-recenzja\/#article","isPartOf":{"@id":"https:\/\/pozalogika.pl\/index.php\/2023\/05\/31\/zapasc-sie-w-miasto-m-szymaniak-zapasc-recenzja\/"},"author":{"name":"Dariusz Oko\u0144","@id":"https:\/\/pozalogika.pl\/#\/schema\/person\/ee8191446daee40e746b1fe60afe6a15"},"headline":"Zapa\u015b\u0107 si\u0119&#8230;w miasto. M. Szymaniak &#8211; &#8220;Zapa\u015b\u0107&#8221; [recenzja]","datePublished":"2023-05-31T19:53:45+00:00","dateModified":"2026-04-09T12:36:18+00:00","mainEntityOfPage":{"@id":"https:\/\/pozalogika.pl\/index.php\/2023\/05\/31\/zapasc-sie-w-miasto-m-szymaniak-zapasc-recenzja\/"},"wordCount":541,"commentCount":0,"publisher":{"@id":"https:\/\/pozalogika.pl\/#organization"},"image":{"@id":"https:\/\/pozalogika.pl\/index.php\/2023\/05\/31\/zapasc-sie-w-miasto-m-szymaniak-zapasc-recenzja\/#primaryimage"},"thumbnailUrl":"https:\/\/pozalogika.pl\/wp-content\/uploads\/2024\/07\/Screenshot_2024-07-24-00-55-56-786_com.instagram.android-edited.jpg","keywords":["Ma\u0142e miasto","Marek Szymaniak","reporta\u017c","Zapa\u015b\u0107"],"articleSection":["Literatura","Spo\u0142ecze\u0144stwo","Sztuka i popkultura"],"inLanguage":"pl-PL","potentialAction":[{"@type":"CommentAction","name":"Comment","target":["https:\/\/pozalogika.pl\/index.php\/2023\/05\/31\/zapasc-sie-w-miasto-m-szymaniak-zapasc-recenzja\/#respond"]}]},{"@type":"WebPage","@id":"https:\/\/pozalogika.pl\/index.php\/2023\/05\/31\/zapasc-sie-w-miasto-m-szymaniak-zapasc-recenzja\/","url":"https:\/\/pozalogika.pl\/index.php\/2023\/05\/31\/zapasc-sie-w-miasto-m-szymaniak-zapasc-recenzja\/","name":"Zapa\u015b\u0107 si\u0119...w miasto. M. Szymaniak - \"Zapa\u015b\u0107\" [recenzja] - Poza Logik\u0105 - wiara i samorozw\u00f3j z dusz\u0105 i cia\u0142em","isPartOf":{"@id":"https:\/\/pozalogika.pl\/#website"},"primaryImageOfPage":{"@id":"https:\/\/pozalogika.pl\/index.php\/2023\/05\/31\/zapasc-sie-w-miasto-m-szymaniak-zapasc-recenzja\/#primaryimage"},"image":{"@id":"https:\/\/pozalogika.pl\/index.php\/2023\/05\/31\/zapasc-sie-w-miasto-m-szymaniak-zapasc-recenzja\/#primaryimage"},"thumbnailUrl":"https:\/\/pozalogika.pl\/wp-content\/uploads\/2024\/07\/Screenshot_2024-07-24-00-55-56-786_com.instagram.android-edited.jpg","datePublished":"2023-05-31T19:53:45+00:00","dateModified":"2026-04-09T12:36:18+00:00","description":"Zapa\u015b\u0107 Marka Szymaniaka to reporta\u017c o ma\u0142ych miastach, a wi\u0119c reporta\u017c niezwykle wa\u017cny, bo ma\u0142e miasta w Polsce s\u0105. I \u0142atwo nie jest","breadcrumb":{"@id":"https:\/\/pozalogika.pl\/index.php\/2023\/05\/31\/zapasc-sie-w-miasto-m-szymaniak-zapasc-recenzja\/#breadcrumb"},"inLanguage":"pl-PL","potentialAction":[{"@type":"ReadAction","target":["https:\/\/pozalogika.pl\/index.php\/2023\/05\/31\/zapasc-sie-w-miasto-m-szymaniak-zapasc-recenzja\/"]}]},{"@type":"ImageObject","inLanguage":"pl-PL","@id":"https:\/\/pozalogika.pl\/index.php\/2023\/05\/31\/zapasc-sie-w-miasto-m-szymaniak-zapasc-recenzja\/#primaryimage","url":"https:\/\/pozalogika.pl\/wp-content\/uploads\/2024\/07\/Screenshot_2024-07-24-00-55-56-786_com.instagram.android-edited.jpg","contentUrl":"https:\/\/pozalogika.pl\/wp-content\/uploads\/2024\/07\/Screenshot_2024-07-24-00-55-56-786_com.instagram.android-edited.jpg","width":1080,"height":811,"caption":"Zapa\u015b\u0107 - Marek Szymaniak - zdj\u0119cie ok\u0142adki"},{"@type":"BreadcrumbList","@id":"https:\/\/pozalogika.pl\/index.php\/2023\/05\/31\/zapasc-sie-w-miasto-m-szymaniak-zapasc-recenzja\/#breadcrumb","itemListElement":[{"@type":"ListItem","position":1,"name":"Strona g\u0142\u00f3wna","item":"https:\/\/pozalogika.pl\/"},{"@type":"ListItem","position":2,"name":"Zapa\u015b\u0107 si\u0119&#8230;w miasto. M. Szymaniak &#8211; &#8220;Zapa\u015b\u0107&#8221; [recenzja]"}]},{"@type":"WebSite","@id":"https:\/\/pozalogika.pl\/#website","url":"https:\/\/pozalogika.pl\/","name":"Poza Logik\u0105","description":"","publisher":{"@id":"https:\/\/pozalogika.pl\/#organization"},"potentialAction":[{"@type":"SearchAction","target":{"@type":"EntryPoint","urlTemplate":"https:\/\/pozalogika.pl\/?s={search_term_string}"},"query-input":{"@type":"PropertyValueSpecification","valueRequired":true,"valueName":"search_term_string"}}],"inLanguage":"pl-PL"},{"@type":"Organization","@id":"https:\/\/pozalogika.pl\/#organization","name":"Poza Logik\u0105. Chrze\u015bcija\u0144ski coaching i wiara","url":"https:\/\/pozalogika.pl\/","logo":{"@type":"ImageObject","inLanguage":"pl-PL","@id":"https:\/\/pozalogika.pl\/#\/schema\/logo\/image\/","url":"http:\/\/pozalogika.pl\/wp-content\/uploads\/2025\/03\/img_1_1742766565195.jpg","contentUrl":"http:\/\/pozalogika.pl\/wp-content\/uploads\/2025\/03\/img_1_1742766565195.jpg","width":1070,"height":1070,"caption":"Poza Logik\u0105. Chrze\u015bcija\u0144ski coaching i wiara"},"image":{"@id":"https:\/\/pozalogika.pl\/#\/schema\/logo\/image\/"},"sameAs":["https:\/\/www.facebook.com\/pozalogika"]},{"@type":"Person","@id":"https:\/\/pozalogika.pl\/#\/schema\/person\/ee8191446daee40e746b1fe60afe6a15","name":"Dariusz Oko\u0144","image":{"@type":"ImageObject","inLanguage":"pl-PL","@id":"https:\/\/secure.gravatar.com\/avatar\/f5dc13b34a676c3c209a378216dad3cb59335cb1fb19a05d3352eff47b8924f9?s=96&d=mm&r=g","url":"https:\/\/secure.gravatar.com\/avatar\/f5dc13b34a676c3c209a378216dad3cb59335cb1fb19a05d3352eff47b8924f9?s=96&d=mm&r=g","contentUrl":"https:\/\/secure.gravatar.com\/avatar\/f5dc13b34a676c3c209a378216dad3cb59335cb1fb19a05d3352eff47b8924f9?s=96&d=mm&r=g","caption":"Dariusz Oko\u0144"},"description":"Z wykszta\u0142cenia dziennikarz i trener rozwoju osobistego, w wolnych chwilach pasjonat literatury, biegania, fotografii i samorozwoju. Wierzy w rol\u0119 \u015bwieckich w Ko\u015bciele a tak\u017ce wierzy w holistyczne podej\u015bcie do cz\u0142owieka, to dlatego uczestniczy\u0142 w kursach z zakresu dietetyki oraz treningu personalnego. Aktywno\u015b\u0107 fizyczna to nie wszystko, \u0142\u0105czy j\u0105 wi\u0119c z zainteresowaniem psychologi\u0105 oraz teologi\u0105 katolick\u0105.","sameAs":["http:\/\/www.pozalogika.pl","Facebook.com\/pozalogika","Instagram.com\/pozalogika"],"url":"https:\/\/pozalogika.pl\/index.php\/author\/admin9010\/"}]}},"_links":{"self":[{"href":"https:\/\/pozalogika.pl\/index.php\/wp-json\/wp\/v2\/posts\/1397","targetHints":{"allow":["GET"]}}],"collection":[{"href":"https:\/\/pozalogika.pl\/index.php\/wp-json\/wp\/v2\/posts"}],"about":[{"href":"https:\/\/pozalogika.pl\/index.php\/wp-json\/wp\/v2\/types\/post"}],"author":[{"embeddable":true,"href":"https:\/\/pozalogika.pl\/index.php\/wp-json\/wp\/v2\/users\/2"}],"replies":[{"embeddable":true,"href":"https:\/\/pozalogika.pl\/index.php\/wp-json\/wp\/v2\/comments?post=1397"}],"version-history":[{"count":3,"href":"https:\/\/pozalogika.pl\/index.php\/wp-json\/wp\/v2\/posts\/1397\/revisions"}],"predecessor-version":[{"id":3013,"href":"https:\/\/pozalogika.pl\/index.php\/wp-json\/wp\/v2\/posts\/1397\/revisions\/3013"}],"wp:featuredmedia":[{"embeddable":true,"href":"https:\/\/pozalogika.pl\/index.php\/wp-json\/wp\/v2\/media\/1738"}],"wp:attachment":[{"href":"https:\/\/pozalogika.pl\/index.php\/wp-json\/wp\/v2\/media?parent=1397"}],"wp:term":[{"taxonomy":"category","embeddable":true,"href":"https:\/\/pozalogika.pl\/index.php\/wp-json\/wp\/v2\/categories?post=1397"},{"taxonomy":"post_tag","embeddable":true,"href":"https:\/\/pozalogika.pl\/index.php\/wp-json\/wp\/v2\/tags?post=1397"}],"curies":[{"name":"wp","href":"https:\/\/api.w.org\/{rel}","templated":true}]}}