{"id":1471,"date":"2024-02-12T22:23:53","date_gmt":"2024-02-12T21:23:53","guid":{"rendered":"http:\/\/pozalogika.pl\/?p=1471"},"modified":"2026-04-09T12:23:04","modified_gmt":"2026-04-09T12:23:04","slug":"debiut-hermann-hesse-i-opowiadania-recenzja","status":"publish","type":"post","link":"https:\/\/pozalogika.pl\/index.php\/2024\/02\/12\/debiut-hermann-hesse-i-opowiadania-recenzja\/","title":{"rendered":"Debiut H. Hessego i malownicze opowiadania [recenzja]"},"content":{"rendered":"\n<figure class=\"wp-block-image size-large\"><img loading=\"lazy\" decoding=\"async\" width=\"1840\" height=\"1380\" src=\"https:\/\/pozalogika.pl\/wp-content\/uploads\/2024\/07\/IMG_20230606_095919_315-edited.jpg\" alt=\"Hermann Hesse - Klein i Wagner, Ostatnie lato Klingsora - ok\u0142adka ksi\u0105\u017cki\" class=\"wp-image-1710\" srcset=\"https:\/\/pozalogika.pl\/wp-content\/uploads\/2024\/07\/IMG_20230606_095919_315-edited.jpg 1840w, https:\/\/pozalogika.pl\/wp-content\/uploads\/2024\/07\/IMG_20230606_095919_315-edited-300x225.jpg 300w, https:\/\/pozalogika.pl\/wp-content\/uploads\/2024\/07\/IMG_20230606_095919_315-edited-1024x768.jpg 1024w, https:\/\/pozalogika.pl\/wp-content\/uploads\/2024\/07\/IMG_20230606_095919_315-edited-768x576.jpg 768w, https:\/\/pozalogika.pl\/wp-content\/uploads\/2024\/07\/IMG_20230606_095919_315-edited-1536x1152.jpg 1536w\" sizes=\"auto, (max-width: 1840px) 100vw, 1840px\" \/><\/figure>\n\n\n\n<p class=\"has-drop-cap has-medium-font-size\"><strong>Hermann Hesse kupi\u0142 mnie ju\u017c dawno i co jaki\u015b czas o tym mi przypomina. Ponad dekad\u0119 temu zachwyci\u0142 mnie &#8220;Wilk stepowy&#8221; &#8211; po\u017c\u00f3\u0142k\u0142e wydanie z biblioteki. W mi\u0119dzyczasie zacz\u0119\u0142a si\u0119 ukazywa\u0107 kolekcja dzie\u0142 Noblisty, kt\u00f3r\u0105 sobie zbieram i czasem zagl\u0105dam do niej. Kr\u00f3tko o dw\u00f3ch pozycjach pisarza.<\/strong><\/p>\n\n\n\n<!--more-->\n\n\n\n<p class=\"has-medium-font-size\"><br>Si\u0119gn\u0105\u0142em po dwa opowiadania:<strong>&#8220;Klein i Wagner&#8221; oraz &#8220;Ostatnie lato Klingsora&#8221;.<\/strong> To drugie to przepe\u0142niona barwami pochwa\u0142a \u017cycia i przyja\u017ani, \u015bwiata i jego blask\u00f3w. Pierwsze z opowiada\u0144 to dla mnie majstersztyk i to jemu chc\u0119 po\u015bwi\u0119ci\u0107 wi\u0119cej uwagi. &#8220;Klein i Wagner&#8221; jest g\u0119st\u0105 od my\u015bli i wewn\u0119trznych monolog\u00f3w bohatera opowie\u015bci\u0105, kt\u00f3r\u0105 mo\u017cna odczytywa\u0107 w psychoanalitycznym kluczu ale i egzystencjalnym. Bo g\u0142\u00f3wnego bohatera, targanego wewn\u0119trznym konfliktem, w\u0105tpliwo\u015bciami, l\u0119kiem umie\u015bci\u0142bym mi\u0119dzy Camusem a bohaterem<a href=\"https:\/\/pozalogika.pl\/index.php\/2025\/05\/05\/greene\/\" target=\"_blank\" rel=\"noreferrer noopener\"> Grahama Greene&#8217;a<\/a>, tyle \u017ce to bohater tak bardzo Hessego i tak bardzo r\u00f3\u017cny od kreowanych przez niego postaci. <\/p>\n\n\n\n<h2 class=\"wp-block-heading\">*<\/h2>\n\n\n\n<p class=\"has-medium-font-size\">Dualizm postaci, ucieczka przed sob\u0105 i przed w\u0142asnymi l\u0119kami, przed przesz\u0142o\u015bci\u0105 w mrok tej przysz\u0142o\u015bci, kt\u00f3ra zamiast odkupie\u0144cz\u0105 szans\u0105 jest pe\u0142n\u0105 niepokoju tera\u017aniejszo\u015bci\u0105. Pierwszy z utwor\u00f3w &#8211; &#8220;Klein i Wagner&#8221; to opowie\u015b\u0107 do czucia i odczuwania, to pr\u00f3ba wej\u015bcia w obawy i l\u0119ki wewn\u0119trzne g\u0142\u00f3wnego bohatera. To bardzo te\u017c g\u0119sta znaczeniowo opowie\u015b\u0107, to traktak moralny o winie i poszukiwaniu ukojenia, za drzwiami grzechu (zamkni\u0119tymi? gdy zamkniemy si\u0119 w swej winie; za otwartymi? gdy zaczniemy szuka\u0107 wybaczenia) bohater analizuje rzeczywisto\u015b\u0107, jest wi\u0119c Teresina symbolizuj\u0105ca \u017cycie, witalno\u015b\u0107, energi\u0119, taniec, zmys\u0142owo\u015b\u0107 &#8211; to wszystko, co dla pow\u015bci\u0105gliwego cz\u0142owieka czasem mo\u017ce ociera\u0107 si\u0119 o brud. <\/p>\n\n\n\n<h2 class=\"wp-block-heading\">**<\/h2>\n\n\n\n<p class=\"has-medium-font-size\">Jest te\u017c, jak to u Hessego sztuka &#8211; co\u015b wymykaj\u0105cego si\u0119 \u015bwiatu, przenosz\u0105cego w inny \u015bwiat. Jest te\u017c B\u00f3g i poszukiwanie u Niego zrozumienia, co przyznam szczerze by\u0142o dla mnie zaskoczeniem, bo Hesse cz\u0119sto poszukiwa\u0142 w swej tw\u00f3rczo\u015bci mistycznych ziaren, g\u0142\u00f3wnie w buddyzmie ale i w Absolucie, nie odwo\u0142uj\u0105c si\u0119 nigdy wprost do Boga judeochrze\u015bcija\u0144skiego. Nie jest to jednak teologiczna wyk\u0142adnia winy i kary, bo pod podszewk\u0105 wida\u0107 filozoficzne rozwa\u017cania Hessego. <\/p>\n\n\n\n<h2 class=\"wp-block-heading\">***<\/h2>\n\n\n\n<p class=\"has-medium-font-size\">To tylko kilka kwestii, bo o samym g\u0142\u00f3wnym fabularnym w\u0105tku nie powiedzia\u0142em za wiele, a jedynie o warstwie znaczeniowej. Dla mnie to opowiadanie by\u0142o od samego pocz\u0105tku wybitnym prze\u017cyciem, dlatego \u017ce by\u0142o tak Camusowe, tak Greene&#8217;owe i nawet przypomina\u0142o &#8220;Zbrodni\u0119 i kar\u0119&#8221; w warstwie moich skojarze\u0144, skomponowane jako arcydzie\u0142o: kr\u00f3tkie, z ka\u017cdym s\u0142ownym d\u017awi\u0119kiem, z ka\u017cd\u0105 nut\u0105 tej emocjonalnej symfonii. Mistrzostwo. Wydawca opublikowa\u0142 je jako jedno z dw\u00f3ch w tym tomie, ale zas\u0142uguje ono na bycie niezale\u017cnym (cho\u0107 ono samo to zaledwie lekko ponad 100 stron).<\/p>\n\n\n\n<p class=\"has-medium-font-size\"><strong>Zobacz tak\u017ce: <a href=\"https:\/\/pozalogika.pl\/index.php\/2023\/05\/01\/podroz-z-literackim-sztambuchem-ksiazkowy-esej\/\" target=\"_blank\" rel=\"noreferrer noopener\">Podr\u00f3\u017c z literackim sztambuchem. Ksi\u0105\u017ckowy esej<\/a><\/strong><\/p>\n\n\n\n<figure class=\"wp-block-gallery has-nested-images columns-default is-cropped wp-block-gallery-1 is-layout-flex wp-block-gallery-is-layout-flex\">\n<figure class=\"wp-block-image size-large\"><img loading=\"lazy\" decoding=\"async\" width=\"1840\" height=\"1380\" data-id=\"1712\" src=\"https:\/\/pozalogika.pl\/wp-content\/uploads\/2024\/07\/IMG_20230606_081644-1-edited.jpg\" alt=\"Hermann Hesse - Peter Camenzind - ok\u0142adka ksi\u0105\u017cki\" class=\"wp-image-1712\" srcset=\"https:\/\/pozalogika.pl\/wp-content\/uploads\/2024\/07\/IMG_20230606_081644-1-edited.jpg 1840w, https:\/\/pozalogika.pl\/wp-content\/uploads\/2024\/07\/IMG_20230606_081644-1-edited-300x225.jpg 300w, https:\/\/pozalogika.pl\/wp-content\/uploads\/2024\/07\/IMG_20230606_081644-1-edited-1024x768.jpg 1024w, https:\/\/pozalogika.pl\/wp-content\/uploads\/2024\/07\/IMG_20230606_081644-1-edited-768x576.jpg 768w, https:\/\/pozalogika.pl\/wp-content\/uploads\/2024\/07\/IMG_20230606_081644-1-edited-1536x1152.jpg 1536w\" sizes=\"auto, (max-width: 1840px) 100vw, 1840px\" \/><\/figure>\n<\/figure>\n\n\n\n<p class=\"has-medium-font-size\"><strong>&#8220;Peter Camenzind&#8221;<\/strong>. Zastanawiam si\u0119, co o tej powie\u015bci m\u00f3g\u0142bym powiedzie\u0107 opr\u00f3cz tego, \u017ce przyjemno\u015b\u0107 czerpie si\u0119 ju\u017c z j\u0119zyka, z samego obcowania z ni\u0105. Jest to te\u017c powie\u015b\u0107-refleksja, opowie\u015b\u0107 o \u017cyciu na przestrzeni lat, bez zwrot\u00f3w akcji, intryg, nag\u0142ych okoliczno\u015bci, kt\u00f3re by t\u0119 fabu\u0142\u0119 pl\u0105ta\u0142y. Petera poznajemy w dzieci\u0144stwie, poznajemy go w jego w\u0142asnej opowie\u015bci o sobie &#8211; wiadomo, \u017ce pierwszoosobowy narrator powie nam to, co chce powiedzie\u0107. Peter wydaje si\u0119 by\u0107 z czytelnikiem szczery, ods\u0142ania przed nim bowiem swoje wn\u0119trze. <\/p>\n\n\n\n<h2 class=\"wp-block-heading\">*<\/h2>\n\n\n\n<p class=\"has-medium-font-size\">Jest to powie\u015b\u0107 przepe\u0142niona melancholi\u0105, przesz\u0142o\u015bci\u0105, obserwacj\u0105 w\u0142asnego \u015bwiata. Nazwa\u0142bym t\u0119 ksi\u0105\u017ck\u0105 opowie\u015bci\u0105 o \u017cyciu &#8211; b\u0119d\u0105ca w gruncie rzeczy apoteoz\u0105 istnienia. Debiutuj\u0105cy Hermann Hesse, kt\u00f3ry za wiele lat zostanie Noblist\u0105 i jednym z najwa\u017cniejszych niemieckich pisarzy obok Manna czy Goethego. Ten sam Hesse, kt\u00f3rego g\u0142\u00f3wny bohater za duchowego idola uwa\u017ca w tej powie\u015bci \u015bw. Franciszka z Asy\u017cu (p\u00f3\u017aniej u Hessego pojawia si\u0119 coraz wi\u0119cej odniesie\u0144 do psychoanalizy, do buddyzmu, w ko\u0144cu pisarz jest te\u017c autorem &#8220;Siddharthy&#8221;). <\/p>\n\n\n\n<h2 class=\"wp-block-heading\">**<\/h2>\n\n\n\n<p class=\"has-medium-font-size\">Niezmienna wydaje si\u0119 tu jednak ju\u017c od pierwszej powie\u015bci mi\u0142o\u015b\u0107: czysta, romantyczna, fascynuj\u0105c\u0105, za ka\u017cdym razem odkrywana od nowa, cho\u0107 czasem nieodwzajemniona lub platoniczna, to jednak prawdziwa, \u015bwie\u017ca i odkrywcza. Powie\u015b\u0107 dla tych, kt\u00f3rzy nie szukaj\u0105 przyg\u00f3d a chwilowej medytacji nad j\u0119zykiem.<\/p>\n\n\n\n<h2 class=\"wp-block-heading\">Dla kogo s\u0105 te ksi\u0105\u017cki? 4 mocne wskaz\u00f3wki:<\/h2>\n\n\n\n<ul class=\"wp-block-list\">\n<li class=\"has-medium-font-size\">Dla os\u00f3b, kt\u00f3re lubi\u0105 dobr\u0105 literatur\u0119<\/li>\n\n\n\n<li class=\"has-medium-font-size\">Pozycja dla czytelnik\u00f3w H.Hessego<\/li>\n\n\n\n<li class=\"has-medium-font-size\">Inny wizerunek Hessego<\/li>\n\n\n\n<li class=\"has-medium-font-size\">Pozycja obowi\u0105zkowa dla fan\u00f3w ,,Wilka stepowego&#8221;<\/li>\n<\/ul>\n","protected":false},"excerpt":{"rendered":"<p>Hermann Hesse kupi\u0142 mnie ju\u017c dawno i co jaki\u015b czas o tym mi przypomina. Ponad dekad\u0119 temu zachwyci\u0142 mnie &#8220;Wilk stepowy&#8221; &#8211; po\u017c\u00f3\u0142k\u0142e wydanie z&hellip; <\/p>\n","protected":false},"author":2,"featured_media":1712,"comment_status":"open","ping_status":"open","sticky":false,"template":"","format":"standard","meta":{"footnotes":""},"categories":[21],"tags":[90],"class_list":["post-1471","post","type-post","status-publish","format-standard","has-post-thumbnail","hentry","category-sztuka-i-popkultura","tag-herman-hesse"],"yoast_head":"<!-- This site is optimized with the Yoast SEO plugin v27.2 - https:\/\/yoast.com\/product\/yoast-seo-wordpress\/ -->\n<title>Debiut H. Hessego i malownicze opowiadania [recenzja] - Poza Logik\u0105 - wiara i samorozw\u00f3j z dusz\u0105 i cia\u0142em<\/title>\n<meta name=\"description\" content=\"Hermann Hesse - niemiecki noblista to posta\u0107 wyj\u0105tkowa. Znany g\u0142\u00f3wnie z ,,Wilka stepowego&quot; napisa\u0142 jeszcze kilka innych powie\u015bci. I o nich.\" \/>\n<meta name=\"robots\" content=\"index, follow, max-snippet:-1, max-image-preview:large, max-video-preview:-1\" \/>\n<link rel=\"canonical\" href=\"https:\/\/pozalogika.pl\/index.php\/2024\/02\/12\/debiut-hermann-hesse-i-opowiadania-recenzja\/\" \/>\n<meta property=\"og:locale\" content=\"pl_PL\" \/>\n<meta property=\"og:type\" content=\"article\" \/>\n<meta property=\"og:title\" content=\"Debiut H. Hessego i malownicze opowiadania [recenzja] - Poza Logik\u0105 - wiara i samorozw\u00f3j z dusz\u0105 i cia\u0142em\" \/>\n<meta property=\"og:description\" content=\"Hermann Hesse - niemiecki noblista to posta\u0107 wyj\u0105tkowa. Znany g\u0142\u00f3wnie z ,,Wilka stepowego&quot; napisa\u0142 jeszcze kilka innych powie\u015bci. I o nich.\" \/>\n<meta property=\"og:url\" content=\"https:\/\/pozalogika.pl\/index.php\/2024\/02\/12\/debiut-hermann-hesse-i-opowiadania-recenzja\/\" \/>\n<meta property=\"og:site_name\" content=\"Poza Logik\u0105 - wiara i samorozw\u00f3j z dusz\u0105 i cia\u0142em\" \/>\n<meta property=\"article:publisher\" content=\"https:\/\/www.facebook.com\/pozalogika\" \/>\n<meta property=\"article:author\" content=\"Facebook.com\/pozalogika\" \/>\n<meta property=\"article:published_time\" content=\"2024-02-12T21:23:53+00:00\" \/>\n<meta property=\"article:modified_time\" content=\"2026-04-09T12:23:04+00:00\" \/>\n<meta property=\"og:image\" content=\"http:\/\/pozalogika.pl\/wp-content\/uploads\/2024\/07\/IMG_20230606_081644-1-edited.jpg\" \/>\n\t<meta property=\"og:image:width\" content=\"1840\" \/>\n\t<meta property=\"og:image:height\" content=\"1380\" \/>\n\t<meta property=\"og:image:type\" content=\"image\/jpeg\" \/>\n<meta name=\"author\" content=\"Dariusz Oko\u0144\" \/>\n<meta name=\"twitter:card\" content=\"summary_large_image\" \/>\n<meta name=\"twitter:label1\" content=\"Napisane przez\" \/>\n\t<meta name=\"twitter:data1\" content=\"Dariusz Oko\u0144\" \/>\n\t<meta name=\"twitter:label2\" content=\"Szacowany czas czytania\" \/>\n\t<meta name=\"twitter:data2\" content=\"5 minut\" \/>\n<script type=\"application\/ld+json\" class=\"yoast-schema-graph\">{\"@context\":\"https:\/\/schema.org\",\"@graph\":[{\"@type\":\"Article\",\"@id\":\"https:\/\/pozalogika.pl\/index.php\/2024\/02\/12\/debiut-hermann-hesse-i-opowiadania-recenzja\/#article\",\"isPartOf\":{\"@id\":\"https:\/\/pozalogika.pl\/index.php\/2024\/02\/12\/debiut-hermann-hesse-i-opowiadania-recenzja\/\"},\"author\":{\"name\":\"Dariusz Oko\u0144\",\"@id\":\"https:\/\/pozalogika.pl\/#\/schema\/person\/ee8191446daee40e746b1fe60afe6a15\"},\"headline\":\"Debiut H. Hessego i malownicze opowiadania [recenzja]\",\"datePublished\":\"2024-02-12T21:23:53+00:00\",\"dateModified\":\"2026-04-09T12:23:04+00:00\",\"mainEntityOfPage\":{\"@id\":\"https:\/\/pozalogika.pl\/index.php\/2024\/02\/12\/debiut-hermann-hesse-i-opowiadania-recenzja\/\"},\"wordCount\":781,\"commentCount\":0,\"publisher\":{\"@id\":\"https:\/\/pozalogika.pl\/#organization\"},\"image\":{\"@id\":\"https:\/\/pozalogika.pl\/index.php\/2024\/02\/12\/debiut-hermann-hesse-i-opowiadania-recenzja\/#primaryimage\"},\"thumbnailUrl\":\"https:\/\/pozalogika.pl\/wp-content\/uploads\/2024\/07\/IMG_20230606_081644-1-edited.jpg\",\"keywords\":[\"Herman Hesse\"],\"articleSection\":[\"Sztuka i popkultura\"],\"inLanguage\":\"pl-PL\",\"potentialAction\":[{\"@type\":\"CommentAction\",\"name\":\"Comment\",\"target\":[\"https:\/\/pozalogika.pl\/index.php\/2024\/02\/12\/debiut-hermann-hesse-i-opowiadania-recenzja\/#respond\"]}]},{\"@type\":\"WebPage\",\"@id\":\"https:\/\/pozalogika.pl\/index.php\/2024\/02\/12\/debiut-hermann-hesse-i-opowiadania-recenzja\/\",\"url\":\"https:\/\/pozalogika.pl\/index.php\/2024\/02\/12\/debiut-hermann-hesse-i-opowiadania-recenzja\/\",\"name\":\"Debiut H. Hessego i malownicze opowiadania [recenzja] - Poza Logik\u0105 - wiara i samorozw\u00f3j z dusz\u0105 i cia\u0142em\",\"isPartOf\":{\"@id\":\"https:\/\/pozalogika.pl\/#website\"},\"primaryImageOfPage\":{\"@id\":\"https:\/\/pozalogika.pl\/index.php\/2024\/02\/12\/debiut-hermann-hesse-i-opowiadania-recenzja\/#primaryimage\"},\"image\":{\"@id\":\"https:\/\/pozalogika.pl\/index.php\/2024\/02\/12\/debiut-hermann-hesse-i-opowiadania-recenzja\/#primaryimage\"},\"thumbnailUrl\":\"https:\/\/pozalogika.pl\/wp-content\/uploads\/2024\/07\/IMG_20230606_081644-1-edited.jpg\",\"datePublished\":\"2024-02-12T21:23:53+00:00\",\"dateModified\":\"2026-04-09T12:23:04+00:00\",\"description\":\"Hermann Hesse - niemiecki noblista to posta\u0107 wyj\u0105tkowa. Znany g\u0142\u00f3wnie z ,,Wilka stepowego\\\" napisa\u0142 jeszcze kilka innych powie\u015bci. I o nich.\",\"breadcrumb\":{\"@id\":\"https:\/\/pozalogika.pl\/index.php\/2024\/02\/12\/debiut-hermann-hesse-i-opowiadania-recenzja\/#breadcrumb\"},\"inLanguage\":\"pl-PL\",\"potentialAction\":[{\"@type\":\"ReadAction\",\"target\":[\"https:\/\/pozalogika.pl\/index.php\/2024\/02\/12\/debiut-hermann-hesse-i-opowiadania-recenzja\/\"]}]},{\"@type\":\"ImageObject\",\"inLanguage\":\"pl-PL\",\"@id\":\"https:\/\/pozalogika.pl\/index.php\/2024\/02\/12\/debiut-hermann-hesse-i-opowiadania-recenzja\/#primaryimage\",\"url\":\"https:\/\/pozalogika.pl\/wp-content\/uploads\/2024\/07\/IMG_20230606_081644-1-edited.jpg\",\"contentUrl\":\"https:\/\/pozalogika.pl\/wp-content\/uploads\/2024\/07\/IMG_20230606_081644-1-edited.jpg\",\"width\":1840,\"height\":1380,\"caption\":\"Hermann Hesse - Peter Camenzind - ok\u0142adka ksi\u0105\u017cki\"},{\"@type\":\"BreadcrumbList\",\"@id\":\"https:\/\/pozalogika.pl\/index.php\/2024\/02\/12\/debiut-hermann-hesse-i-opowiadania-recenzja\/#breadcrumb\",\"itemListElement\":[{\"@type\":\"ListItem\",\"position\":1,\"name\":\"Strona g\u0142\u00f3wna\",\"item\":\"https:\/\/pozalogika.pl\/\"},{\"@type\":\"ListItem\",\"position\":2,\"name\":\"Debiut H. Hessego i malownicze opowiadania [recenzja]\"}]},{\"@type\":\"WebSite\",\"@id\":\"https:\/\/pozalogika.pl\/#website\",\"url\":\"https:\/\/pozalogika.pl\/\",\"name\":\"Poza Logik\u0105\",\"description\":\"\",\"publisher\":{\"@id\":\"https:\/\/pozalogika.pl\/#organization\"},\"potentialAction\":[{\"@type\":\"SearchAction\",\"target\":{\"@type\":\"EntryPoint\",\"urlTemplate\":\"https:\/\/pozalogika.pl\/?s={search_term_string}\"},\"query-input\":{\"@type\":\"PropertyValueSpecification\",\"valueRequired\":true,\"valueName\":\"search_term_string\"}}],\"inLanguage\":\"pl-PL\"},{\"@type\":\"Organization\",\"@id\":\"https:\/\/pozalogika.pl\/#organization\",\"name\":\"Poza Logik\u0105. Chrze\u015bcija\u0144ski coaching i wiara\",\"url\":\"https:\/\/pozalogika.pl\/\",\"logo\":{\"@type\":\"ImageObject\",\"inLanguage\":\"pl-PL\",\"@id\":\"https:\/\/pozalogika.pl\/#\/schema\/logo\/image\/\",\"url\":\"http:\/\/pozalogika.pl\/wp-content\/uploads\/2025\/03\/img_1_1742766565195.jpg\",\"contentUrl\":\"http:\/\/pozalogika.pl\/wp-content\/uploads\/2025\/03\/img_1_1742766565195.jpg\",\"width\":1070,\"height\":1070,\"caption\":\"Poza Logik\u0105. Chrze\u015bcija\u0144ski coaching i wiara\"},\"image\":{\"@id\":\"https:\/\/pozalogika.pl\/#\/schema\/logo\/image\/\"},\"sameAs\":[\"https:\/\/www.facebook.com\/pozalogika\"]},{\"@type\":\"Person\",\"@id\":\"https:\/\/pozalogika.pl\/#\/schema\/person\/ee8191446daee40e746b1fe60afe6a15\",\"name\":\"Dariusz Oko\u0144\",\"image\":{\"@type\":\"ImageObject\",\"inLanguage\":\"pl-PL\",\"@id\":\"https:\/\/secure.gravatar.com\/avatar\/f5dc13b34a676c3c209a378216dad3cb59335cb1fb19a05d3352eff47b8924f9?s=96&d=mm&r=g\",\"url\":\"https:\/\/secure.gravatar.com\/avatar\/f5dc13b34a676c3c209a378216dad3cb59335cb1fb19a05d3352eff47b8924f9?s=96&d=mm&r=g\",\"contentUrl\":\"https:\/\/secure.gravatar.com\/avatar\/f5dc13b34a676c3c209a378216dad3cb59335cb1fb19a05d3352eff47b8924f9?s=96&d=mm&r=g\",\"caption\":\"Dariusz Oko\u0144\"},\"description\":\"Z wykszta\u0142cenia dziennikarz i trener rozwoju osobistego, w wolnych chwilach pasjonat literatury, biegania, fotografii i samorozwoju. Wierzy w rol\u0119 \u015bwieckich w Ko\u015bciele a tak\u017ce wierzy w holistyczne podej\u015bcie do cz\u0142owieka, to dlatego uczestniczy\u0142 w kursach z zakresu dietetyki oraz treningu personalnego. Aktywno\u015b\u0107 fizyczna to nie wszystko, \u0142\u0105czy j\u0105 wi\u0119c z zainteresowaniem psychologi\u0105 oraz teologi\u0105 katolick\u0105.\",\"sameAs\":[\"http:\/\/www.pozalogika.pl\",\"Facebook.com\/pozalogika\",\"Instagram.com\/pozalogika\"],\"url\":\"https:\/\/pozalogika.pl\/index.php\/author\/admin9010\/\"}]}<\/script>\n<!-- \/ Yoast SEO plugin. -->","yoast_head_json":{"title":"Debiut H. Hessego i malownicze opowiadania [recenzja] - Poza Logik\u0105 - wiara i samorozw\u00f3j z dusz\u0105 i cia\u0142em","description":"Hermann Hesse - niemiecki noblista to posta\u0107 wyj\u0105tkowa. Znany g\u0142\u00f3wnie z ,,Wilka stepowego\" napisa\u0142 jeszcze kilka innych powie\u015bci. I o nich.","robots":{"index":"index","follow":"follow","max-snippet":"max-snippet:-1","max-image-preview":"max-image-preview:large","max-video-preview":"max-video-preview:-1"},"canonical":"https:\/\/pozalogika.pl\/index.php\/2024\/02\/12\/debiut-hermann-hesse-i-opowiadania-recenzja\/","og_locale":"pl_PL","og_type":"article","og_title":"Debiut H. Hessego i malownicze opowiadania [recenzja] - Poza Logik\u0105 - wiara i samorozw\u00f3j z dusz\u0105 i cia\u0142em","og_description":"Hermann Hesse - niemiecki noblista to posta\u0107 wyj\u0105tkowa. Znany g\u0142\u00f3wnie z ,,Wilka stepowego\" napisa\u0142 jeszcze kilka innych powie\u015bci. I o nich.","og_url":"https:\/\/pozalogika.pl\/index.php\/2024\/02\/12\/debiut-hermann-hesse-i-opowiadania-recenzja\/","og_site_name":"Poza Logik\u0105 - wiara i samorozw\u00f3j z dusz\u0105 i cia\u0142em","article_publisher":"https:\/\/www.facebook.com\/pozalogika","article_author":"Facebook.com\/pozalogika","article_published_time":"2024-02-12T21:23:53+00:00","article_modified_time":"2026-04-09T12:23:04+00:00","og_image":[{"width":1840,"height":1380,"url":"http:\/\/pozalogika.pl\/wp-content\/uploads\/2024\/07\/IMG_20230606_081644-1-edited.jpg","type":"image\/jpeg"}],"author":"Dariusz Oko\u0144","twitter_card":"summary_large_image","twitter_misc":{"Napisane przez":"Dariusz Oko\u0144","Szacowany czas czytania":"5 minut"},"schema":{"@context":"https:\/\/schema.org","@graph":[{"@type":"Article","@id":"https:\/\/pozalogika.pl\/index.php\/2024\/02\/12\/debiut-hermann-hesse-i-opowiadania-recenzja\/#article","isPartOf":{"@id":"https:\/\/pozalogika.pl\/index.php\/2024\/02\/12\/debiut-hermann-hesse-i-opowiadania-recenzja\/"},"author":{"name":"Dariusz Oko\u0144","@id":"https:\/\/pozalogika.pl\/#\/schema\/person\/ee8191446daee40e746b1fe60afe6a15"},"headline":"Debiut H. Hessego i malownicze opowiadania [recenzja]","datePublished":"2024-02-12T21:23:53+00:00","dateModified":"2026-04-09T12:23:04+00:00","mainEntityOfPage":{"@id":"https:\/\/pozalogika.pl\/index.php\/2024\/02\/12\/debiut-hermann-hesse-i-opowiadania-recenzja\/"},"wordCount":781,"commentCount":0,"publisher":{"@id":"https:\/\/pozalogika.pl\/#organization"},"image":{"@id":"https:\/\/pozalogika.pl\/index.php\/2024\/02\/12\/debiut-hermann-hesse-i-opowiadania-recenzja\/#primaryimage"},"thumbnailUrl":"https:\/\/pozalogika.pl\/wp-content\/uploads\/2024\/07\/IMG_20230606_081644-1-edited.jpg","keywords":["Herman Hesse"],"articleSection":["Sztuka i popkultura"],"inLanguage":"pl-PL","potentialAction":[{"@type":"CommentAction","name":"Comment","target":["https:\/\/pozalogika.pl\/index.php\/2024\/02\/12\/debiut-hermann-hesse-i-opowiadania-recenzja\/#respond"]}]},{"@type":"WebPage","@id":"https:\/\/pozalogika.pl\/index.php\/2024\/02\/12\/debiut-hermann-hesse-i-opowiadania-recenzja\/","url":"https:\/\/pozalogika.pl\/index.php\/2024\/02\/12\/debiut-hermann-hesse-i-opowiadania-recenzja\/","name":"Debiut H. Hessego i malownicze opowiadania [recenzja] - Poza Logik\u0105 - wiara i samorozw\u00f3j z dusz\u0105 i cia\u0142em","isPartOf":{"@id":"https:\/\/pozalogika.pl\/#website"},"primaryImageOfPage":{"@id":"https:\/\/pozalogika.pl\/index.php\/2024\/02\/12\/debiut-hermann-hesse-i-opowiadania-recenzja\/#primaryimage"},"image":{"@id":"https:\/\/pozalogika.pl\/index.php\/2024\/02\/12\/debiut-hermann-hesse-i-opowiadania-recenzja\/#primaryimage"},"thumbnailUrl":"https:\/\/pozalogika.pl\/wp-content\/uploads\/2024\/07\/IMG_20230606_081644-1-edited.jpg","datePublished":"2024-02-12T21:23:53+00:00","dateModified":"2026-04-09T12:23:04+00:00","description":"Hermann Hesse - niemiecki noblista to posta\u0107 wyj\u0105tkowa. Znany g\u0142\u00f3wnie z ,,Wilka stepowego\" napisa\u0142 jeszcze kilka innych powie\u015bci. I o nich.","breadcrumb":{"@id":"https:\/\/pozalogika.pl\/index.php\/2024\/02\/12\/debiut-hermann-hesse-i-opowiadania-recenzja\/#breadcrumb"},"inLanguage":"pl-PL","potentialAction":[{"@type":"ReadAction","target":["https:\/\/pozalogika.pl\/index.php\/2024\/02\/12\/debiut-hermann-hesse-i-opowiadania-recenzja\/"]}]},{"@type":"ImageObject","inLanguage":"pl-PL","@id":"https:\/\/pozalogika.pl\/index.php\/2024\/02\/12\/debiut-hermann-hesse-i-opowiadania-recenzja\/#primaryimage","url":"https:\/\/pozalogika.pl\/wp-content\/uploads\/2024\/07\/IMG_20230606_081644-1-edited.jpg","contentUrl":"https:\/\/pozalogika.pl\/wp-content\/uploads\/2024\/07\/IMG_20230606_081644-1-edited.jpg","width":1840,"height":1380,"caption":"Hermann Hesse - Peter Camenzind - ok\u0142adka ksi\u0105\u017cki"},{"@type":"BreadcrumbList","@id":"https:\/\/pozalogika.pl\/index.php\/2024\/02\/12\/debiut-hermann-hesse-i-opowiadania-recenzja\/#breadcrumb","itemListElement":[{"@type":"ListItem","position":1,"name":"Strona g\u0142\u00f3wna","item":"https:\/\/pozalogika.pl\/"},{"@type":"ListItem","position":2,"name":"Debiut H. Hessego i malownicze opowiadania [recenzja]"}]},{"@type":"WebSite","@id":"https:\/\/pozalogika.pl\/#website","url":"https:\/\/pozalogika.pl\/","name":"Poza Logik\u0105","description":"","publisher":{"@id":"https:\/\/pozalogika.pl\/#organization"},"potentialAction":[{"@type":"SearchAction","target":{"@type":"EntryPoint","urlTemplate":"https:\/\/pozalogika.pl\/?s={search_term_string}"},"query-input":{"@type":"PropertyValueSpecification","valueRequired":true,"valueName":"search_term_string"}}],"inLanguage":"pl-PL"},{"@type":"Organization","@id":"https:\/\/pozalogika.pl\/#organization","name":"Poza Logik\u0105. Chrze\u015bcija\u0144ski coaching i wiara","url":"https:\/\/pozalogika.pl\/","logo":{"@type":"ImageObject","inLanguage":"pl-PL","@id":"https:\/\/pozalogika.pl\/#\/schema\/logo\/image\/","url":"http:\/\/pozalogika.pl\/wp-content\/uploads\/2025\/03\/img_1_1742766565195.jpg","contentUrl":"http:\/\/pozalogika.pl\/wp-content\/uploads\/2025\/03\/img_1_1742766565195.jpg","width":1070,"height":1070,"caption":"Poza Logik\u0105. Chrze\u015bcija\u0144ski coaching i wiara"},"image":{"@id":"https:\/\/pozalogika.pl\/#\/schema\/logo\/image\/"},"sameAs":["https:\/\/www.facebook.com\/pozalogika"]},{"@type":"Person","@id":"https:\/\/pozalogika.pl\/#\/schema\/person\/ee8191446daee40e746b1fe60afe6a15","name":"Dariusz Oko\u0144","image":{"@type":"ImageObject","inLanguage":"pl-PL","@id":"https:\/\/secure.gravatar.com\/avatar\/f5dc13b34a676c3c209a378216dad3cb59335cb1fb19a05d3352eff47b8924f9?s=96&d=mm&r=g","url":"https:\/\/secure.gravatar.com\/avatar\/f5dc13b34a676c3c209a378216dad3cb59335cb1fb19a05d3352eff47b8924f9?s=96&d=mm&r=g","contentUrl":"https:\/\/secure.gravatar.com\/avatar\/f5dc13b34a676c3c209a378216dad3cb59335cb1fb19a05d3352eff47b8924f9?s=96&d=mm&r=g","caption":"Dariusz Oko\u0144"},"description":"Z wykszta\u0142cenia dziennikarz i trener rozwoju osobistego, w wolnych chwilach pasjonat literatury, biegania, fotografii i samorozwoju. Wierzy w rol\u0119 \u015bwieckich w Ko\u015bciele a tak\u017ce wierzy w holistyczne podej\u015bcie do cz\u0142owieka, to dlatego uczestniczy\u0142 w kursach z zakresu dietetyki oraz treningu personalnego. Aktywno\u015b\u0107 fizyczna to nie wszystko, \u0142\u0105czy j\u0105 wi\u0119c z zainteresowaniem psychologi\u0105 oraz teologi\u0105 katolick\u0105.","sameAs":["http:\/\/www.pozalogika.pl","Facebook.com\/pozalogika","Instagram.com\/pozalogika"],"url":"https:\/\/pozalogika.pl\/index.php\/author\/admin9010\/"}]}},"_links":{"self":[{"href":"https:\/\/pozalogika.pl\/index.php\/wp-json\/wp\/v2\/posts\/1471","targetHints":{"allow":["GET"]}}],"collection":[{"href":"https:\/\/pozalogika.pl\/index.php\/wp-json\/wp\/v2\/posts"}],"about":[{"href":"https:\/\/pozalogika.pl\/index.php\/wp-json\/wp\/v2\/types\/post"}],"author":[{"embeddable":true,"href":"https:\/\/pozalogika.pl\/index.php\/wp-json\/wp\/v2\/users\/2"}],"replies":[{"embeddable":true,"href":"https:\/\/pozalogika.pl\/index.php\/wp-json\/wp\/v2\/comments?post=1471"}],"version-history":[{"count":4,"href":"https:\/\/pozalogika.pl\/index.php\/wp-json\/wp\/v2\/posts\/1471\/revisions"}],"predecessor-version":[{"id":3005,"href":"https:\/\/pozalogika.pl\/index.php\/wp-json\/wp\/v2\/posts\/1471\/revisions\/3005"}],"wp:featuredmedia":[{"embeddable":true,"href":"https:\/\/pozalogika.pl\/index.php\/wp-json\/wp\/v2\/media\/1712"}],"wp:attachment":[{"href":"https:\/\/pozalogika.pl\/index.php\/wp-json\/wp\/v2\/media?parent=1471"}],"wp:term":[{"taxonomy":"category","embeddable":true,"href":"https:\/\/pozalogika.pl\/index.php\/wp-json\/wp\/v2\/categories?post=1471"},{"taxonomy":"post_tag","embeddable":true,"href":"https:\/\/pozalogika.pl\/index.php\/wp-json\/wp\/v2\/tags?post=1471"}],"curies":[{"name":"wp","href":"https:\/\/api.w.org\/{rel}","templated":true}]}}