{"id":1486,"date":"2024-02-12T22:56:11","date_gmt":"2024-02-12T21:56:11","guid":{"rendered":"http:\/\/pozalogika.pl\/?p=1486"},"modified":"2026-04-07T23:59:46","modified_gmt":"2026-04-07T23:59:46","slug":"siedem-mieszkan-duszy-twierdza-wewnetrzna-sw-teresy-z-avilii","status":"publish","type":"post","link":"https:\/\/pozalogika.pl\/index.php\/2024\/02\/12\/siedem-mieszkan-duszy-twierdza-wewnetrzna-sw-teresy-z-avilii\/","title":{"rendered":"Siedem mieszka\u0144 duszy &#8211; &#8220;Twierdza wewn\u0119trzna&#8221; i \u015bw. Teresa z Avilii"},"content":{"rendered":"\n<figure class=\"wp-block-image size-large\"><img loading=\"lazy\" decoding=\"async\" width=\"1840\" height=\"1380\" src=\"https:\/\/pozalogika.pl\/wp-content\/uploads\/2024\/07\/IMG_20230621_071517-1-edited.jpg\" alt=\"\u015bw. Teresa z Avilii - ,,Twierdza wewn\u0119trzna&quot; - zdj\u0119cie ok\u0142adki\" class=\"wp-image-1699\" srcset=\"https:\/\/pozalogika.pl\/wp-content\/uploads\/2024\/07\/IMG_20230621_071517-1-edited.jpg 1840w, https:\/\/pozalogika.pl\/wp-content\/uploads\/2024\/07\/IMG_20230621_071517-1-edited-300x225.jpg 300w, https:\/\/pozalogika.pl\/wp-content\/uploads\/2024\/07\/IMG_20230621_071517-1-edited-1024x768.jpg 1024w, https:\/\/pozalogika.pl\/wp-content\/uploads\/2024\/07\/IMG_20230621_071517-1-edited-768x576.jpg 768w, https:\/\/pozalogika.pl\/wp-content\/uploads\/2024\/07\/IMG_20230621_071517-1-edited-1536x1152.jpg 1536w\" sizes=\"auto, (max-width: 1840px) 100vw, 1840px\" \/><\/figure>\n\n\n\n<p class=\"has-drop-cap has-medium-font-size\"><strong>&#8220;Twierdza wewn\u0119trzna&#8221;, kt\u00f3rej autork\u0105 jest \u015bw. Teresa z Avilii, jest klasycznym dzie\u0142em mistyki chrze\u015bcija\u0144skiej, cho\u0107 co do formy precyzyjna (siedem &#8220;mieszka\u0144&#8221; duszy opisanych w spos\u00f3b coraz intensywniejszy, ka\u017cde z nich opisywane w ponumerowanych akapitach), ksi\u0105\u017cka nie nale\u017cy do najprostszych, przesi\u0105kni\u0119ta metaforami jest opowie\u015bci\u0105 do stopniowego kontemplowania, wczytywania si\u0119 w s\u0142owa \u015bwi\u0119tej. Warto jednak w te ksi\u0105\u017ck\u0119 wej\u015b\u0107. Nawet bardzo warto!<\/strong><\/p>\n\n\n\n<!--more-->\n\n\n\n<p class=\"has-medium-font-size\">Owe siedem &#8220;mieszka\u0144&#8221; tworzy tytu\u0142ow\u0105 &#8220;twierdz\u0119 wewn\u0119trzn\u0105&#8221;, pokazuje wzrost relacji ludzkiej duszy do Boga, stopniowe zbli\u017canie si\u0119 do Niego, nazwa\u0142bym to &#8220;stapianien si\u0119&#8221; z Jego obecno\u015bci\u0105 przy ostatnim z &#8220;mieszka\u0144&#8221;. Teresa od Jezusa, obdarzona niezwyk\u0142\u0105 pokor\u0105 hiszpa\u0144ska \u015bwi\u0119ta to tak naprawd\u0119 Teresa z Avili, karmelita\u0144ska \u015bwi\u0119ta, mistyczka (najbardziej chyba znana w duchowo\u015bci Karmelu obok \u015bw. Jana od Krzy\u017ca i \u015bw. Teresy z Lisieux). <\/p>\n\n\n\n<h2 class=\"wp-block-heading\">\u015aw. Teresa z Avilii<\/h2>\n\n\n\n<p class=\"has-medium-font-size\">\u015aw. Teresa by\u0142a siln\u0105, charyzmatyczn\u0105 kobiet\u0105, by\u0142a te\u017c ko\u015bcieln\u0105 reformatork\u0105, zosta\u0142a te\u017c og\u0142oszona Doktorem Ko\u015bcio\u0142a (a jest ich niewielu), pokazuje to, \u017ce olbrzymia pokora mo\u017ce i\u015b\u0107 w parze z silnym charakterem, dzia\u0142aniem. Pisarka, kt\u00f3ra w spos\u00f3b pi\u0119kny i delikatny pisze traktat o czym\u015b tak subtelnym jak dusza i relacja tej duszy z Bogiem, kobieta, kt\u00f3ra by\u0142a mistyczk\u0105 operuj\u0105c\u0105 pi\u0119knem s\u0142owa (metafor\u0105, por\u00f3wnaniem) jednocze\u015bnie potrafi\u0142a reformowa\u0107 Ko\u015bci\u00f3\u0142 w nie\u0142atwym okresie historycznym, a jej dzie\u0142o sta\u0142o si\u0119 wa\u017cnym dla renesansu utworem &#8211; ksi\u0105\u017ck\u0105 przecie\u017c duchow\u0105 w epoce zwrotu ku humanizmowi i cz\u0142owiekowi (dzi\u015b przecie\u017c wiemy, \u017ce cz\u0142owiek sk\u0142ada si\u0119 z cia\u0142a i psychiki, i z duszy, jest istot\u0105 uduchowion\u0105, tak wi\u0119c rozwa\u017cania Teresy z Avili wpisuj\u0105 si\u0119 w chrze\u015bcija\u0144sk\u0105 wizj\u0119 humanizmu &#8211; nurtu, kt\u00f3ry od lat mnie fascynuje i kt\u00f3ry staram si\u0119 zg\u0142\u0119bia\u0107.<\/p>\n\n\n\n<p class=\"has-medium-font-size\"><strong>Zobacz tak\u017ce: <a href=\"https:\/\/pozalogika.pl\/index.php\/2024\/08\/17\/znalezc-ukojenie-otworzyc-sie-na-czlowieka-list-ojca-swietego-franciszka-o-roli-literatury-w-formacji\/\" target=\"_blank\" rel=\"noreferrer noopener\">List Papie\u017ca Franciszka o roli literatury<\/a><\/strong><\/p>\n\n\n\n<h2 class=\"wp-block-heading\">Modlitwa<\/h2>\n\n\n\n<p class=\"has-medium-font-size\">To te\u017c ksi\u0105\u017cka o modlitwie &#8211; przez ni\u0105 m.in. ta relacja duszy z Bogiem si\u0119 pog\u0142\u0119bia. Lektura nie\u0142atwa, bo nale\u017cy si\u0119 w ni\u0105 wczytywa\u0107 akapit po akapicie, kontemplowa\u0107, rozwa\u017ca\u0107. To zaskakuj\u0105ce, \u017ce \u015awi\u0119ta stworzy\u0142a tak &#8220;instagramowo-blogow\u0105&#8221; ksi\u0105\u017ck\u0119, bo przecie\u017c samorozw\u00f3j i wpisy blogowe tak cz\u0119sto s\u0105 oparte o tzw. &#8220;topki&#8221; &#8211; 5, 8, 14 itd. &#8220;sposob\u00f3w na\u2026&#8221;. Tu mamy &#8220;siedem mieszka\u0144&#8221; duszy, zdobywamy kolejne w miar\u0119 tego zmierzania ku wn\u0119trzu &#8220;twierdzy&#8221;. Na YT jest te\u017c om\u00f3wienie &#8220;mieszka\u0144&#8221; od @mistyka.codziennosci<\/p>\n\n\n\n<h2 class=\"wp-block-heading\">Dla kogo jest ta ksi\u0105\u017cka? 4 mocne wskaz\u00f3wki:<\/h2>\n\n\n\n<ul class=\"wp-block-list\">\n<li class=\"has-medium-font-size\">Dla os\u00f3b, kt\u00f3re s\u0105 zainteresowane mistyk\u0105<\/li>\n\n\n\n<li class=\"has-medium-font-size\">Pozycja dla czytelnik\u00f3w wierz\u0105cych<\/li>\n\n\n\n<li class=\"has-medium-font-size\">Potrzebna ksi\u0105\u017cka dla tych, kt\u00f3rzy chc\u0105 si\u0119 zainspirowa\u0107 \u015bw. Teres\u0105 z Avilii<\/li>\n\n\n\n<li class=\"has-medium-font-size\">Pozycja dla szukaj\u0105cych relacji z Panem Bogiem<\/li>\n<\/ul>\n","protected":false},"excerpt":{"rendered":"<p>&#8220;Twierdza wewn\u0119trzna&#8221;, kt\u00f3rej autork\u0105 jest \u015bw. Teresa z Avilii, jest klasycznym dzie\u0142em mistyki chrze\u015bcija\u0144skiej, cho\u0107 co do formy precyzyjna (siedem &#8220;mieszka\u0144&#8221; duszy opisanych w spos\u00f3b&hellip; <\/p>\n","protected":false},"author":2,"featured_media":1699,"comment_status":"open","ping_status":"open","sticky":false,"template":"","format":"standard","meta":{"footnotes":""},"categories":[21],"tags":[76,108,197,208],"class_list":["post-1486","post","type-post","status-publish","format-standard","has-post-thumbnail","hentry","category-sztuka-i-popkultura","tag-duchowosc-karmelitanska","tag-karmel","tag-teresa-z-avilii","tag-twierdza-wewnetrzna"],"yoast_head":"<!-- This site is optimized with the Yoast SEO plugin v27.2 - https:\/\/yoast.com\/product\/yoast-seo-wordpress\/ -->\n<title>Siedem mieszka\u0144 duszy - &quot;Twierdza wewn\u0119trzna&quot; i \u015bw. Teresa z Avilii - Poza Logik\u0105 - wiara i samorozw\u00f3j z dusz\u0105 i cia\u0142em<\/title>\n<meta name=\"description\" content=\"\u015bw. Teresa z Avilii to posta\u0107 silna, to te\u017c wybitna mistyczka. Jej ,,Twierdza wewn\u0119trzna&quot; to klasyka duchowo\u015bci chrze\u015bcija\u0144skiej.\" \/>\n<meta name=\"robots\" content=\"index, follow, max-snippet:-1, max-image-preview:large, max-video-preview:-1\" \/>\n<link rel=\"canonical\" href=\"https:\/\/pozalogika.pl\/index.php\/2024\/02\/12\/siedem-mieszkan-duszy-twierdza-wewnetrzna-sw-teresy-z-avilii\/\" \/>\n<meta property=\"og:locale\" content=\"pl_PL\" \/>\n<meta property=\"og:type\" content=\"article\" \/>\n<meta property=\"og:title\" content=\"Siedem mieszka\u0144 duszy - &quot;Twierdza wewn\u0119trzna&quot; i \u015bw. Teresa z Avilii - Poza Logik\u0105 - wiara i samorozw\u00f3j z dusz\u0105 i cia\u0142em\" \/>\n<meta property=\"og:description\" content=\"\u015bw. Teresa z Avilii to posta\u0107 silna, to te\u017c wybitna mistyczka. Jej ,,Twierdza wewn\u0119trzna&quot; to klasyka duchowo\u015bci chrze\u015bcija\u0144skiej.\" \/>\n<meta property=\"og:url\" content=\"https:\/\/pozalogika.pl\/index.php\/2024\/02\/12\/siedem-mieszkan-duszy-twierdza-wewnetrzna-sw-teresy-z-avilii\/\" \/>\n<meta property=\"og:site_name\" content=\"Poza Logik\u0105 - wiara i samorozw\u00f3j z dusz\u0105 i cia\u0142em\" \/>\n<meta property=\"article:publisher\" content=\"https:\/\/www.facebook.com\/pozalogika\" \/>\n<meta property=\"article:author\" content=\"Facebook.com\/pozalogika\" \/>\n<meta property=\"article:published_time\" content=\"2024-02-12T21:56:11+00:00\" \/>\n<meta property=\"article:modified_time\" content=\"2026-04-07T23:59:46+00:00\" \/>\n<meta property=\"og:image\" content=\"http:\/\/pozalogika.pl\/wp-content\/uploads\/2024\/07\/IMG_20230621_071517-1-edited.jpg\" \/>\n\t<meta property=\"og:image:width\" content=\"1840\" \/>\n\t<meta property=\"og:image:height\" content=\"1380\" \/>\n\t<meta property=\"og:image:type\" content=\"image\/jpeg\" \/>\n<meta name=\"author\" content=\"Dariusz Oko\u0144\" \/>\n<meta name=\"twitter:card\" content=\"summary_large_image\" \/>\n<meta name=\"twitter:label1\" content=\"Napisane przez\" \/>\n\t<meta name=\"twitter:data1\" content=\"Dariusz Oko\u0144\" \/>\n\t<meta name=\"twitter:label2\" content=\"Szacowany czas czytania\" \/>\n\t<meta name=\"twitter:data2\" content=\"3 minuty\" \/>\n<script type=\"application\/ld+json\" class=\"yoast-schema-graph\">{\"@context\":\"https:\/\/schema.org\",\"@graph\":[{\"@type\":\"Article\",\"@id\":\"https:\/\/pozalogika.pl\/index.php\/2024\/02\/12\/siedem-mieszkan-duszy-twierdza-wewnetrzna-sw-teresy-z-avilii\/#article\",\"isPartOf\":{\"@id\":\"https:\/\/pozalogika.pl\/index.php\/2024\/02\/12\/siedem-mieszkan-duszy-twierdza-wewnetrzna-sw-teresy-z-avilii\/\"},\"author\":{\"name\":\"Dariusz Oko\u0144\",\"@id\":\"https:\/\/pozalogika.pl\/#\/schema\/person\/ee8191446daee40e746b1fe60afe6a15\"},\"headline\":\"Siedem mieszka\u0144 duszy &#8211; &#8220;Twierdza wewn\u0119trzna&#8221; i \u015bw. Teresa z Avilii\",\"datePublished\":\"2024-02-12T21:56:11+00:00\",\"dateModified\":\"2026-04-07T23:59:46+00:00\",\"mainEntityOfPage\":{\"@id\":\"https:\/\/pozalogika.pl\/index.php\/2024\/02\/12\/siedem-mieszkan-duszy-twierdza-wewnetrzna-sw-teresy-z-avilii\/\"},\"wordCount\":481,\"commentCount\":0,\"publisher\":{\"@id\":\"https:\/\/pozalogika.pl\/#organization\"},\"image\":{\"@id\":\"https:\/\/pozalogika.pl\/index.php\/2024\/02\/12\/siedem-mieszkan-duszy-twierdza-wewnetrzna-sw-teresy-z-avilii\/#primaryimage\"},\"thumbnailUrl\":\"https:\/\/pozalogika.pl\/wp-content\/uploads\/2024\/07\/IMG_20230621_071517-1-edited.jpg\",\"keywords\":[\"Duchowo\u015b\u0107 karmelita\u0144ska\",\"Karmel\",\"Teresa z Avilii\",\"Twierdza wewn\u0119trzna\"],\"articleSection\":[\"Sztuka i popkultura\"],\"inLanguage\":\"pl-PL\",\"potentialAction\":[{\"@type\":\"CommentAction\",\"name\":\"Comment\",\"target\":[\"https:\/\/pozalogika.pl\/index.php\/2024\/02\/12\/siedem-mieszkan-duszy-twierdza-wewnetrzna-sw-teresy-z-avilii\/#respond\"]}]},{\"@type\":\"WebPage\",\"@id\":\"https:\/\/pozalogika.pl\/index.php\/2024\/02\/12\/siedem-mieszkan-duszy-twierdza-wewnetrzna-sw-teresy-z-avilii\/\",\"url\":\"https:\/\/pozalogika.pl\/index.php\/2024\/02\/12\/siedem-mieszkan-duszy-twierdza-wewnetrzna-sw-teresy-z-avilii\/\",\"name\":\"Siedem mieszka\u0144 duszy - \\\"Twierdza wewn\u0119trzna\\\" i \u015bw. Teresa z Avilii - Poza Logik\u0105 - wiara i samorozw\u00f3j z dusz\u0105 i cia\u0142em\",\"isPartOf\":{\"@id\":\"https:\/\/pozalogika.pl\/#website\"},\"primaryImageOfPage\":{\"@id\":\"https:\/\/pozalogika.pl\/index.php\/2024\/02\/12\/siedem-mieszkan-duszy-twierdza-wewnetrzna-sw-teresy-z-avilii\/#primaryimage\"},\"image\":{\"@id\":\"https:\/\/pozalogika.pl\/index.php\/2024\/02\/12\/siedem-mieszkan-duszy-twierdza-wewnetrzna-sw-teresy-z-avilii\/#primaryimage\"},\"thumbnailUrl\":\"https:\/\/pozalogika.pl\/wp-content\/uploads\/2024\/07\/IMG_20230621_071517-1-edited.jpg\",\"datePublished\":\"2024-02-12T21:56:11+00:00\",\"dateModified\":\"2026-04-07T23:59:46+00:00\",\"description\":\"\u015bw. Teresa z Avilii to posta\u0107 silna, to te\u017c wybitna mistyczka. Jej ,,Twierdza wewn\u0119trzna\\\" to klasyka duchowo\u015bci chrze\u015bcija\u0144skiej.\",\"breadcrumb\":{\"@id\":\"https:\/\/pozalogika.pl\/index.php\/2024\/02\/12\/siedem-mieszkan-duszy-twierdza-wewnetrzna-sw-teresy-z-avilii\/#breadcrumb\"},\"inLanguage\":\"pl-PL\",\"potentialAction\":[{\"@type\":\"ReadAction\",\"target\":[\"https:\/\/pozalogika.pl\/index.php\/2024\/02\/12\/siedem-mieszkan-duszy-twierdza-wewnetrzna-sw-teresy-z-avilii\/\"]}]},{\"@type\":\"ImageObject\",\"inLanguage\":\"pl-PL\",\"@id\":\"https:\/\/pozalogika.pl\/index.php\/2024\/02\/12\/siedem-mieszkan-duszy-twierdza-wewnetrzna-sw-teresy-z-avilii\/#primaryimage\",\"url\":\"https:\/\/pozalogika.pl\/wp-content\/uploads\/2024\/07\/IMG_20230621_071517-1-edited.jpg\",\"contentUrl\":\"https:\/\/pozalogika.pl\/wp-content\/uploads\/2024\/07\/IMG_20230621_071517-1-edited.jpg\",\"width\":1840,\"height\":1380,\"caption\":\"\u015bw. Teresa z Avilii - ,,Twierdza wewn\u0119trzna\\\" - zdj\u0119cie ok\u0142adki\"},{\"@type\":\"BreadcrumbList\",\"@id\":\"https:\/\/pozalogika.pl\/index.php\/2024\/02\/12\/siedem-mieszkan-duszy-twierdza-wewnetrzna-sw-teresy-z-avilii\/#breadcrumb\",\"itemListElement\":[{\"@type\":\"ListItem\",\"position\":1,\"name\":\"Strona g\u0142\u00f3wna\",\"item\":\"https:\/\/pozalogika.pl\/\"},{\"@type\":\"ListItem\",\"position\":2,\"name\":\"Siedem mieszka\u0144 duszy &#8211; &#8220;Twierdza wewn\u0119trzna&#8221; i \u015bw. Teresa z Avilii\"}]},{\"@type\":\"WebSite\",\"@id\":\"https:\/\/pozalogika.pl\/#website\",\"url\":\"https:\/\/pozalogika.pl\/\",\"name\":\"Poza Logik\u0105\",\"description\":\"\",\"publisher\":{\"@id\":\"https:\/\/pozalogika.pl\/#organization\"},\"potentialAction\":[{\"@type\":\"SearchAction\",\"target\":{\"@type\":\"EntryPoint\",\"urlTemplate\":\"https:\/\/pozalogika.pl\/?s={search_term_string}\"},\"query-input\":{\"@type\":\"PropertyValueSpecification\",\"valueRequired\":true,\"valueName\":\"search_term_string\"}}],\"inLanguage\":\"pl-PL\"},{\"@type\":\"Organization\",\"@id\":\"https:\/\/pozalogika.pl\/#organization\",\"name\":\"Poza Logik\u0105. Chrze\u015bcija\u0144ski coaching i wiara\",\"url\":\"https:\/\/pozalogika.pl\/\",\"logo\":{\"@type\":\"ImageObject\",\"inLanguage\":\"pl-PL\",\"@id\":\"https:\/\/pozalogika.pl\/#\/schema\/logo\/image\/\",\"url\":\"http:\/\/pozalogika.pl\/wp-content\/uploads\/2025\/03\/img_1_1742766565195.jpg\",\"contentUrl\":\"http:\/\/pozalogika.pl\/wp-content\/uploads\/2025\/03\/img_1_1742766565195.jpg\",\"width\":1070,\"height\":1070,\"caption\":\"Poza Logik\u0105. Chrze\u015bcija\u0144ski coaching i wiara\"},\"image\":{\"@id\":\"https:\/\/pozalogika.pl\/#\/schema\/logo\/image\/\"},\"sameAs\":[\"https:\/\/www.facebook.com\/pozalogika\"]},{\"@type\":\"Person\",\"@id\":\"https:\/\/pozalogika.pl\/#\/schema\/person\/ee8191446daee40e746b1fe60afe6a15\",\"name\":\"Dariusz Oko\u0144\",\"image\":{\"@type\":\"ImageObject\",\"inLanguage\":\"pl-PL\",\"@id\":\"https:\/\/secure.gravatar.com\/avatar\/f5dc13b34a676c3c209a378216dad3cb59335cb1fb19a05d3352eff47b8924f9?s=96&d=mm&r=g\",\"url\":\"https:\/\/secure.gravatar.com\/avatar\/f5dc13b34a676c3c209a378216dad3cb59335cb1fb19a05d3352eff47b8924f9?s=96&d=mm&r=g\",\"contentUrl\":\"https:\/\/secure.gravatar.com\/avatar\/f5dc13b34a676c3c209a378216dad3cb59335cb1fb19a05d3352eff47b8924f9?s=96&d=mm&r=g\",\"caption\":\"Dariusz Oko\u0144\"},\"description\":\"Z wykszta\u0142cenia dziennikarz i trener rozwoju osobistego, w wolnych chwilach pasjonat literatury, biegania, fotografii i samorozwoju. Wierzy w rol\u0119 \u015bwieckich w Ko\u015bciele a tak\u017ce wierzy w holistyczne podej\u015bcie do cz\u0142owieka, to dlatego uczestniczy\u0142 w kursach z zakresu dietetyki oraz treningu personalnego. Aktywno\u015b\u0107 fizyczna to nie wszystko, \u0142\u0105czy j\u0105 wi\u0119c z zainteresowaniem psychologi\u0105 oraz teologi\u0105 katolick\u0105.\",\"sameAs\":[\"http:\/\/www.pozalogika.pl\",\"Facebook.com\/pozalogika\",\"Instagram.com\/pozalogika\"],\"url\":\"https:\/\/pozalogika.pl\/index.php\/author\/admin9010\/\"}]}<\/script>\n<!-- \/ Yoast SEO plugin. -->","yoast_head_json":{"title":"Siedem mieszka\u0144 duszy - \"Twierdza wewn\u0119trzna\" i \u015bw. Teresa z Avilii - Poza Logik\u0105 - wiara i samorozw\u00f3j z dusz\u0105 i cia\u0142em","description":"\u015bw. Teresa z Avilii to posta\u0107 silna, to te\u017c wybitna mistyczka. Jej ,,Twierdza wewn\u0119trzna\" to klasyka duchowo\u015bci chrze\u015bcija\u0144skiej.","robots":{"index":"index","follow":"follow","max-snippet":"max-snippet:-1","max-image-preview":"max-image-preview:large","max-video-preview":"max-video-preview:-1"},"canonical":"https:\/\/pozalogika.pl\/index.php\/2024\/02\/12\/siedem-mieszkan-duszy-twierdza-wewnetrzna-sw-teresy-z-avilii\/","og_locale":"pl_PL","og_type":"article","og_title":"Siedem mieszka\u0144 duszy - \"Twierdza wewn\u0119trzna\" i \u015bw. Teresa z Avilii - Poza Logik\u0105 - wiara i samorozw\u00f3j z dusz\u0105 i cia\u0142em","og_description":"\u015bw. Teresa z Avilii to posta\u0107 silna, to te\u017c wybitna mistyczka. Jej ,,Twierdza wewn\u0119trzna\" to klasyka duchowo\u015bci chrze\u015bcija\u0144skiej.","og_url":"https:\/\/pozalogika.pl\/index.php\/2024\/02\/12\/siedem-mieszkan-duszy-twierdza-wewnetrzna-sw-teresy-z-avilii\/","og_site_name":"Poza Logik\u0105 - wiara i samorozw\u00f3j z dusz\u0105 i cia\u0142em","article_publisher":"https:\/\/www.facebook.com\/pozalogika","article_author":"Facebook.com\/pozalogika","article_published_time":"2024-02-12T21:56:11+00:00","article_modified_time":"2026-04-07T23:59:46+00:00","og_image":[{"width":1840,"height":1380,"url":"http:\/\/pozalogika.pl\/wp-content\/uploads\/2024\/07\/IMG_20230621_071517-1-edited.jpg","type":"image\/jpeg"}],"author":"Dariusz Oko\u0144","twitter_card":"summary_large_image","twitter_misc":{"Napisane przez":"Dariusz Oko\u0144","Szacowany czas czytania":"3 minuty"},"schema":{"@context":"https:\/\/schema.org","@graph":[{"@type":"Article","@id":"https:\/\/pozalogika.pl\/index.php\/2024\/02\/12\/siedem-mieszkan-duszy-twierdza-wewnetrzna-sw-teresy-z-avilii\/#article","isPartOf":{"@id":"https:\/\/pozalogika.pl\/index.php\/2024\/02\/12\/siedem-mieszkan-duszy-twierdza-wewnetrzna-sw-teresy-z-avilii\/"},"author":{"name":"Dariusz Oko\u0144","@id":"https:\/\/pozalogika.pl\/#\/schema\/person\/ee8191446daee40e746b1fe60afe6a15"},"headline":"Siedem mieszka\u0144 duszy &#8211; &#8220;Twierdza wewn\u0119trzna&#8221; i \u015bw. Teresa z Avilii","datePublished":"2024-02-12T21:56:11+00:00","dateModified":"2026-04-07T23:59:46+00:00","mainEntityOfPage":{"@id":"https:\/\/pozalogika.pl\/index.php\/2024\/02\/12\/siedem-mieszkan-duszy-twierdza-wewnetrzna-sw-teresy-z-avilii\/"},"wordCount":481,"commentCount":0,"publisher":{"@id":"https:\/\/pozalogika.pl\/#organization"},"image":{"@id":"https:\/\/pozalogika.pl\/index.php\/2024\/02\/12\/siedem-mieszkan-duszy-twierdza-wewnetrzna-sw-teresy-z-avilii\/#primaryimage"},"thumbnailUrl":"https:\/\/pozalogika.pl\/wp-content\/uploads\/2024\/07\/IMG_20230621_071517-1-edited.jpg","keywords":["Duchowo\u015b\u0107 karmelita\u0144ska","Karmel","Teresa z Avilii","Twierdza wewn\u0119trzna"],"articleSection":["Sztuka i popkultura"],"inLanguage":"pl-PL","potentialAction":[{"@type":"CommentAction","name":"Comment","target":["https:\/\/pozalogika.pl\/index.php\/2024\/02\/12\/siedem-mieszkan-duszy-twierdza-wewnetrzna-sw-teresy-z-avilii\/#respond"]}]},{"@type":"WebPage","@id":"https:\/\/pozalogika.pl\/index.php\/2024\/02\/12\/siedem-mieszkan-duszy-twierdza-wewnetrzna-sw-teresy-z-avilii\/","url":"https:\/\/pozalogika.pl\/index.php\/2024\/02\/12\/siedem-mieszkan-duszy-twierdza-wewnetrzna-sw-teresy-z-avilii\/","name":"Siedem mieszka\u0144 duszy - \"Twierdza wewn\u0119trzna\" i \u015bw. Teresa z Avilii - Poza Logik\u0105 - wiara i samorozw\u00f3j z dusz\u0105 i cia\u0142em","isPartOf":{"@id":"https:\/\/pozalogika.pl\/#website"},"primaryImageOfPage":{"@id":"https:\/\/pozalogika.pl\/index.php\/2024\/02\/12\/siedem-mieszkan-duszy-twierdza-wewnetrzna-sw-teresy-z-avilii\/#primaryimage"},"image":{"@id":"https:\/\/pozalogika.pl\/index.php\/2024\/02\/12\/siedem-mieszkan-duszy-twierdza-wewnetrzna-sw-teresy-z-avilii\/#primaryimage"},"thumbnailUrl":"https:\/\/pozalogika.pl\/wp-content\/uploads\/2024\/07\/IMG_20230621_071517-1-edited.jpg","datePublished":"2024-02-12T21:56:11+00:00","dateModified":"2026-04-07T23:59:46+00:00","description":"\u015bw. Teresa z Avilii to posta\u0107 silna, to te\u017c wybitna mistyczka. Jej ,,Twierdza wewn\u0119trzna\" to klasyka duchowo\u015bci chrze\u015bcija\u0144skiej.","breadcrumb":{"@id":"https:\/\/pozalogika.pl\/index.php\/2024\/02\/12\/siedem-mieszkan-duszy-twierdza-wewnetrzna-sw-teresy-z-avilii\/#breadcrumb"},"inLanguage":"pl-PL","potentialAction":[{"@type":"ReadAction","target":["https:\/\/pozalogika.pl\/index.php\/2024\/02\/12\/siedem-mieszkan-duszy-twierdza-wewnetrzna-sw-teresy-z-avilii\/"]}]},{"@type":"ImageObject","inLanguage":"pl-PL","@id":"https:\/\/pozalogika.pl\/index.php\/2024\/02\/12\/siedem-mieszkan-duszy-twierdza-wewnetrzna-sw-teresy-z-avilii\/#primaryimage","url":"https:\/\/pozalogika.pl\/wp-content\/uploads\/2024\/07\/IMG_20230621_071517-1-edited.jpg","contentUrl":"https:\/\/pozalogika.pl\/wp-content\/uploads\/2024\/07\/IMG_20230621_071517-1-edited.jpg","width":1840,"height":1380,"caption":"\u015bw. Teresa z Avilii - ,,Twierdza wewn\u0119trzna\" - zdj\u0119cie ok\u0142adki"},{"@type":"BreadcrumbList","@id":"https:\/\/pozalogika.pl\/index.php\/2024\/02\/12\/siedem-mieszkan-duszy-twierdza-wewnetrzna-sw-teresy-z-avilii\/#breadcrumb","itemListElement":[{"@type":"ListItem","position":1,"name":"Strona g\u0142\u00f3wna","item":"https:\/\/pozalogika.pl\/"},{"@type":"ListItem","position":2,"name":"Siedem mieszka\u0144 duszy &#8211; &#8220;Twierdza wewn\u0119trzna&#8221; i \u015bw. Teresa z Avilii"}]},{"@type":"WebSite","@id":"https:\/\/pozalogika.pl\/#website","url":"https:\/\/pozalogika.pl\/","name":"Poza Logik\u0105","description":"","publisher":{"@id":"https:\/\/pozalogika.pl\/#organization"},"potentialAction":[{"@type":"SearchAction","target":{"@type":"EntryPoint","urlTemplate":"https:\/\/pozalogika.pl\/?s={search_term_string}"},"query-input":{"@type":"PropertyValueSpecification","valueRequired":true,"valueName":"search_term_string"}}],"inLanguage":"pl-PL"},{"@type":"Organization","@id":"https:\/\/pozalogika.pl\/#organization","name":"Poza Logik\u0105. Chrze\u015bcija\u0144ski coaching i wiara","url":"https:\/\/pozalogika.pl\/","logo":{"@type":"ImageObject","inLanguage":"pl-PL","@id":"https:\/\/pozalogika.pl\/#\/schema\/logo\/image\/","url":"http:\/\/pozalogika.pl\/wp-content\/uploads\/2025\/03\/img_1_1742766565195.jpg","contentUrl":"http:\/\/pozalogika.pl\/wp-content\/uploads\/2025\/03\/img_1_1742766565195.jpg","width":1070,"height":1070,"caption":"Poza Logik\u0105. Chrze\u015bcija\u0144ski coaching i wiara"},"image":{"@id":"https:\/\/pozalogika.pl\/#\/schema\/logo\/image\/"},"sameAs":["https:\/\/www.facebook.com\/pozalogika"]},{"@type":"Person","@id":"https:\/\/pozalogika.pl\/#\/schema\/person\/ee8191446daee40e746b1fe60afe6a15","name":"Dariusz Oko\u0144","image":{"@type":"ImageObject","inLanguage":"pl-PL","@id":"https:\/\/secure.gravatar.com\/avatar\/f5dc13b34a676c3c209a378216dad3cb59335cb1fb19a05d3352eff47b8924f9?s=96&d=mm&r=g","url":"https:\/\/secure.gravatar.com\/avatar\/f5dc13b34a676c3c209a378216dad3cb59335cb1fb19a05d3352eff47b8924f9?s=96&d=mm&r=g","contentUrl":"https:\/\/secure.gravatar.com\/avatar\/f5dc13b34a676c3c209a378216dad3cb59335cb1fb19a05d3352eff47b8924f9?s=96&d=mm&r=g","caption":"Dariusz Oko\u0144"},"description":"Z wykszta\u0142cenia dziennikarz i trener rozwoju osobistego, w wolnych chwilach pasjonat literatury, biegania, fotografii i samorozwoju. Wierzy w rol\u0119 \u015bwieckich w Ko\u015bciele a tak\u017ce wierzy w holistyczne podej\u015bcie do cz\u0142owieka, to dlatego uczestniczy\u0142 w kursach z zakresu dietetyki oraz treningu personalnego. Aktywno\u015b\u0107 fizyczna to nie wszystko, \u0142\u0105czy j\u0105 wi\u0119c z zainteresowaniem psychologi\u0105 oraz teologi\u0105 katolick\u0105.","sameAs":["http:\/\/www.pozalogika.pl","Facebook.com\/pozalogika","Instagram.com\/pozalogika"],"url":"https:\/\/pozalogika.pl\/index.php\/author\/admin9010\/"}]}},"_links":{"self":[{"href":"https:\/\/pozalogika.pl\/index.php\/wp-json\/wp\/v2\/posts\/1486","targetHints":{"allow":["GET"]}}],"collection":[{"href":"https:\/\/pozalogika.pl\/index.php\/wp-json\/wp\/v2\/posts"}],"about":[{"href":"https:\/\/pozalogika.pl\/index.php\/wp-json\/wp\/v2\/types\/post"}],"author":[{"embeddable":true,"href":"https:\/\/pozalogika.pl\/index.php\/wp-json\/wp\/v2\/users\/2"}],"replies":[{"embeddable":true,"href":"https:\/\/pozalogika.pl\/index.php\/wp-json\/wp\/v2\/comments?post=1486"}],"version-history":[{"count":2,"href":"https:\/\/pozalogika.pl\/index.php\/wp-json\/wp\/v2\/posts\/1486\/revisions"}],"predecessor-version":[{"id":2580,"href":"https:\/\/pozalogika.pl\/index.php\/wp-json\/wp\/v2\/posts\/1486\/revisions\/2580"}],"wp:featuredmedia":[{"embeddable":true,"href":"https:\/\/pozalogika.pl\/index.php\/wp-json\/wp\/v2\/media\/1699"}],"wp:attachment":[{"href":"https:\/\/pozalogika.pl\/index.php\/wp-json\/wp\/v2\/media?parent=1486"}],"wp:term":[{"taxonomy":"category","embeddable":true,"href":"https:\/\/pozalogika.pl\/index.php\/wp-json\/wp\/v2\/categories?post=1486"},{"taxonomy":"post_tag","embeddable":true,"href":"https:\/\/pozalogika.pl\/index.php\/wp-json\/wp\/v2\/tags?post=1486"}],"curies":[{"name":"wp","href":"https:\/\/api.w.org\/{rel}","templated":true}]}}