{"id":1543,"date":"2024-02-15T22:28:14","date_gmt":"2024-02-15T21:28:14","guid":{"rendered":"http:\/\/pozalogika.pl\/?p=1543"},"modified":"2026-04-07T23:37:17","modified_gmt":"2026-04-07T23:37:17","slug":"sedno-sumienia-graham-greene-sedno-sprawy-recenzja","status":"publish","type":"post","link":"https:\/\/pozalogika.pl\/index.php\/2024\/02\/15\/sedno-sumienia-graham-greene-sedno-sprawy-recenzja\/","title":{"rendered":"Sedno sumienia? Graham Greene &#8211; &#8220;Sedno sprawy&#8221; [recenzja]"},"content":{"rendered":"\n<figure class=\"wp-block-image size-large\"><img loading=\"lazy\" decoding=\"async\" width=\"1840\" height=\"1380\" src=\"https:\/\/pozalogika.pl\/wp-content\/uploads\/2024\/07\/1699637394283-1-edited.jpg\" alt=\"Graham Greene - ,,Sedno sprawy&quot; - zdj\u0119cie ksi\u0105\u017cki\" class=\"wp-image-1650\" srcset=\"https:\/\/pozalogika.pl\/wp-content\/uploads\/2024\/07\/1699637394283-1-edited.jpg 1840w, https:\/\/pozalogika.pl\/wp-content\/uploads\/2024\/07\/1699637394283-1-edited-300x225.jpg 300w, https:\/\/pozalogika.pl\/wp-content\/uploads\/2024\/07\/1699637394283-1-edited-1024x768.jpg 1024w, https:\/\/pozalogika.pl\/wp-content\/uploads\/2024\/07\/1699637394283-1-edited-768x576.jpg 768w, https:\/\/pozalogika.pl\/wp-content\/uploads\/2024\/07\/1699637394283-1-edited-1536x1152.jpg 1536w\" sizes=\"auto, (max-width: 1840px) 100vw, 1840px\" \/><\/figure>\n\n\n\n<p><\/p>\n\n\n\n<p class=\"has-drop-cap has-medium-font-size\"><strong>Greene w &#8220;Sednie sprawy&#8221; tradycyjnie ju\u017c uderza w cz\u0142owieka. Stawia go pod \u015bcian\u0105 jego w\u0142asnej psychiki i zadaje niewygodne pytania. Nie jest to przes\u0142uchanie, a wewn\u0119trzny monolog. Czasem gorzki, cz\u0119sto jednak oczyszczaj\u0105cy. Tylko \u017ce owo obmycie prawie zawsze u tego pisarza boli.<\/strong><\/p>\n\n\n\n<!--more-->\n\n\n\n<p class=\"has-medium-font-size\">W najbardziej znanej swej ksi\u0105\u017cce &#8220;Moc i chwa\u0142a&#8221; Greene pokaza\u0142 cz\u0142owieka uwik\u0142anego we w\u0142asne grzechy. &#8220;Sedno sprawy&#8221; cho\u0107 cz\u0119\u015bciowo pr\u00f3bowa\u0142o zerwa\u0107 z tak\u0105 kreacj\u0105 bohatera. Cz\u0119\u015bciowo to dobre s\u0142owo. Podobnie jak: pr\u00f3bowa\u0142o. Zwi\u0105zek Scoobie&#8217;go i Laury to wzajemne paradoksy. Ona jest artystk\u0105, on za\u015b mundurowym \u2013 cz\u0142owiekiem, kt\u00f3remu do szcz\u0119\u015bcia nie potrzeba wiele. Laura g\u0142\u0119boko wierzy i praktykuje, Scoobie dotrzymuje jej towarzystwa. Nawet nie na pokaz, ale dla spokoju. Pewnego dnia pojawia si\u0119 ta trzecia.<\/p>\n\n\n\n<p class=\"has-medium-font-size\"><strong>Zobacz tak\u017ce: <a href=\"https:\/\/pozalogika.pl\/index.php\/2025\/05\/05\/greene\/\" target=\"_blank\" rel=\"noreferrer noopener\">artyku\u0142 o G.Greene<\/a><\/strong><\/p>\n\n\n\n<h2 class=\"wp-block-heading\">Walka<\/h2>\n\n\n\n<p class=\"has-medium-font-size\">&#8220;Sedno sprawy&#8221; dalekie jest od powielania klisz. To dlatego, \u017ce to nie opowie\u015b\u0107 o ma\u0142\u017ce\u0144stwie albo&nbsp; romansie. Trudno tak\u017ce powiedzie\u0107, by to by\u0142a ksi\u0105\u017cka o XX wieku. Greene na sw\u00f3j pisarski warsztat wzi\u0105\u0142 moralno\u015b\u0107. Jego bohaterowie s\u0105 cz\u0119sto uwik\u0142ani w nie\u0142atwe relacje spo\u0142eczne, \u017cyj\u0105 w konflikcie ze sob\u0105. Na zewn\u0105trz s\u0105 w porz\u0105dku, nieszczeg\u00f3lnie gorsi od innych. Taki jest Scoobie. Walczy. Nie toczy jednak pojedynku z Bogiem, ani z innymi lud\u017ami. Przede wszystkim buntuje si\u0119 przeciw sobie. Greene by\u0142 dziennikarzem. Pozwoli\u0142o mu to nie tylko nie opisywa\u0107 sytuacji jasnych, ale i nie dawa\u0107 odpowiedzi wprost. Zamiast tego rzuca czytelnikowi kilku bohater\u00f3w, zarysowuje ich sytuacj\u0119 i ka\u017ce odbiorcy samemu wyci\u0105gn\u0105\u0107 wnioski. To w\u0142a\u015bnie trzymaj\u0105cy w d\u0142oni ksi\u0105\u017ck\u0119 mo\u017ce opisane w niej postaci pot\u0119pi\u0107 albo usprawiedliwi\u0107. Niezale\u017cnie od tego, kt\u00f3r\u0105 decyzj\u0119 podejmie, musi spyta\u0107 p\u00f3\u017aniej samego siebie, czy sam jest w porz\u0105dku. Chyba w tym tkwi si\u0142a tego\u017c pisarza.<\/p>\n\n\n\n<p class=\"has-medium-font-size\"><strong>Zobacz tak\u017ce: <a href=\"https:\/\/pozalogika.pl\/index.php\/2024\/08\/17\/znalezc-ukojenie-otworzyc-sie-na-czlowieka-list-ojca-swietego-franciszka-o-roli-literatury-w-formacji\/\" target=\"_blank\" rel=\"noreferrer noopener\">List Papie\u017ca Franciszka o roli literatury<\/a><\/strong><\/p>\n\n\n\n<h2 class=\"wp-block-heading\">Dla kogo jest ta ksi\u0105\u017cka? 4 mocne wskaz\u00f3wki:<\/h2>\n\n\n\n<ul class=\"wp-block-list\">\n<li class=\"has-medium-font-size\">Dla os\u00f3b, kt\u00f3re s\u0105 zainteresowane dobr\u0105 literatur\u0105<\/li>\n\n\n\n<li class=\"has-medium-font-size\">Pozycja dla czytelnik\u00f3w lubi\u0105cych Grahama Greene<\/li>\n\n\n\n<li class=\"has-medium-font-size\">Ksi\u0105\u017cka dla tych, kt\u00f3rzy chc\u0105 poczyta\u0107 o sumieniu, wierze ale w powie\u015bci<\/li>\n\n\n\n<li class=\"has-medium-font-size\">Pozycja dla poszukuj\u0105cych warto\u015bciowej powie\u015bci<\/li>\n<\/ul>\n","protected":false},"excerpt":{"rendered":"<p>Greene w &#8220;Sednie sprawy&#8221; tradycyjnie ju\u017c uderza w cz\u0142owieka. Stawia go pod \u015bcian\u0105 jego w\u0142asnej psychiki i zadaje niewygodne pytania. Nie jest to przes\u0142uchanie, a&hellip; <\/p>\n","protected":false},"author":2,"featured_media":1650,"comment_status":"open","ping_status":"open","sticky":false,"template":"","format":"standard","meta":{"footnotes":""},"categories":[21],"tags":[88,177,213],"class_list":["post-1543","post","type-post","status-publish","format-standard","has-post-thumbnail","hentry","category-sztuka-i-popkultura","tag-graham-greene","tag-sedno-sprawy","tag-wiara"],"yoast_head":"<!-- This site is optimized with the Yoast SEO plugin v27.2 - https:\/\/yoast.com\/product\/yoast-seo-wordpress\/ -->\n<title>Sedno sumienia? Graham Greene - &quot;Sedno sprawy&quot; [recenzja] - Poza Logik\u0105 - wiara i samorozw\u00f3j z dusz\u0105 i cia\u0142em<\/title>\n<meta name=\"description\" content=\"Sedno Sprawy to ju\u017c literacka klasyka i Graham Greene fascynuj\u0105cy jak zawsze. To powie\u015b\u0107 niewygodna dla psychiki, ale przez to mocna\" \/>\n<meta name=\"robots\" content=\"index, follow, max-snippet:-1, max-image-preview:large, max-video-preview:-1\" \/>\n<link rel=\"canonical\" href=\"https:\/\/pozalogika.pl\/index.php\/2024\/02\/15\/sedno-sumienia-graham-greene-sedno-sprawy-recenzja\/\" \/>\n<meta property=\"og:locale\" content=\"pl_PL\" \/>\n<meta property=\"og:type\" content=\"article\" \/>\n<meta property=\"og:title\" content=\"Sedno sumienia? Graham Greene - &quot;Sedno sprawy&quot; [recenzja] - Poza Logik\u0105 - wiara i samorozw\u00f3j z dusz\u0105 i cia\u0142em\" \/>\n<meta property=\"og:description\" content=\"Sedno Sprawy to ju\u017c literacka klasyka i Graham Greene fascynuj\u0105cy jak zawsze. To powie\u015b\u0107 niewygodna dla psychiki, ale przez to mocna\" \/>\n<meta property=\"og:url\" content=\"https:\/\/pozalogika.pl\/index.php\/2024\/02\/15\/sedno-sumienia-graham-greene-sedno-sprawy-recenzja\/\" \/>\n<meta property=\"og:site_name\" content=\"Poza Logik\u0105 - wiara i samorozw\u00f3j z dusz\u0105 i cia\u0142em\" \/>\n<meta property=\"article:publisher\" content=\"https:\/\/www.facebook.com\/pozalogika\" \/>\n<meta property=\"article:author\" content=\"Facebook.com\/pozalogika\" \/>\n<meta property=\"article:published_time\" content=\"2024-02-15T21:28:14+00:00\" \/>\n<meta property=\"article:modified_time\" content=\"2026-04-07T23:37:17+00:00\" \/>\n<meta property=\"og:image\" content=\"http:\/\/pozalogika.pl\/wp-content\/uploads\/2024\/07\/1699637394283-1-edited.jpg\" \/>\n\t<meta property=\"og:image:width\" content=\"1840\" \/>\n\t<meta property=\"og:image:height\" content=\"1380\" \/>\n\t<meta property=\"og:image:type\" content=\"image\/jpeg\" \/>\n<meta name=\"author\" content=\"Dariusz Oko\u0144\" \/>\n<meta name=\"twitter:card\" content=\"summary_large_image\" \/>\n<meta name=\"twitter:label1\" content=\"Napisane przez\" \/>\n\t<meta name=\"twitter:data1\" content=\"Dariusz Oko\u0144\" \/>\n\t<meta name=\"twitter:label2\" content=\"Szacowany czas czytania\" \/>\n\t<meta name=\"twitter:data2\" content=\"3 minuty\" \/>\n<script type=\"application\/ld+json\" class=\"yoast-schema-graph\">{\"@context\":\"https:\/\/schema.org\",\"@graph\":[{\"@type\":\"Article\",\"@id\":\"https:\/\/pozalogika.pl\/index.php\/2024\/02\/15\/sedno-sumienia-graham-greene-sedno-sprawy-recenzja\/#article\",\"isPartOf\":{\"@id\":\"https:\/\/pozalogika.pl\/index.php\/2024\/02\/15\/sedno-sumienia-graham-greene-sedno-sprawy-recenzja\/\"},\"author\":{\"name\":\"Dariusz Oko\u0144\",\"@id\":\"https:\/\/pozalogika.pl\/#\/schema\/person\/ee8191446daee40e746b1fe60afe6a15\"},\"headline\":\"Sedno sumienia? Graham Greene &#8211; &#8220;Sedno sprawy&#8221; [recenzja]\",\"datePublished\":\"2024-02-15T21:28:14+00:00\",\"dateModified\":\"2026-04-07T23:37:17+00:00\",\"mainEntityOfPage\":{\"@id\":\"https:\/\/pozalogika.pl\/index.php\/2024\/02\/15\/sedno-sumienia-graham-greene-sedno-sprawy-recenzja\/\"},\"wordCount\":392,\"commentCount\":0,\"publisher\":{\"@id\":\"https:\/\/pozalogika.pl\/#organization\"},\"image\":{\"@id\":\"https:\/\/pozalogika.pl\/index.php\/2024\/02\/15\/sedno-sumienia-graham-greene-sedno-sprawy-recenzja\/#primaryimage\"},\"thumbnailUrl\":\"https:\/\/pozalogika.pl\/wp-content\/uploads\/2024\/07\/1699637394283-1-edited.jpg\",\"keywords\":[\"Graham Greene\",\"Sedno sprawy\",\"Wiara\"],\"articleSection\":[\"Sztuka i popkultura\"],\"inLanguage\":\"pl-PL\",\"potentialAction\":[{\"@type\":\"CommentAction\",\"name\":\"Comment\",\"target\":[\"https:\/\/pozalogika.pl\/index.php\/2024\/02\/15\/sedno-sumienia-graham-greene-sedno-sprawy-recenzja\/#respond\"]}]},{\"@type\":\"WebPage\",\"@id\":\"https:\/\/pozalogika.pl\/index.php\/2024\/02\/15\/sedno-sumienia-graham-greene-sedno-sprawy-recenzja\/\",\"url\":\"https:\/\/pozalogika.pl\/index.php\/2024\/02\/15\/sedno-sumienia-graham-greene-sedno-sprawy-recenzja\/\",\"name\":\"Sedno sumienia? Graham Greene - \\\"Sedno sprawy\\\" [recenzja] - Poza Logik\u0105 - wiara i samorozw\u00f3j z dusz\u0105 i cia\u0142em\",\"isPartOf\":{\"@id\":\"https:\/\/pozalogika.pl\/#website\"},\"primaryImageOfPage\":{\"@id\":\"https:\/\/pozalogika.pl\/index.php\/2024\/02\/15\/sedno-sumienia-graham-greene-sedno-sprawy-recenzja\/#primaryimage\"},\"image\":{\"@id\":\"https:\/\/pozalogika.pl\/index.php\/2024\/02\/15\/sedno-sumienia-graham-greene-sedno-sprawy-recenzja\/#primaryimage\"},\"thumbnailUrl\":\"https:\/\/pozalogika.pl\/wp-content\/uploads\/2024\/07\/1699637394283-1-edited.jpg\",\"datePublished\":\"2024-02-15T21:28:14+00:00\",\"dateModified\":\"2026-04-07T23:37:17+00:00\",\"description\":\"Sedno Sprawy to ju\u017c literacka klasyka i Graham Greene fascynuj\u0105cy jak zawsze. To powie\u015b\u0107 niewygodna dla psychiki, ale przez to mocna\",\"breadcrumb\":{\"@id\":\"https:\/\/pozalogika.pl\/index.php\/2024\/02\/15\/sedno-sumienia-graham-greene-sedno-sprawy-recenzja\/#breadcrumb\"},\"inLanguage\":\"pl-PL\",\"potentialAction\":[{\"@type\":\"ReadAction\",\"target\":[\"https:\/\/pozalogika.pl\/index.php\/2024\/02\/15\/sedno-sumienia-graham-greene-sedno-sprawy-recenzja\/\"]}]},{\"@type\":\"ImageObject\",\"inLanguage\":\"pl-PL\",\"@id\":\"https:\/\/pozalogika.pl\/index.php\/2024\/02\/15\/sedno-sumienia-graham-greene-sedno-sprawy-recenzja\/#primaryimage\",\"url\":\"https:\/\/pozalogika.pl\/wp-content\/uploads\/2024\/07\/1699637394283-1-edited.jpg\",\"contentUrl\":\"https:\/\/pozalogika.pl\/wp-content\/uploads\/2024\/07\/1699637394283-1-edited.jpg\",\"width\":1840,\"height\":1380,\"caption\":\"Graham Greene - ,,Sedno sprawy\\\" - zdj\u0119cie ksi\u0105\u017cki\"},{\"@type\":\"BreadcrumbList\",\"@id\":\"https:\/\/pozalogika.pl\/index.php\/2024\/02\/15\/sedno-sumienia-graham-greene-sedno-sprawy-recenzja\/#breadcrumb\",\"itemListElement\":[{\"@type\":\"ListItem\",\"position\":1,\"name\":\"Strona g\u0142\u00f3wna\",\"item\":\"https:\/\/pozalogika.pl\/\"},{\"@type\":\"ListItem\",\"position\":2,\"name\":\"Sedno sumienia? Graham Greene &#8211; &#8220;Sedno sprawy&#8221; [recenzja]\"}]},{\"@type\":\"WebSite\",\"@id\":\"https:\/\/pozalogika.pl\/#website\",\"url\":\"https:\/\/pozalogika.pl\/\",\"name\":\"Poza Logik\u0105\",\"description\":\"\",\"publisher\":{\"@id\":\"https:\/\/pozalogika.pl\/#organization\"},\"potentialAction\":[{\"@type\":\"SearchAction\",\"target\":{\"@type\":\"EntryPoint\",\"urlTemplate\":\"https:\/\/pozalogika.pl\/?s={search_term_string}\"},\"query-input\":{\"@type\":\"PropertyValueSpecification\",\"valueRequired\":true,\"valueName\":\"search_term_string\"}}],\"inLanguage\":\"pl-PL\"},{\"@type\":\"Organization\",\"@id\":\"https:\/\/pozalogika.pl\/#organization\",\"name\":\"Poza Logik\u0105. Chrze\u015bcija\u0144ski coaching i wiara\",\"url\":\"https:\/\/pozalogika.pl\/\",\"logo\":{\"@type\":\"ImageObject\",\"inLanguage\":\"pl-PL\",\"@id\":\"https:\/\/pozalogika.pl\/#\/schema\/logo\/image\/\",\"url\":\"http:\/\/pozalogika.pl\/wp-content\/uploads\/2025\/03\/img_1_1742766565195.jpg\",\"contentUrl\":\"http:\/\/pozalogika.pl\/wp-content\/uploads\/2025\/03\/img_1_1742766565195.jpg\",\"width\":1070,\"height\":1070,\"caption\":\"Poza Logik\u0105. Chrze\u015bcija\u0144ski coaching i wiara\"},\"image\":{\"@id\":\"https:\/\/pozalogika.pl\/#\/schema\/logo\/image\/\"},\"sameAs\":[\"https:\/\/www.facebook.com\/pozalogika\"]},{\"@type\":\"Person\",\"@id\":\"https:\/\/pozalogika.pl\/#\/schema\/person\/ee8191446daee40e746b1fe60afe6a15\",\"name\":\"Dariusz Oko\u0144\",\"image\":{\"@type\":\"ImageObject\",\"inLanguage\":\"pl-PL\",\"@id\":\"https:\/\/secure.gravatar.com\/avatar\/f5dc13b34a676c3c209a378216dad3cb59335cb1fb19a05d3352eff47b8924f9?s=96&d=mm&r=g\",\"url\":\"https:\/\/secure.gravatar.com\/avatar\/f5dc13b34a676c3c209a378216dad3cb59335cb1fb19a05d3352eff47b8924f9?s=96&d=mm&r=g\",\"contentUrl\":\"https:\/\/secure.gravatar.com\/avatar\/f5dc13b34a676c3c209a378216dad3cb59335cb1fb19a05d3352eff47b8924f9?s=96&d=mm&r=g\",\"caption\":\"Dariusz Oko\u0144\"},\"description\":\"Z wykszta\u0142cenia dziennikarz i trener rozwoju osobistego, w wolnych chwilach pasjonat literatury, biegania, fotografii i samorozwoju. Wierzy w rol\u0119 \u015bwieckich w Ko\u015bciele a tak\u017ce wierzy w holistyczne podej\u015bcie do cz\u0142owieka, to dlatego uczestniczy\u0142 w kursach z zakresu dietetyki oraz treningu personalnego. Aktywno\u015b\u0107 fizyczna to nie wszystko, \u0142\u0105czy j\u0105 wi\u0119c z zainteresowaniem psychologi\u0105 oraz teologi\u0105 katolick\u0105.\",\"sameAs\":[\"http:\/\/www.pozalogika.pl\",\"Facebook.com\/pozalogika\",\"Instagram.com\/pozalogika\"],\"url\":\"https:\/\/pozalogika.pl\/index.php\/author\/admin9010\/\"}]}<\/script>\n<!-- \/ Yoast SEO plugin. -->","yoast_head_json":{"title":"Sedno sumienia? Graham Greene - \"Sedno sprawy\" [recenzja] - Poza Logik\u0105 - wiara i samorozw\u00f3j z dusz\u0105 i cia\u0142em","description":"Sedno Sprawy to ju\u017c literacka klasyka i Graham Greene fascynuj\u0105cy jak zawsze. To powie\u015b\u0107 niewygodna dla psychiki, ale przez to mocna","robots":{"index":"index","follow":"follow","max-snippet":"max-snippet:-1","max-image-preview":"max-image-preview:large","max-video-preview":"max-video-preview:-1"},"canonical":"https:\/\/pozalogika.pl\/index.php\/2024\/02\/15\/sedno-sumienia-graham-greene-sedno-sprawy-recenzja\/","og_locale":"pl_PL","og_type":"article","og_title":"Sedno sumienia? Graham Greene - \"Sedno sprawy\" [recenzja] - Poza Logik\u0105 - wiara i samorozw\u00f3j z dusz\u0105 i cia\u0142em","og_description":"Sedno Sprawy to ju\u017c literacka klasyka i Graham Greene fascynuj\u0105cy jak zawsze. To powie\u015b\u0107 niewygodna dla psychiki, ale przez to mocna","og_url":"https:\/\/pozalogika.pl\/index.php\/2024\/02\/15\/sedno-sumienia-graham-greene-sedno-sprawy-recenzja\/","og_site_name":"Poza Logik\u0105 - wiara i samorozw\u00f3j z dusz\u0105 i cia\u0142em","article_publisher":"https:\/\/www.facebook.com\/pozalogika","article_author":"Facebook.com\/pozalogika","article_published_time":"2024-02-15T21:28:14+00:00","article_modified_time":"2026-04-07T23:37:17+00:00","og_image":[{"width":1840,"height":1380,"url":"http:\/\/pozalogika.pl\/wp-content\/uploads\/2024\/07\/1699637394283-1-edited.jpg","type":"image\/jpeg"}],"author":"Dariusz Oko\u0144","twitter_card":"summary_large_image","twitter_misc":{"Napisane przez":"Dariusz Oko\u0144","Szacowany czas czytania":"3 minuty"},"schema":{"@context":"https:\/\/schema.org","@graph":[{"@type":"Article","@id":"https:\/\/pozalogika.pl\/index.php\/2024\/02\/15\/sedno-sumienia-graham-greene-sedno-sprawy-recenzja\/#article","isPartOf":{"@id":"https:\/\/pozalogika.pl\/index.php\/2024\/02\/15\/sedno-sumienia-graham-greene-sedno-sprawy-recenzja\/"},"author":{"name":"Dariusz Oko\u0144","@id":"https:\/\/pozalogika.pl\/#\/schema\/person\/ee8191446daee40e746b1fe60afe6a15"},"headline":"Sedno sumienia? Graham Greene &#8211; &#8220;Sedno sprawy&#8221; [recenzja]","datePublished":"2024-02-15T21:28:14+00:00","dateModified":"2026-04-07T23:37:17+00:00","mainEntityOfPage":{"@id":"https:\/\/pozalogika.pl\/index.php\/2024\/02\/15\/sedno-sumienia-graham-greene-sedno-sprawy-recenzja\/"},"wordCount":392,"commentCount":0,"publisher":{"@id":"https:\/\/pozalogika.pl\/#organization"},"image":{"@id":"https:\/\/pozalogika.pl\/index.php\/2024\/02\/15\/sedno-sumienia-graham-greene-sedno-sprawy-recenzja\/#primaryimage"},"thumbnailUrl":"https:\/\/pozalogika.pl\/wp-content\/uploads\/2024\/07\/1699637394283-1-edited.jpg","keywords":["Graham Greene","Sedno sprawy","Wiara"],"articleSection":["Sztuka i popkultura"],"inLanguage":"pl-PL","potentialAction":[{"@type":"CommentAction","name":"Comment","target":["https:\/\/pozalogika.pl\/index.php\/2024\/02\/15\/sedno-sumienia-graham-greene-sedno-sprawy-recenzja\/#respond"]}]},{"@type":"WebPage","@id":"https:\/\/pozalogika.pl\/index.php\/2024\/02\/15\/sedno-sumienia-graham-greene-sedno-sprawy-recenzja\/","url":"https:\/\/pozalogika.pl\/index.php\/2024\/02\/15\/sedno-sumienia-graham-greene-sedno-sprawy-recenzja\/","name":"Sedno sumienia? Graham Greene - \"Sedno sprawy\" [recenzja] - Poza Logik\u0105 - wiara i samorozw\u00f3j z dusz\u0105 i cia\u0142em","isPartOf":{"@id":"https:\/\/pozalogika.pl\/#website"},"primaryImageOfPage":{"@id":"https:\/\/pozalogika.pl\/index.php\/2024\/02\/15\/sedno-sumienia-graham-greene-sedno-sprawy-recenzja\/#primaryimage"},"image":{"@id":"https:\/\/pozalogika.pl\/index.php\/2024\/02\/15\/sedno-sumienia-graham-greene-sedno-sprawy-recenzja\/#primaryimage"},"thumbnailUrl":"https:\/\/pozalogika.pl\/wp-content\/uploads\/2024\/07\/1699637394283-1-edited.jpg","datePublished":"2024-02-15T21:28:14+00:00","dateModified":"2026-04-07T23:37:17+00:00","description":"Sedno Sprawy to ju\u017c literacka klasyka i Graham Greene fascynuj\u0105cy jak zawsze. To powie\u015b\u0107 niewygodna dla psychiki, ale przez to mocna","breadcrumb":{"@id":"https:\/\/pozalogika.pl\/index.php\/2024\/02\/15\/sedno-sumienia-graham-greene-sedno-sprawy-recenzja\/#breadcrumb"},"inLanguage":"pl-PL","potentialAction":[{"@type":"ReadAction","target":["https:\/\/pozalogika.pl\/index.php\/2024\/02\/15\/sedno-sumienia-graham-greene-sedno-sprawy-recenzja\/"]}]},{"@type":"ImageObject","inLanguage":"pl-PL","@id":"https:\/\/pozalogika.pl\/index.php\/2024\/02\/15\/sedno-sumienia-graham-greene-sedno-sprawy-recenzja\/#primaryimage","url":"https:\/\/pozalogika.pl\/wp-content\/uploads\/2024\/07\/1699637394283-1-edited.jpg","contentUrl":"https:\/\/pozalogika.pl\/wp-content\/uploads\/2024\/07\/1699637394283-1-edited.jpg","width":1840,"height":1380,"caption":"Graham Greene - ,,Sedno sprawy\" - zdj\u0119cie ksi\u0105\u017cki"},{"@type":"BreadcrumbList","@id":"https:\/\/pozalogika.pl\/index.php\/2024\/02\/15\/sedno-sumienia-graham-greene-sedno-sprawy-recenzja\/#breadcrumb","itemListElement":[{"@type":"ListItem","position":1,"name":"Strona g\u0142\u00f3wna","item":"https:\/\/pozalogika.pl\/"},{"@type":"ListItem","position":2,"name":"Sedno sumienia? Graham Greene &#8211; &#8220;Sedno sprawy&#8221; [recenzja]"}]},{"@type":"WebSite","@id":"https:\/\/pozalogika.pl\/#website","url":"https:\/\/pozalogika.pl\/","name":"Poza Logik\u0105","description":"","publisher":{"@id":"https:\/\/pozalogika.pl\/#organization"},"potentialAction":[{"@type":"SearchAction","target":{"@type":"EntryPoint","urlTemplate":"https:\/\/pozalogika.pl\/?s={search_term_string}"},"query-input":{"@type":"PropertyValueSpecification","valueRequired":true,"valueName":"search_term_string"}}],"inLanguage":"pl-PL"},{"@type":"Organization","@id":"https:\/\/pozalogika.pl\/#organization","name":"Poza Logik\u0105. Chrze\u015bcija\u0144ski coaching i wiara","url":"https:\/\/pozalogika.pl\/","logo":{"@type":"ImageObject","inLanguage":"pl-PL","@id":"https:\/\/pozalogika.pl\/#\/schema\/logo\/image\/","url":"http:\/\/pozalogika.pl\/wp-content\/uploads\/2025\/03\/img_1_1742766565195.jpg","contentUrl":"http:\/\/pozalogika.pl\/wp-content\/uploads\/2025\/03\/img_1_1742766565195.jpg","width":1070,"height":1070,"caption":"Poza Logik\u0105. Chrze\u015bcija\u0144ski coaching i wiara"},"image":{"@id":"https:\/\/pozalogika.pl\/#\/schema\/logo\/image\/"},"sameAs":["https:\/\/www.facebook.com\/pozalogika"]},{"@type":"Person","@id":"https:\/\/pozalogika.pl\/#\/schema\/person\/ee8191446daee40e746b1fe60afe6a15","name":"Dariusz Oko\u0144","image":{"@type":"ImageObject","inLanguage":"pl-PL","@id":"https:\/\/secure.gravatar.com\/avatar\/f5dc13b34a676c3c209a378216dad3cb59335cb1fb19a05d3352eff47b8924f9?s=96&d=mm&r=g","url":"https:\/\/secure.gravatar.com\/avatar\/f5dc13b34a676c3c209a378216dad3cb59335cb1fb19a05d3352eff47b8924f9?s=96&d=mm&r=g","contentUrl":"https:\/\/secure.gravatar.com\/avatar\/f5dc13b34a676c3c209a378216dad3cb59335cb1fb19a05d3352eff47b8924f9?s=96&d=mm&r=g","caption":"Dariusz Oko\u0144"},"description":"Z wykszta\u0142cenia dziennikarz i trener rozwoju osobistego, w wolnych chwilach pasjonat literatury, biegania, fotografii i samorozwoju. Wierzy w rol\u0119 \u015bwieckich w Ko\u015bciele a tak\u017ce wierzy w holistyczne podej\u015bcie do cz\u0142owieka, to dlatego uczestniczy\u0142 w kursach z zakresu dietetyki oraz treningu personalnego. Aktywno\u015b\u0107 fizyczna to nie wszystko, \u0142\u0105czy j\u0105 wi\u0119c z zainteresowaniem psychologi\u0105 oraz teologi\u0105 katolick\u0105.","sameAs":["http:\/\/www.pozalogika.pl","Facebook.com\/pozalogika","Instagram.com\/pozalogika"],"url":"https:\/\/pozalogika.pl\/index.php\/author\/admin9010\/"}]}},"_links":{"self":[{"href":"https:\/\/pozalogika.pl\/index.php\/wp-json\/wp\/v2\/posts\/1543","targetHints":{"allow":["GET"]}}],"collection":[{"href":"https:\/\/pozalogika.pl\/index.php\/wp-json\/wp\/v2\/posts"}],"about":[{"href":"https:\/\/pozalogika.pl\/index.php\/wp-json\/wp\/v2\/types\/post"}],"author":[{"embeddable":true,"href":"https:\/\/pozalogika.pl\/index.php\/wp-json\/wp\/v2\/users\/2"}],"replies":[{"embeddable":true,"href":"https:\/\/pozalogika.pl\/index.php\/wp-json\/wp\/v2\/comments?post=1543"}],"version-history":[{"count":3,"href":"https:\/\/pozalogika.pl\/index.php\/wp-json\/wp\/v2\/posts\/1543\/revisions"}],"predecessor-version":[{"id":2584,"href":"https:\/\/pozalogika.pl\/index.php\/wp-json\/wp\/v2\/posts\/1543\/revisions\/2584"}],"wp:featuredmedia":[{"embeddable":true,"href":"https:\/\/pozalogika.pl\/index.php\/wp-json\/wp\/v2\/media\/1650"}],"wp:attachment":[{"href":"https:\/\/pozalogika.pl\/index.php\/wp-json\/wp\/v2\/media?parent=1543"}],"wp:term":[{"taxonomy":"category","embeddable":true,"href":"https:\/\/pozalogika.pl\/index.php\/wp-json\/wp\/v2\/categories?post=1543"},{"taxonomy":"post_tag","embeddable":true,"href":"https:\/\/pozalogika.pl\/index.php\/wp-json\/wp\/v2\/tags?post=1543"}],"curies":[{"name":"wp","href":"https:\/\/api.w.org\/{rel}","templated":true}]}}