{"id":2028,"date":"2025-01-06T14:09:10","date_gmt":"2025-01-06T14:09:10","guid":{"rendered":"http:\/\/pozalogika.pl\/?p=2028"},"modified":"2026-04-07T23:02:23","modified_gmt":"2026-04-07T23:02:23","slug":"odrzucic-jego-objawienie-cykl-po-slowie","status":"publish","type":"post","link":"https:\/\/pozalogika.pl\/index.php\/2025\/01\/06\/odrzucic-jego-objawienie-cykl-po-slowie\/","title":{"rendered":"Czy nie odrzucasz Jezusa? Kap\u0142ani a trzej kr\u00f3lowie [komentarz do niedzielnych czyta\u0144]"},"content":{"rendered":"\n<figure class=\"wp-block-image size-full\"><img loading=\"lazy\" decoding=\"async\" width=\"637\" height=\"478\" src=\"http:\/\/pozalogika.pl\/wp-content\/uploads\/2025\/01\/giotto-di-bondone-the-epiphany-wga09343-12c294-640-edited.jpg\" alt=\"Pok\u0142on trzech kr\u00f3li\" class=\"wp-image-2030\" srcset=\"https:\/\/pozalogika.pl\/wp-content\/uploads\/2025\/01\/giotto-di-bondone-the-epiphany-wga09343-12c294-640-edited.jpg 637w, https:\/\/pozalogika.pl\/wp-content\/uploads\/2025\/01\/giotto-di-bondone-the-epiphany-wga09343-12c294-640-edited-300x225.jpg 300w\" sizes=\"auto, (max-width: 637px) 100vw, 637px\" \/><\/figure>\n\n\n\n<p class=\"has-medium-font-size\"><strong>Trzej kr\u00f3lowie. Dzisiejsza Liturgia S\u0142owa obfituje w symbole, spe\u0142nione proroctwa, w mnogo\u015b\u0107 wydarze\u0144. To jest taka sytuacja, gdy zapowiedzi Starego Testamentu spe\u0142niaj\u0105 si\u0119. To taka sytuacja, gdy czytasz Apokalips\u0119 i czekasz na Pana i On w ko\u0144cu powt\u00f3rnie przychodzi o teraz i tu. Fajne uczucie, wyobra\u017cam sobie. Zagl\u0105daj\u0105c do popkultury to w pierwszym tomie &#8220;Opowie\u015bci z Narnii&#8221; \u0141ucja spotyka pa\u0144stwa Bobr\u00f3w, oni m\u00f3wi\u0105 o proroctwie o dzieciach ludzkich w Narnii, o pojawieniu si\u0119 Aslana, kt\u00f3ry pokona wieczn\u0105 zim\u0119. To jak zapowied\u017a Aragorna we &#8220;W\u0142adcy Pier\u015bcieni&#8221; \u017ce &#8220;kr\u00f3l tu\u0142acz wr\u00f3ci na stolic\u0119&#8221; (trzeci tom Tolkienowskiej powie\u015bci to &#8220;Powr\u00f3t kr\u00f3la&#8221;).<\/strong><\/p>\n\n\n\n<!--more-->\n\n\n\n<p>Spis tre\u015bci:<\/p>\n\n\n\n<ul class=\"wp-block-list\">\n<li><strong><a href=\"#a1\">Magowie &#8211; kr\u00f3lowie<\/a><\/strong><\/li>\n\n\n\n<li><strong><a href=\"#a2\">Kap\u0142ani<\/a><\/strong><\/li>\n\n\n\n<li><strong><a href=\"#a3\">Mesjasz<\/a><\/strong><\/li>\n\n\n\n<li><strong><a href=\"#a4\">Podsumowuj\u0105c<\/a><\/strong><\/li>\n\n\n\n<li><strong><a href=\"#a5\">3 rzeczy, kt\u00f3rych ucz\u0105 nas te niedzielne czytania<\/a><\/strong><\/li>\n<\/ul>\n\n\n\n<p class=\"has-medium-font-size\">W ko\u015bcio\u0142ach s\u0142ycha\u0107 wiele kaza\u0144, dzisiejsza Ewangelia to taki &#8220;samograj&#8221;. Nie lubi\u0119 wi\u0119c w niedziele i \u015bwi\u0119ta pisa\u0107 tych rozwa\u017ca\u0144, bo tego dnia jest ich wsz\u0119dzie pe\u0142no. Ale dzi\u015b znowu co\u015b we mnie zacz\u0119\u0142o rezonowa\u0107 podczas czytania przed msz\u0105 tekst\u00f3w Liturgii S\u0142owa.<\/p>\n\n\n\n<h2 class=\"wp-block-heading\" id=\"a1\">Magowie &#8211; kr\u00f3lowie<\/h2>\n\n\n\n<p class=\"has-medium-font-size\">Jedni skupi\u0105 si\u0119 na tym, czy to byli magowie czy m\u0119drcy, czy ich by\u0142o trzech czy mo\u017ce mniej lub mo\u017ce wi\u0119cej, kto\u015b skupi si\u0119 na w\u0142a\u015bnie spe\u0142nionych proroctwach, mo\u017ce na epifaniach (bo to \u015bwi\u0119to &#8220;Objawienia Pa\u0144skiego&#8221; czyli wielu epifanii &#8211; objawie\u0144 Bosko\u015bci Chrystusa, pok\u0142on m\u0119drc\u00f3w to jedno z tych &#8220;ukaza\u0144&#8221;). Gdy czyta\u0142em te teksty przed Eucharysti\u0105, moj\u0105 uwag\u0119 skupi\u0142 mo\u017ce pomijany cz\u0119sto fakt w Ewangelii. Czytamy tam, \u017ce m\u0119drcy spotykaj\u0105 Heroda, m\u00f3wi\u0105 mu prawd\u0119 o nowym Kr\u00f3lu. <\/p>\n\n\n\n<p class=\"has-medium-font-size\">Czytamy, \u017ce &#8220;Gdy to us\u0142ysza\u0142 kr\u00f3l Herod, przerazi\u0142 si\u0119, a z nim ca\u0142a Jerozolima&#8221;. Herod jest przestraszony i wszyscy wok\u00f3\u0142 niego, atmosfera jest g\u0119sta, w\u0142adca pewnie okazuje te emocje ostentacyjnie. Og\u00f3lnie wiadomo, jaki jest klimat i \u017ce w\u0142adca jest wkurzony. Nast\u0119pnie czytamy:<\/p>\n\n\n\n<blockquote class=\"wp-block-quote is-layout-flow wp-block-quote-is-layout-flow\">\n<p class=\"has-medium-font-size\">&#8220;Zebra\u0142 wszystkich wy\u017cszych kap\u0142an\u00f3w oraz nauczycieli ludu i pyta\u0142 ich, gdzie ma si\u0119 narodzi\u0107 Chrystus. A oni mu powiedzieli: &lt;&lt;W Betlejem Judzkim. Tak bowiem zosta\u0142o napisane przez proroka: A ty, Betlejem, ziemio Judy, wcale nie jeste\u015b najmniejsze spo\u015br\u00f3d wielkich miast Judy, gdy\u017c z ciebie wyjdzie w\u00f3dz, kt\u00f3ry b\u0119dzie pasterzem Izraela, mojego ludu&gt;&gt;&#8221;.<\/p>\n<\/blockquote>\n\n\n\n<p><\/p>\n\n\n\n<p class=\"has-medium-font-size\"><strong>Zobacz tak\u017ce: <a href=\"https:\/\/pozalogika.pl\/index.php\/category\/od-nowa\/\" target=\"_blank\" rel=\"noreferrer noopener\">Moje rozwa\u017cania Ksi\u0119gi Rodzaju (po kolei rozdzia\u0142 po rozdziale)<\/a><\/strong><\/p>\n\n\n\n<h2 class=\"wp-block-heading\" id=\"a2\">Kap\u0142ani<\/h2>\n\n\n\n<p class=\"has-medium-font-size\">I to na tych kap\u0142anach i nauczycielach chc\u0119 si\u0119 skupi\u0107. Swoj\u0105 refleksj\u0119 chcia\u0142em oprze\u0107 na faryzeuszach i znawcach Pisma. Przek\u0142ady na j\u0119zyk polski w r\u00f3\u017cnych przek\u0142adach Biblii raz m\u00f3wi\u0105 o kap\u0142anach ludu, raz o znawcach Pisma. Zajrza\u0142em do greki i owo sformu\u0142owanie \u03b3\u03c1\u03b1\u03bc\u03bc\u03b1\u03c4\u03b5\u03b9\u03c2 u \u015bw. Mateusza pojawia si\u0119 po wielokro\u0107, to ci sami &#8220;znawcy Pisma&#8221; kt\u00f3rzy chodz\u0105 za Jezusem podczas Jego nauczania, to ta sama kasta, kt\u00f3ra oburza si\u0119 Jego nauczaniem, ta grupa spo\u0142eczna kt\u00f3rej &#8220;biada&#8221;, i kt\u00f3ra by\u0142a na dziedzi\u0144cu Kajfasza gdy pochwyconego Jezusa skaza\u0107 na \u015bmier\u0107. Mateusz te\u017c m\u00f3wi, \u017ce Jezus uczy\u0142 jak ten kto &#8220;ma w\u0142adz\u0119&#8221; a nie jak ci \u03b3\u03c1\u03b1\u03bc\u03bc\u03b1\u03c4\u03b5\u03b9\u03c2 czyli &#8220;uczeni w Prawie&#8221;. <\/p>\n\n\n\n<p class=\"has-medium-font-size\">Na pocz\u0105tku postanowi\u0142em sprawdzi\u0107, czy mo\u017ce chodzi o poga\u0144skich uczonych-filozof\u00f3w z dworu Heroda, kt\u00f3rzy znaj\u0105 jako naukowcy pisma ludu. Ale jednak to prawda: Herodowi pomagaj\u0105 arcykap\u0142ani i uczeni w Prawie. Mo\u017ce z l\u0119ku i strachu, a mo\u017ce w\u0142a\u015bnie z pe\u0142n\u0105 premedytacj\u0105. Bo wyobra\u017amy sobie sytuacj\u0119: Herod jest wkurzony, pewnie okazuje to ostentacyjnie i jest to widoczne skoro z nim przerazi\u0142a si\u0119 &#8220;ca\u0142a Jerozolima&#8221;. By\u0142o g\u0142o\u015bno i nie da\u0142o si\u0119 ukry\u0107. Wszystko przez to, \u017ce narodzi\u0142 si\u0119 podobno Mesjasz. Herod jest durny, my\u015bli \u017ce to jaki\u015b w\u0142adca, kt\u00f3ry go str\u0105ci z tronu. Ale arcykap\u0142ani wiedz\u0105, \u017ce to ten Mesjasz, na kt\u00f3rego czekali i o kt\u00f3rym m\u00f3wili prorocy. <\/p>\n\n\n\n<h2 class=\"wp-block-heading\" id=\"a3\">Mesjasz<\/h2>\n\n\n\n<p class=\"has-medium-font-size\">Co prawda oczekiwany przez \u017byd\u00f3w Mesjasz mia\u0142 by\u0107 wg niekt\u00f3rych przyw\u00f3dc\u0105 religijnym, kt\u00f3ry wyzwoli Izraela i poprowadzi ludzi do powstania. Ten wkurzony Herod posy\u0142a po arcykap\u0142an\u00f3w, a oni id\u0105 i jawnie m\u00f3wi\u0105 w\u0142adcy, gdzie narodzi\u0142 si\u0119 zapowiadany Mesjasz. Wydaj\u0105 Go &#8211; bezbronnego, Dzieci\u0119. Mo\u017ce to przez to, \u017ce im dobrze w tym bogactwie Heroda, w tej symbiozie z tronem i w\u0142adz\u0105, kt\u00f3ra i na nich skapn\u0119\u0142a. Bo czy ze strachu to czyni\u0105? Bardzo ch\u0119tnie uczestnicz\u0105 w tej zdradzie. Mo\u017ce te\u017c jest inny pow\u00f3d: nie uzna\u0107 Mesjasza, by czeka\u0107 dalej, by ludzi trzyma\u0107 w tym oczekiwaniu na Jego przyj\u015bcie, by nie straci\u0107 autorytetu i bogactwa i poklasku, bo pojawienie si\u0119 Mesjasza i og\u0142oszenie tego ludowi sprawi\u0142oby, \u017ce w\u0142adza uczonych w Prawie by os\u0142ab\u0142a. <\/p>\n\n\n\n<p class=\"has-medium-font-size\">A mo\u017ce ci uczeni ludu nie wierz\u0105 w Mesjasza, nie wierz\u0105 w te proroctwa, kt\u00f3re s\u0105 dla nich anachronizmem, jak\u0105\u015b bajk\u0105 i klechd\u0105, a liczy si\u0119 to co tu: bogactwo, w\u0142adza, przepisy, uk\u0142ady i symbioza z tronem. Gdy mowa o tym, \u017ce przerazi\u0142a si\u0119 &#8220;ca\u0142a&#8221; Jerozolima to pewnie i arcykap\u0142ani.<\/p>\n\n\n\n<h2 class=\"wp-block-heading\" id=\"a4\">Podsumowuj\u0105c<\/h2>\n\n\n\n<p class=\"has-medium-font-size\">Ci arcykap\u0142ani nie chc\u0105 odda\u0107 pok\u0142onu Mesjaszowi, nie chc\u0105 uzna\u0107 Go, przyj\u0105\u0107, wr\u0119cz Go wydaj\u0105, jest im \u0142atwiej czeka\u0107 w wieczno\u015b\u0107 na Mesjasza i odsy\u0142a\u0107 ludzi do ci\u0105g\u0142ego czekania, ni\u017c przyzna\u0107, \u017ce On przyszed\u0142, \u017ce teraz to nie ich czas ale czas Emmanuela. Ca\u0142kiem inn\u0105 postaw\u0119 przyjmie za kilka dekad Jan Chrzciciel, kt\u00f3ry uznawany za proroka zrzeka si\u0119 tej w\u0142adzy i pokazuje na Chrystusa &#8211; na mocniejszego od niego, kt\u00f3remu Jan nie jest godzien nawet pa\u015b\u0107 do st\u00f3p.<\/p>\n\n\n\n<p class=\"has-medium-font-size\">Pytanie jest nast\u0119puj\u0105ce: czy naprawd\u0119 wierz\u0119 w to, \u017ce Mesjasz objawi\u0142 si\u0119 i to czyni, czy chcemy Go uzna\u0107, odda\u0107 Mu ho\u0142d, uzna\u0107 Go za Pana swego \u017cycia. Uwierzy\u0107 tak na serio i przyj\u0105\u0107 Go.<\/p>\n\n\n\n<h2 class=\"wp-block-heading\" id=\"a4\">3 rzeczy, kt\u00f3rych ucz\u0105 nas te niedzielne czytania<\/h2>\n\n\n\n<ul class=\"wp-block-list\">\n<li class=\"has-medium-font-size\">Zadajmy sobie pytanie, czy my naprawd\u0119 wierzymy w Mesjasza &#8211; czy tak jak faryzeusze, kt\u00f3rych \u017cycie (zawodowe!) polega\u0142o na czekaniu na Jezusa ale Go odrzucili, czy te\u017c jak magowie &#8211; poganie, kt\u00f3rych pojawienie si\u0119 Mesjasza zaskoczy\u0142o, a jednak Go przyj\u0119li.<\/li>\n\n\n\n<li class=\"has-medium-font-size\">Mesjasza, jak pokazuje to czytanie, czasem si\u0119 ostentacyjnie odrzuca, zdradza, obecno\u015b\u0107 Pana jest wymagaj\u0105ca bo ka\u017ce odrzuci\u0107 grzech. A ludzka natura cz\u0119sto jest ska\u017cona grzechami. Ci faryzeusze z czas\u00f3w narodzin Jezusa po 33 latach nadal Go odrzucaj\u0105 i ska\u017c\u0105 na \u015bmier\u0107. Tak wygl\u0105da walka z Bogiem.<\/li>\n\n\n\n<li class=\"has-medium-font-size\">Faryzeusze nie chcieli odda\u0107 pok\u0142onu Jezusowi. Zadaj sobie pytanie, czy ty tak naprawd\u0119 i na serio oddajesz Jemu cze\u015b\u0107?<\/li>\n<\/ul>\n\n\n\n<p>fot. CC0<\/p>\n","protected":false},"excerpt":{"rendered":"<p>Trzej kr\u00f3lowie. Dzisiejsza Liturgia S\u0142owa obfituje w symbole, spe\u0142nione proroctwa, w mnogo\u015b\u0107 wydarze\u0144. To jest taka sytuacja, gdy zapowiedzi Starego Testamentu spe\u0142niaj\u0105 si\u0119. To taka&hellip; <\/p>\n","protected":false},"author":1,"featured_media":2030,"comment_status":"open","ping_status":"open","sticky":false,"template":"","format":"standard","meta":{"footnotes":""},"categories":[13,19],"tags":[44,171,583,213],"class_list":["post-2028","post","type-post","status-publish","format-standard","has-post-thumbnail","hentry","category-po-slowie","category-spoleczenstwo","tag-biblia","tag-religia","tag-trzej-krolowie","tag-wiara"],"yoast_head":"<!-- This site is optimized with the Yoast SEO plugin v27.2 - https:\/\/yoast.com\/product\/yoast-seo-wordpress\/ -->\n<title>Czy nie odrzucasz Jezusa? Kap\u0142ani a trzej kr\u00f3lowie [komentarz do niedzielnych czyta\u0144] - Poza Logik\u0105 - wiara i samorozw\u00f3j z dusz\u0105 i cia\u0142em<\/title>\n<meta name=\"description\" content=\"Trzej kr\u00f3lowie nie znali Mesjasza a przyj\u0119li Go. Kap\u0142ani czekali na Niego, a odrzucili Go. Czy my czasem nie czynimy podobnie?\" \/>\n<meta name=\"robots\" content=\"index, follow, max-snippet:-1, max-image-preview:large, max-video-preview:-1\" \/>\n<link rel=\"canonical\" href=\"https:\/\/pozalogika.pl\/index.php\/2025\/01\/06\/odrzucic-jego-objawienie-cykl-po-slowie\/\" \/>\n<meta property=\"og:locale\" content=\"pl_PL\" \/>\n<meta property=\"og:type\" content=\"article\" \/>\n<meta property=\"og:title\" content=\"Czy nie odrzucasz Jezusa? Kap\u0142ani a trzej kr\u00f3lowie [komentarz do niedzielnych czyta\u0144] - Poza Logik\u0105 - wiara i samorozw\u00f3j z dusz\u0105 i cia\u0142em\" \/>\n<meta property=\"og:description\" content=\"Trzej kr\u00f3lowie nie znali Mesjasza a przyj\u0119li Go. Kap\u0142ani czekali na Niego, a odrzucili Go. Czy my czasem nie czynimy podobnie?\" \/>\n<meta property=\"og:url\" content=\"https:\/\/pozalogika.pl\/index.php\/2025\/01\/06\/odrzucic-jego-objawienie-cykl-po-slowie\/\" \/>\n<meta property=\"og:site_name\" content=\"Poza Logik\u0105 - wiara i samorozw\u00f3j z dusz\u0105 i cia\u0142em\" \/>\n<meta property=\"article:publisher\" content=\"https:\/\/www.facebook.com\/pozalogika\" \/>\n<meta property=\"article:author\" content=\"facebook.com\/pozalogika\" \/>\n<meta property=\"article:published_time\" content=\"2025-01-06T14:09:10+00:00\" \/>\n<meta property=\"article:modified_time\" content=\"2026-04-07T23:02:23+00:00\" \/>\n<meta property=\"og:image\" content=\"http:\/\/pozalogika.pl\/wp-content\/uploads\/2025\/01\/giotto-di-bondone-the-epiphany-wga09343-12c294-640-edited.jpg\" \/>\n\t<meta property=\"og:image:width\" content=\"637\" \/>\n\t<meta property=\"og:image:height\" content=\"478\" \/>\n\t<meta property=\"og:image:type\" content=\"image\/jpeg\" \/>\n<meta name=\"author\" content=\"Dariusz Oko\u0144\" \/>\n<meta name=\"twitter:card\" content=\"summary_large_image\" \/>\n<meta name=\"twitter:label1\" content=\"Napisane przez\" \/>\n\t<meta name=\"twitter:data1\" content=\"Dariusz Oko\u0144\" \/>\n\t<meta name=\"twitter:label2\" content=\"Szacowany czas czytania\" \/>\n\t<meta name=\"twitter:data2\" content=\"6 minut\" \/>\n<script type=\"application\/ld+json\" class=\"yoast-schema-graph\">{\"@context\":\"https:\/\/schema.org\",\"@graph\":[{\"@type\":\"Article\",\"@id\":\"https:\/\/pozalogika.pl\/index.php\/2025\/01\/06\/odrzucic-jego-objawienie-cykl-po-slowie\/#article\",\"isPartOf\":{\"@id\":\"https:\/\/pozalogika.pl\/index.php\/2025\/01\/06\/odrzucic-jego-objawienie-cykl-po-slowie\/\"},\"author\":{\"name\":\"Dariusz Oko\u0144\",\"@id\":\"https:\/\/pozalogika.pl\/#\/schema\/person\/b8d33dd73be10080f4f8319e9733bed1\"},\"headline\":\"Czy nie odrzucasz Jezusa? Kap\u0142ani a trzej kr\u00f3lowie [komentarz do niedzielnych czyta\u0144]\",\"datePublished\":\"2025-01-06T14:09:10+00:00\",\"dateModified\":\"2026-04-07T23:02:23+00:00\",\"mainEntityOfPage\":{\"@id\":\"https:\/\/pozalogika.pl\/index.php\/2025\/01\/06\/odrzucic-jego-objawienie-cykl-po-slowie\/\"},\"wordCount\":1156,\"commentCount\":0,\"publisher\":{\"@id\":\"https:\/\/pozalogika.pl\/#organization\"},\"image\":{\"@id\":\"https:\/\/pozalogika.pl\/index.php\/2025\/01\/06\/odrzucic-jego-objawienie-cykl-po-slowie\/#primaryimage\"},\"thumbnailUrl\":\"https:\/\/pozalogika.pl\/wp-content\/uploads\/2025\/01\/giotto-di-bondone-the-epiphany-wga09343-12c294-640-edited.jpg\",\"keywords\":[\"Biblia\",\"Religia\",\"trzej kr\u00f3lowie\",\"Wiara\"],\"articleSection\":[\"Po S\u0142owie\",\"Spo\u0142ecze\u0144stwo\"],\"inLanguage\":\"pl-PL\",\"potentialAction\":[{\"@type\":\"CommentAction\",\"name\":\"Comment\",\"target\":[\"https:\/\/pozalogika.pl\/index.php\/2025\/01\/06\/odrzucic-jego-objawienie-cykl-po-slowie\/#respond\"]}]},{\"@type\":\"WebPage\",\"@id\":\"https:\/\/pozalogika.pl\/index.php\/2025\/01\/06\/odrzucic-jego-objawienie-cykl-po-slowie\/\",\"url\":\"https:\/\/pozalogika.pl\/index.php\/2025\/01\/06\/odrzucic-jego-objawienie-cykl-po-slowie\/\",\"name\":\"Czy nie odrzucasz Jezusa? Kap\u0142ani a trzej kr\u00f3lowie [komentarz do niedzielnych czyta\u0144] - Poza Logik\u0105 - wiara i samorozw\u00f3j z dusz\u0105 i cia\u0142em\",\"isPartOf\":{\"@id\":\"https:\/\/pozalogika.pl\/#website\"},\"primaryImageOfPage\":{\"@id\":\"https:\/\/pozalogika.pl\/index.php\/2025\/01\/06\/odrzucic-jego-objawienie-cykl-po-slowie\/#primaryimage\"},\"image\":{\"@id\":\"https:\/\/pozalogika.pl\/index.php\/2025\/01\/06\/odrzucic-jego-objawienie-cykl-po-slowie\/#primaryimage\"},\"thumbnailUrl\":\"https:\/\/pozalogika.pl\/wp-content\/uploads\/2025\/01\/giotto-di-bondone-the-epiphany-wga09343-12c294-640-edited.jpg\",\"datePublished\":\"2025-01-06T14:09:10+00:00\",\"dateModified\":\"2026-04-07T23:02:23+00:00\",\"description\":\"Trzej kr\u00f3lowie nie znali Mesjasza a przyj\u0119li Go. Kap\u0142ani czekali na Niego, a odrzucili Go. Czy my czasem nie czynimy podobnie?\",\"breadcrumb\":{\"@id\":\"https:\/\/pozalogika.pl\/index.php\/2025\/01\/06\/odrzucic-jego-objawienie-cykl-po-slowie\/#breadcrumb\"},\"inLanguage\":\"pl-PL\",\"potentialAction\":[{\"@type\":\"ReadAction\",\"target\":[\"https:\/\/pozalogika.pl\/index.php\/2025\/01\/06\/odrzucic-jego-objawienie-cykl-po-slowie\/\"]}]},{\"@type\":\"ImageObject\",\"inLanguage\":\"pl-PL\",\"@id\":\"https:\/\/pozalogika.pl\/index.php\/2025\/01\/06\/odrzucic-jego-objawienie-cykl-po-slowie\/#primaryimage\",\"url\":\"https:\/\/pozalogika.pl\/wp-content\/uploads\/2025\/01\/giotto-di-bondone-the-epiphany-wga09343-12c294-640-edited.jpg\",\"contentUrl\":\"https:\/\/pozalogika.pl\/wp-content\/uploads\/2025\/01\/giotto-di-bondone-the-epiphany-wga09343-12c294-640-edited.jpg\",\"width\":637,\"height\":478,\"caption\":\"Pok\u0142on trzech kr\u00f3li\"},{\"@type\":\"BreadcrumbList\",\"@id\":\"https:\/\/pozalogika.pl\/index.php\/2025\/01\/06\/odrzucic-jego-objawienie-cykl-po-slowie\/#breadcrumb\",\"itemListElement\":[{\"@type\":\"ListItem\",\"position\":1,\"name\":\"Strona g\u0142\u00f3wna\",\"item\":\"https:\/\/pozalogika.pl\/\"},{\"@type\":\"ListItem\",\"position\":2,\"name\":\"Czy nie odrzucasz Jezusa? Kap\u0142ani a trzej kr\u00f3lowie [komentarz do niedzielnych czyta\u0144]\"}]},{\"@type\":\"WebSite\",\"@id\":\"https:\/\/pozalogika.pl\/#website\",\"url\":\"https:\/\/pozalogika.pl\/\",\"name\":\"Poza Logik\u0105\",\"description\":\"\",\"publisher\":{\"@id\":\"https:\/\/pozalogika.pl\/#organization\"},\"potentialAction\":[{\"@type\":\"SearchAction\",\"target\":{\"@type\":\"EntryPoint\",\"urlTemplate\":\"https:\/\/pozalogika.pl\/?s={search_term_string}\"},\"query-input\":{\"@type\":\"PropertyValueSpecification\",\"valueRequired\":true,\"valueName\":\"search_term_string\"}}],\"inLanguage\":\"pl-PL\"},{\"@type\":\"Organization\",\"@id\":\"https:\/\/pozalogika.pl\/#organization\",\"name\":\"Poza Logik\u0105. Chrze\u015bcija\u0144ski coaching i wiara\",\"url\":\"https:\/\/pozalogika.pl\/\",\"logo\":{\"@type\":\"ImageObject\",\"inLanguage\":\"pl-PL\",\"@id\":\"https:\/\/pozalogika.pl\/#\/schema\/logo\/image\/\",\"url\":\"http:\/\/pozalogika.pl\/wp-content\/uploads\/2025\/03\/img_1_1742766565195.jpg\",\"contentUrl\":\"http:\/\/pozalogika.pl\/wp-content\/uploads\/2025\/03\/img_1_1742766565195.jpg\",\"width\":1070,\"height\":1070,\"caption\":\"Poza Logik\u0105. Chrze\u015bcija\u0144ski coaching i wiara\"},\"image\":{\"@id\":\"https:\/\/pozalogika.pl\/#\/schema\/logo\/image\/\"},\"sameAs\":[\"https:\/\/www.facebook.com\/pozalogika\"]},{\"@type\":\"Person\",\"@id\":\"https:\/\/pozalogika.pl\/#\/schema\/person\/b8d33dd73be10080f4f8319e9733bed1\",\"name\":\"Dariusz Oko\u0144\",\"image\":{\"@type\":\"ImageObject\",\"inLanguage\":\"pl-PL\",\"@id\":\"https:\/\/secure.gravatar.com\/avatar\/33edefc54f8320a9493600e3afc4b35fc0cafa03b2709262ba52bc75541ad90c?s=96&d=mm&r=g\",\"url\":\"https:\/\/secure.gravatar.com\/avatar\/33edefc54f8320a9493600e3afc4b35fc0cafa03b2709262ba52bc75541ad90c?s=96&d=mm&r=g\",\"contentUrl\":\"https:\/\/secure.gravatar.com\/avatar\/33edefc54f8320a9493600e3afc4b35fc0cafa03b2709262ba52bc75541ad90c?s=96&d=mm&r=g\",\"caption\":\"Dariusz Oko\u0144\"},\"description\":\"Z wykszta\u0142cenia dziennikarz i trener rozwoju osobistego, w wolnych chwilach pasjonat literatury, biegania, fotografii i samorozwoju. Wierzy w rol\u0119 \u015bwieckich w Ko\u015bciele a tak\u017ce wierzy w holistyczne podej\u015bcie do cz\u0142owieka, to dlatego uczestniczy\u0142 w kursach z zakresu dietetyki oraz treningu personalnego. Aktywno\u015b\u0107 fizyczna to nie wszystko, \u0142\u0105czy j\u0105 wi\u0119c z zainteresowaniem psychologi\u0105 oraz teologi\u0105 katolick\u0105.\",\"sameAs\":[\"http:\/\/pozalogika.pl\",\"facebook.com\/pozalogika\",\"Instagram.com\/pozalogika\"],\"url\":\"https:\/\/pozalogika.pl\/index.php\/author\/darekp\/\"}]}<\/script>\n<!-- \/ Yoast SEO plugin. -->","yoast_head_json":{"title":"Czy nie odrzucasz Jezusa? Kap\u0142ani a trzej kr\u00f3lowie [komentarz do niedzielnych czyta\u0144] - Poza Logik\u0105 - wiara i samorozw\u00f3j z dusz\u0105 i cia\u0142em","description":"Trzej kr\u00f3lowie nie znali Mesjasza a przyj\u0119li Go. Kap\u0142ani czekali na Niego, a odrzucili Go. Czy my czasem nie czynimy podobnie?","robots":{"index":"index","follow":"follow","max-snippet":"max-snippet:-1","max-image-preview":"max-image-preview:large","max-video-preview":"max-video-preview:-1"},"canonical":"https:\/\/pozalogika.pl\/index.php\/2025\/01\/06\/odrzucic-jego-objawienie-cykl-po-slowie\/","og_locale":"pl_PL","og_type":"article","og_title":"Czy nie odrzucasz Jezusa? Kap\u0142ani a trzej kr\u00f3lowie [komentarz do niedzielnych czyta\u0144] - Poza Logik\u0105 - wiara i samorozw\u00f3j z dusz\u0105 i cia\u0142em","og_description":"Trzej kr\u00f3lowie nie znali Mesjasza a przyj\u0119li Go. Kap\u0142ani czekali na Niego, a odrzucili Go. Czy my czasem nie czynimy podobnie?","og_url":"https:\/\/pozalogika.pl\/index.php\/2025\/01\/06\/odrzucic-jego-objawienie-cykl-po-slowie\/","og_site_name":"Poza Logik\u0105 - wiara i samorozw\u00f3j z dusz\u0105 i cia\u0142em","article_publisher":"https:\/\/www.facebook.com\/pozalogika","article_author":"facebook.com\/pozalogika","article_published_time":"2025-01-06T14:09:10+00:00","article_modified_time":"2026-04-07T23:02:23+00:00","og_image":[{"width":637,"height":478,"url":"http:\/\/pozalogika.pl\/wp-content\/uploads\/2025\/01\/giotto-di-bondone-the-epiphany-wga09343-12c294-640-edited.jpg","type":"image\/jpeg"}],"author":"Dariusz Oko\u0144","twitter_card":"summary_large_image","twitter_misc":{"Napisane przez":"Dariusz Oko\u0144","Szacowany czas czytania":"6 minut"},"schema":{"@context":"https:\/\/schema.org","@graph":[{"@type":"Article","@id":"https:\/\/pozalogika.pl\/index.php\/2025\/01\/06\/odrzucic-jego-objawienie-cykl-po-slowie\/#article","isPartOf":{"@id":"https:\/\/pozalogika.pl\/index.php\/2025\/01\/06\/odrzucic-jego-objawienie-cykl-po-slowie\/"},"author":{"name":"Dariusz Oko\u0144","@id":"https:\/\/pozalogika.pl\/#\/schema\/person\/b8d33dd73be10080f4f8319e9733bed1"},"headline":"Czy nie odrzucasz Jezusa? Kap\u0142ani a trzej kr\u00f3lowie [komentarz do niedzielnych czyta\u0144]","datePublished":"2025-01-06T14:09:10+00:00","dateModified":"2026-04-07T23:02:23+00:00","mainEntityOfPage":{"@id":"https:\/\/pozalogika.pl\/index.php\/2025\/01\/06\/odrzucic-jego-objawienie-cykl-po-slowie\/"},"wordCount":1156,"commentCount":0,"publisher":{"@id":"https:\/\/pozalogika.pl\/#organization"},"image":{"@id":"https:\/\/pozalogika.pl\/index.php\/2025\/01\/06\/odrzucic-jego-objawienie-cykl-po-slowie\/#primaryimage"},"thumbnailUrl":"https:\/\/pozalogika.pl\/wp-content\/uploads\/2025\/01\/giotto-di-bondone-the-epiphany-wga09343-12c294-640-edited.jpg","keywords":["Biblia","Religia","trzej kr\u00f3lowie","Wiara"],"articleSection":["Po S\u0142owie","Spo\u0142ecze\u0144stwo"],"inLanguage":"pl-PL","potentialAction":[{"@type":"CommentAction","name":"Comment","target":["https:\/\/pozalogika.pl\/index.php\/2025\/01\/06\/odrzucic-jego-objawienie-cykl-po-slowie\/#respond"]}]},{"@type":"WebPage","@id":"https:\/\/pozalogika.pl\/index.php\/2025\/01\/06\/odrzucic-jego-objawienie-cykl-po-slowie\/","url":"https:\/\/pozalogika.pl\/index.php\/2025\/01\/06\/odrzucic-jego-objawienie-cykl-po-slowie\/","name":"Czy nie odrzucasz Jezusa? Kap\u0142ani a trzej kr\u00f3lowie [komentarz do niedzielnych czyta\u0144] - Poza Logik\u0105 - wiara i samorozw\u00f3j z dusz\u0105 i cia\u0142em","isPartOf":{"@id":"https:\/\/pozalogika.pl\/#website"},"primaryImageOfPage":{"@id":"https:\/\/pozalogika.pl\/index.php\/2025\/01\/06\/odrzucic-jego-objawienie-cykl-po-slowie\/#primaryimage"},"image":{"@id":"https:\/\/pozalogika.pl\/index.php\/2025\/01\/06\/odrzucic-jego-objawienie-cykl-po-slowie\/#primaryimage"},"thumbnailUrl":"https:\/\/pozalogika.pl\/wp-content\/uploads\/2025\/01\/giotto-di-bondone-the-epiphany-wga09343-12c294-640-edited.jpg","datePublished":"2025-01-06T14:09:10+00:00","dateModified":"2026-04-07T23:02:23+00:00","description":"Trzej kr\u00f3lowie nie znali Mesjasza a przyj\u0119li Go. Kap\u0142ani czekali na Niego, a odrzucili Go. Czy my czasem nie czynimy podobnie?","breadcrumb":{"@id":"https:\/\/pozalogika.pl\/index.php\/2025\/01\/06\/odrzucic-jego-objawienie-cykl-po-slowie\/#breadcrumb"},"inLanguage":"pl-PL","potentialAction":[{"@type":"ReadAction","target":["https:\/\/pozalogika.pl\/index.php\/2025\/01\/06\/odrzucic-jego-objawienie-cykl-po-slowie\/"]}]},{"@type":"ImageObject","inLanguage":"pl-PL","@id":"https:\/\/pozalogika.pl\/index.php\/2025\/01\/06\/odrzucic-jego-objawienie-cykl-po-slowie\/#primaryimage","url":"https:\/\/pozalogika.pl\/wp-content\/uploads\/2025\/01\/giotto-di-bondone-the-epiphany-wga09343-12c294-640-edited.jpg","contentUrl":"https:\/\/pozalogika.pl\/wp-content\/uploads\/2025\/01\/giotto-di-bondone-the-epiphany-wga09343-12c294-640-edited.jpg","width":637,"height":478,"caption":"Pok\u0142on trzech kr\u00f3li"},{"@type":"BreadcrumbList","@id":"https:\/\/pozalogika.pl\/index.php\/2025\/01\/06\/odrzucic-jego-objawienie-cykl-po-slowie\/#breadcrumb","itemListElement":[{"@type":"ListItem","position":1,"name":"Strona g\u0142\u00f3wna","item":"https:\/\/pozalogika.pl\/"},{"@type":"ListItem","position":2,"name":"Czy nie odrzucasz Jezusa? Kap\u0142ani a trzej kr\u00f3lowie [komentarz do niedzielnych czyta\u0144]"}]},{"@type":"WebSite","@id":"https:\/\/pozalogika.pl\/#website","url":"https:\/\/pozalogika.pl\/","name":"Poza Logik\u0105","description":"","publisher":{"@id":"https:\/\/pozalogika.pl\/#organization"},"potentialAction":[{"@type":"SearchAction","target":{"@type":"EntryPoint","urlTemplate":"https:\/\/pozalogika.pl\/?s={search_term_string}"},"query-input":{"@type":"PropertyValueSpecification","valueRequired":true,"valueName":"search_term_string"}}],"inLanguage":"pl-PL"},{"@type":"Organization","@id":"https:\/\/pozalogika.pl\/#organization","name":"Poza Logik\u0105. Chrze\u015bcija\u0144ski coaching i wiara","url":"https:\/\/pozalogika.pl\/","logo":{"@type":"ImageObject","inLanguage":"pl-PL","@id":"https:\/\/pozalogika.pl\/#\/schema\/logo\/image\/","url":"http:\/\/pozalogika.pl\/wp-content\/uploads\/2025\/03\/img_1_1742766565195.jpg","contentUrl":"http:\/\/pozalogika.pl\/wp-content\/uploads\/2025\/03\/img_1_1742766565195.jpg","width":1070,"height":1070,"caption":"Poza Logik\u0105. Chrze\u015bcija\u0144ski coaching i wiara"},"image":{"@id":"https:\/\/pozalogika.pl\/#\/schema\/logo\/image\/"},"sameAs":["https:\/\/www.facebook.com\/pozalogika"]},{"@type":"Person","@id":"https:\/\/pozalogika.pl\/#\/schema\/person\/b8d33dd73be10080f4f8319e9733bed1","name":"Dariusz Oko\u0144","image":{"@type":"ImageObject","inLanguage":"pl-PL","@id":"https:\/\/secure.gravatar.com\/avatar\/33edefc54f8320a9493600e3afc4b35fc0cafa03b2709262ba52bc75541ad90c?s=96&d=mm&r=g","url":"https:\/\/secure.gravatar.com\/avatar\/33edefc54f8320a9493600e3afc4b35fc0cafa03b2709262ba52bc75541ad90c?s=96&d=mm&r=g","contentUrl":"https:\/\/secure.gravatar.com\/avatar\/33edefc54f8320a9493600e3afc4b35fc0cafa03b2709262ba52bc75541ad90c?s=96&d=mm&r=g","caption":"Dariusz Oko\u0144"},"description":"Z wykszta\u0142cenia dziennikarz i trener rozwoju osobistego, w wolnych chwilach pasjonat literatury, biegania, fotografii i samorozwoju. Wierzy w rol\u0119 \u015bwieckich w Ko\u015bciele a tak\u017ce wierzy w holistyczne podej\u015bcie do cz\u0142owieka, to dlatego uczestniczy\u0142 w kursach z zakresu dietetyki oraz treningu personalnego. Aktywno\u015b\u0107 fizyczna to nie wszystko, \u0142\u0105czy j\u0105 wi\u0119c z zainteresowaniem psychologi\u0105 oraz teologi\u0105 katolick\u0105.","sameAs":["http:\/\/pozalogika.pl","facebook.com\/pozalogika","Instagram.com\/pozalogika"],"url":"https:\/\/pozalogika.pl\/index.php\/author\/darekp\/"}]}},"_links":{"self":[{"href":"https:\/\/pozalogika.pl\/index.php\/wp-json\/wp\/v2\/posts\/2028","targetHints":{"allow":["GET"]}}],"collection":[{"href":"https:\/\/pozalogika.pl\/index.php\/wp-json\/wp\/v2\/posts"}],"about":[{"href":"https:\/\/pozalogika.pl\/index.php\/wp-json\/wp\/v2\/types\/post"}],"author":[{"embeddable":true,"href":"https:\/\/pozalogika.pl\/index.php\/wp-json\/wp\/v2\/users\/1"}],"replies":[{"embeddable":true,"href":"https:\/\/pozalogika.pl\/index.php\/wp-json\/wp\/v2\/comments?post=2028"}],"version-history":[{"count":4,"href":"https:\/\/pozalogika.pl\/index.php\/wp-json\/wp\/v2\/posts\/2028\/revisions"}],"predecessor-version":[{"id":2713,"href":"https:\/\/pozalogika.pl\/index.php\/wp-json\/wp\/v2\/posts\/2028\/revisions\/2713"}],"wp:featuredmedia":[{"embeddable":true,"href":"https:\/\/pozalogika.pl\/index.php\/wp-json\/wp\/v2\/media\/2030"}],"wp:attachment":[{"href":"https:\/\/pozalogika.pl\/index.php\/wp-json\/wp\/v2\/media?parent=2028"}],"wp:term":[{"taxonomy":"category","embeddable":true,"href":"https:\/\/pozalogika.pl\/index.php\/wp-json\/wp\/v2\/categories?post=2028"},{"taxonomy":"post_tag","embeddable":true,"href":"https:\/\/pozalogika.pl\/index.php\/wp-json\/wp\/v2\/tags?post=2028"}],"curies":[{"name":"wp","href":"https:\/\/api.w.org\/{rel}","templated":true}]}}