{"id":2248,"date":"2026-01-23T00:33:15","date_gmt":"2026-01-23T00:33:15","guid":{"rendered":"https:\/\/pozalogika.pl\/?p=2248"},"modified":"2026-03-30T13:15:06","modified_gmt":"2026-03-30T13:15:06","slug":"rozwoj-duchowy","status":"publish","type":"post","link":"https:\/\/pozalogika.pl\/index.php\/2026\/01\/23\/rozwoj-duchowy\/","title":{"rendered":"Jak si\u0119 duchowo nie przetrenowa\u0107 i mie\u0107 prawdziw\u0105 relacj\u0119 z Bogiem? Jak by\u0107 \u015bwi\u0119tym, jak si\u0119 modli\u0107? Kilka porad"},"content":{"rendered":"\n<figure class=\"wp-block-image size-large\"><img loading=\"lazy\" decoding=\"async\" width=\"2560\" height=\"1920\" src=\"https:\/\/pozalogika.pl\/wp-content\/uploads\/2026\/01\/ian-stauffer-uftqFbfWGFY-unsplash-edited-scaled.jpg\" alt=\"M\u0119\u017cczyzna siedz\u0105cy we mgle na szczycie g\u00f3ry, medytuje i modli si\u0119\" class=\"wp-image-2317\" srcset=\"https:\/\/pozalogika.pl\/wp-content\/uploads\/2026\/01\/ian-stauffer-uftqFbfWGFY-unsplash-edited-scaled.jpg 2560w, https:\/\/pozalogika.pl\/wp-content\/uploads\/2026\/01\/ian-stauffer-uftqFbfWGFY-unsplash-edited-300x225.jpg 300w, https:\/\/pozalogika.pl\/wp-content\/uploads\/2026\/01\/ian-stauffer-uftqFbfWGFY-unsplash-edited-1024x768.jpg 1024w, https:\/\/pozalogika.pl\/wp-content\/uploads\/2026\/01\/ian-stauffer-uftqFbfWGFY-unsplash-edited-768x576.jpg 768w, https:\/\/pozalogika.pl\/wp-content\/uploads\/2026\/01\/ian-stauffer-uftqFbfWGFY-unsplash-edited-1536x1152.jpg 1536w, https:\/\/pozalogika.pl\/wp-content\/uploads\/2026\/01\/ian-stauffer-uftqFbfWGFY-unsplash-edited-2048x1536.jpg 2048w\" sizes=\"auto, (max-width: 2560px) 100vw, 2560px\" \/><\/figure>\n\n\n\n<p class=\"has-medium-font-size\"><strong>W naszym \u017cyciu duchowym i w og\u00f3le chrze\u015bcija\u0144skim zapominamy o dw\u00f3ch rzeczach, kt\u00f3re s\u0105 oczywiste podczas trening\u00f3w fizycznych (a dlaczego przy tych treningach ,,duchowych&#8221; o tym zapominamy?): o indywidualizmie oraz o tym, \u017ce wi\u0119cej nie znaczy: dobrze.  <\/strong><\/p>\n\n\n\n<!--more-->\n\n\n\n<ul class=\"wp-block-list\">\n<li><strong><a href=\"#a1\">Dlaczego w \u017cyciu duchowym zapominamy o indywidualizmie<\/a><\/strong><\/li>\n\n\n\n<li><strong><a href=\"#a2\">\u015awi\u0119to\u015b\u0107 nie jest kopiowaniem, ale na\u015bladowaniem<\/a><\/strong><\/li>\n\n\n\n<li><strong><a href=\"#a3\">Sprawdzone \u201epodr\u0119czniki\u201d duchowego wzrostu<\/a><\/strong><\/li>\n\n\n\n<li><a href=\"#h99\"><strong>5 porad dobrego chrze\u015bcija\u0144skiego \u017cycia<\/strong><\/a><\/li>\n\n\n\n<li><a href=\"#h100\"><strong>FAQ<\/strong><\/a><\/li>\n<\/ul>\n\n\n\n<h2 class=\"wp-block-heading\" id=\"a1\">Dlaczego w \u017cyciu duchowym zapominamy o indywidualizmie<\/h2>\n\n\n\n<p class=\"has-medium-font-size\">Nie ma dw\u00f3ch identycznych trening\u00f3w dla dw\u00f3ch os\u00f3b, ka\u017cdy trening powinien by\u0107 indywidualny, stworzony pod konkretn\u0105 osob\u0119 (przecie\u017c r\u00f3\u017cn\u0105 od innych os\u00f3b), jest brana pod uwag\u0119 masa indywidualnych parametr\u00f3w, wchodz\u0105 w gr\u0119 inne \u0107wiczenia, inne sprz\u0119ty, inna historia ogranicze\u0144, do\u015bwiadcze\u0144, kontuzji, mo\u017cliwo\u015bci trenuj\u0105cego, a czasem robi\u0105c te same rzeczy efekty b\u0119d\u0105 r\u00f3\u017cne bo kto\u015b ma takie predyspozycje, \u017ce dla niego ,,maksem&#8221; b\u0119dzie co\u015b, przy czym kto\u015b o podobnej budowie cia\u0142a, masie i wieku b\u0119dzie dopiero si\u0119 rozkr\u0119ca\u0142. W \u017cyciu duchowym te\u017c drogi mog\u0105 by\u0107 podobne, ale efekty b\u0119d\u0105 inne, bo mamy r\u00f3\u017cne predyspozycje (np. wrodzon\u0105 osobowo\u015b\u0107, prze\u017cycia, do\u015bwiadczenia, tak\u0105 psychik\u0119, takie cia\u0142o, a przecie\u017c to wszystko jest po\u0142\u0105czone ze sob\u0105).<\/p>\n\n\n\n<p class=\"has-medium-font-size\">W treningu zm\u0119czenie nie musi oznacza\u0107 \u017ce trening by\u0142 dobry i udany. Te tzw. ,,zakwasy&#8221; nie znacz\u0105, \u017ce trening by\u0142 dobry i \u017ce &#8220;wesz\u0142o&#8221;. Musimy stawia\u0107 jako\u015b\u0107 przed ilo\u015b\u0107. Ma to te\u017c swoje znaczenie w \u017cyciu modlitewnym czy te\u017c m\u00f3wi\u0105c szerzej: duchowym. Bardzo cz\u0119sto ,,latamy&#8221; od jednego nabo\u017ce\u0144stwa do drugiego, dok\u0142adamy jeszcze tak\u0105 nowenn\u0119, tak\u0105 praktyk\u0119, takie nabo\u017ce\u0144stwo, a tak naprawd\u0119 gdyby\u015bmy usiedli na 3 sekundy i pomy\u015bleli, czy w tym wszystkim naprawd\u0119 jest B\u00f3g, czy te wszystkie praktyki prowadz\u0105 nas do relacji z Nim, mog\u0142oby okaza\u0107 si\u0119, \u017ce jest inaczej ni\u017c by\u0107 powinno. <\/p>\n\n\n\n<p><\/p>\n\n\n\n<p class=\"has-medium-font-size\">Lubi\u0119 to wspomina\u0107 i w swoich tekstach wiele razy to powtarzam: sta\u0142e i absolutnie niepodlegaj\u0105ce wybi\u00f3rczo\u015bci czy te\u017c swobodnemu ,,wybieraniu&#8221; sobie s\u0105 sakramenty w Ko\u015bciele, w tym spowied\u017a, przyj\u0119cie Komunii czy w og\u00f3le niedzielna obecno\u015b\u0107 na Eucharystii. To jest podstawa, trzon, co\u015b nie do ruszenia. A pozosta\u0142e nasze praktyki modlitewne s\u0105 kwesti\u0105 dobrania ich do siebie, pewnej wra\u017cliwo\u015bci: jeden zbli\u017cy si\u0119 do Boga w\u0142a\u015bnie przez nowenn\u0119, drugi przez r\u00f3\u017caniec lub Brewiarz, a kto\u015b na gruncie porz\u0105dnej teologicznej ksi\u0105\u017cki. Jeste\u015bmy r\u00f3\u017cni, mamy r\u00f3\u017cne wra\u017cliwo\u015bci, pr\u00f3bujmy i testujmy r\u00f3\u017cne sposoby modlitwy, ale nie zapominajmy, \u017ce tam wsz\u0119dzie chodzi o to, by jakie\u015b by\u0142y, by wielbi\u0107 i spotyka\u0107 si\u0119 poprzez nie z Bogiem i \u017ceby s\u0142u\u017cy\u0142y one prawdziwej relacji i wi\u0119zi z Bogiem. <\/p>\n\n\n\n<p><\/p>\n\n\n\n<p class=\"has-medium-font-size\">A wierz\u0119, \u017ce czasem kr\u00f3tkie westchnienie do Niego b\u0119dzie mia\u0142o wi\u0119ksz\u0105 moc i b\u0119dzie w tym wi\u0119cej mi\u0142o\u015bci, ni\u017c w jakim\u015b tanecznym uwielbieniu, podczas kt\u00f3rego mo\u017ce dobrze si\u0119 bawi\u0142e\u015b, by\u0142o weso\u0142o, zegarek pokaza\u0142 \u017ce wysz\u0142o fajne cardio i kroki s\u0105 nabite, a jednak nie by\u0142o tam Boga bo my\u015bla\u0142e\u015b o ,,niebieskich migda\u0142ach&#8221;. Nie zrozum mnie \u017ale: uwielbienia i ta\u0144ce s\u0105 fajne (przecie\u017c ju\u017c to kr\u00f3l Dawid w Biblii robi\u0142!), mog\u0105 zbli\u017ca\u0107 do Boga i wielbi\u0107 Go (a nadal za ma\u0142o Go wielbimy w naszym \u017cyciu modlitewnym!), ale czasem co\u015b prostego a szczerego i g\u0142\u0119bokiego mo\u017ce by\u0107 tym strza\u0142em w dziesi\u0105tk\u0119. I spe\u0142nia\u0107 sw\u00f3j g\u0142\u00f3wny cel: trwa\u0107 w relacji z Bogiem.<\/p>\n\n\n\n<h2 class=\"wp-block-heading\" id=\"a2\">\u015awi\u0119to\u015b\u0107 nie jest kopiowaniem, ale na\u015bladowaniem<\/h2>\n\n\n\n<p class=\"has-medium-font-size\">Odnosi si\u0119 to te\u017c do naszego g\u0142\u00f3wnego chrze\u015bcija\u0144skiego celu: do osi\u0105gni\u0119cia \u015bwi\u0119to\u015bci. I tu te\u017c s\u0105 r\u00f3\u017cne wra\u017cliwo\u015bci, r\u00f3\u017cne drogi. To droga indywidualna, cho\u0107 mamy na niej wiele autorytet\u00f3w, kt\u00f3rych \u017cycie jest swego rodzaju ,,przepisem&#8221;. Mn\u00f3stwo postaci i postaw, mn\u00f3stwo historii \u017cycia, wiele z nich posiada podobne cechy, cho\u0107 ka\u017cde \u017cycie, jak to \u017cycie ludzkie &#8211; jest inne (<a href=\"https:\/\/pozalogika.pl\/index.php\/2024\/11\/22\/zlota-idea-zapomniana-idea-humanizm-chrzescijanski-nie-tylko-c-s-lewisa\/\" target=\"_blank\" rel=\"noreferrer noopener\">je\u015bli znajdziesz chwil\u0119 czasu, polecam ci tekst o humanizmie chrze\u015bcija\u0144skim<\/a>, kt\u00f3ry jest pewn\u0105 koncepcj\u0105 \u017cyciow\u0105 i filozoficzn\u0105, jest te\u017c pewn\u0105 drog\u0105, kt\u00f3r\u0105 mo\u017cna obra\u0107 w chrze\u015bcija\u0144skim \u017cyciu i d\u0105\u017ceniu do \u015bwi\u0119to\u015bci).<\/p>\n\n\n\n<p class=\"has-medium-font-size\">Mo\u017ce dlatego te\u017c by\u0142y r\u00f3\u017cne drogi do \u015bwi\u0119to\u015bci, bo s\u0105 te r\u00f3\u017cne &#8220;wra\u017cliwo\u015bci&#8221;. I ka\u017cda z nich by\u0142a dobra cho\u0107 te\u017c by\u0142a inna, indywidualna, oparta na poznaniu siebie ale i na celu: zjednoczeniu z Bogiem poprzez mi\u0142o\u015b\u0107 do Niego, do drugiego cz\u0142owieka, ale i do siebie &#8211; bo cz\u0119sto mi\u0142o\u015b\u0107 do siebie mylimy z egocentryzmem, narcyzmem, zaburzeniami osobowo\u015bci, pych\u0105 itd., a potrzeba szacunku do siebie i u\u015bwiadomienia sobie swoich ogranicze\u0144, ale i swojej warto\u015bci i \u015bwiadomo\u015bci swoich talent\u00f3w maj\u0105cych nam s\u0142u\u017cy\u0107 i pozwala\u0107 spala\u0107 si\u0119 w mi\u0142o\u015bci do Boga i do ludzi. Czy mo\u017cesz pozna\u0107 siebie, odkry\u0107 swoje talenty i umiej\u0119tno\u015bci by nimi s\u0142u\u017cy\u0107, je\u015bli nienawidzisz siebie? <\/p>\n\n\n\n<p class=\"has-medium-font-size\">Mo\u017cesz inspirowa\u0107 si\u0119 \u015bwi\u0119tymi, bo to sprawdzone \u015bcie\u017cki i przepisy na \u015bwi\u0119to\u015b\u0107, ale zauwa\u017c te\u017c sw\u00f3j indywidualny pierwiastek. \u015bw. Teresa z Avilii nie jest \u015bw. Franciszkiem z Asy\u017cu, co nie znaczy \u017ce kontemplacji i pewnego dynamizmu nie mo\u017cna przej\u0105\u0107 od Teresy (je\u015bli masz taki \u017cywszy temperament), a jednocze\u015bnie kocha\u0107 Boga w \u015bwiecie jak Biedaczyna z Asy\u017cu. Mo\u017cesz by\u0107 troch\u0119 Teres\u0105 i troch\u0119 Franciszkiem, b\u0119d\u0105c sob\u0105.<\/p>\n\n\n\n<h2 class=\"wp-block-heading\" id=\"a3\">Sprawdzone \u201epodr\u0119czniki\u201d duchowego wzrostu<\/h2>\n\n\n\n<p class=\"has-medium-font-size\">Skup si\u0119 na wzorze na \u015bwi\u0119to\u015b\u0107, aby kogo\u015b na\u015bladowa\u0107 ale nie \u017ceby kopiowa\u0107. Lubi\u0119 \u015bw. Hildegard\u0119 z Bingen bo swego czasu wiele m\u00f3wiono o niej w kontek\u015bcie dietetyki i zdrowia, a to wa\u017cna sfera \u017cycia, kocham \u015bw. Franciszka z Asy\u017cu, dominika\u0144skie dociekanie prawdy ale i duchowo\u015b\u0107 karmelita\u0144sk\u0105, i umys\u0142 Edyty Stein, si\u0142\u0119 Teresy z Avilii i dzieci\u0119ctwo drugiej Teresy &#8211; tej od Dzieci\u0105tka Jezus, a wi\u0119c lubi\u0119 metafizyk\u0119 i kontemplacj\u0119, i kochanie \u015bwiata, i cz\u0142owieka, ale i uwa\u017cam, \u017ce gdy trzeba to mo\u017ce czasem nale\u017cy i\u015b\u0107 pod pr\u0105d zamiast kontemplowa\u0107. <\/p>\n\n\n\n<p><\/p>\n\n\n\n<p class=\"has-medium-font-size\">Mieszanka wybuchowa, mo\u017ce to szalone i nieracjonalne, ale czuj\u0119 \u017ce moje. Przy tym \u017ceby przy Nim by\u0107, my\u015ble\u0107, patrze\u0107. Pomoc\u0105 mo\u017ce by\u0107 pomy\u015blenie o tym, kt\u00f3ry \u015bwi\u0119ty najbardziej do ciebie przemawia, z kim czujesz pewn\u0105 blisko\u015b\u0107 (i mo\u017cesz mie\u0107 wielu przyjaci\u00f3\u0142, nie musi by\u0107 to jedna posta\u0107, a czasem jest te\u017c tak \u017ce jaki\u015b \u015bwi\u0119ty jest nam na danym etapie \u017cycia bli\u017cszy, na innym etapie przychodzi kto\u015b inny, jak to w \u017cyciu w sumie, i to te\u017c jest spoko). Mo\u017cesz <a href=\"https:\/\/pozalogika.pl\/index.php\/2026\/01\/02\/wylosuj-patrona-na-2026-rok\/\" target=\"_blank\" rel=\"noreferrer noopener\">te\u017c wylosowa\u0107 na ten rok kolejnego \u015bwi\u0119tego<\/a>, o czym pisa\u0142em w kontek\u015bcie pi\u0119knej praktyki znanej w zgromadzeniu \u015bw. siostry Faustyny Kowalskiej.\u00a0Jak wspomina\u0142em: nie musisz si\u0119 ogranicza\u0107.<\/p>\n\n\n\n<p class=\"has-medium-font-size\"><\/p>\n\n\n\n<p class=\"has-medium-font-size\">Czasem pomoc\u0105 s\u0105 te\u017c tzw. ,,podr\u0119czniki&#8221; \u015bwi\u0119to\u015bci, kt\u00f3rym chyba nale\u017cy si\u0119 osobny wpis kiedy\u015b. Mo\u017ce to by\u0107 ,,trylogia&#8221; \u015bw. Josemar\u00edi Escrivy czyli ,,Droga&#8221;, ,,Bruzda&#8221; i ,,Ku\u017ania&#8221; &#8211; bardzo kr\u00f3tkie nauki i sentencje dotycz\u0105ce \u017cycia, mo\u017ce to by\u0107 ,,Dzienniczek&#8221; wspomnianej \u015bw. siostry Faustyny, albo ,,Walka Duchowa&#8221; Wawrzy\u0144ca Scupoli, ,,O na\u015bladowaniu Chrystusa&#8221; Tomasza z Kempis, i wiele innych, ale przede wszystkim i Biblia a w niej Ewangelie. Ca\u0142a Biblia, ale od jakiego\u015b czasu w niej mnie fascynuj\u0105 postaci: Abraham, Jakub, Tobiasz, Estera, Rut, Nikodem, List Jakuba, Dzieje Apostolskie. <a href=\"https:\/\/pozalogika.pl\/index.php\/2026\/01\/21\/grzechy-jezyka\/\" target=\"_blank\" rel=\"noreferrer noopener\">Listowi Jakuba po\u015bwi\u0119ci\u0142em ostatnio wpis i je\u015bli go nie czyta\u0142e\u015b to polecam<\/a> (i polecam ca\u0142\u0105 t\u0119 ksi\u0119g\u0119, kt\u00f3r\u0105 czyta si\u0119 15 minut &#8211; sprawdzi\u0142em, a jest w niej tzw. samo ,,g\u0119ste&#8221; czyli mocno skondensowana tre\u015b\u0107 dla zabieganych a chc\u0105cych \u017cy\u0107 fajnie i \u015bwi\u0119cie).<\/p>\n\n\n\n<h2 class=\"wp-block-heading\" id=\"h99\">5 porad dobrego chrze\u015bcija\u0144skiego \u017cycia<\/h2>\n\n\n\n<ul class=\"wp-block-list\">\n<li class=\"has-medium-font-size\">Pami\u0119taj o tym, \u017ce tak jak w treningu tak te\u017c w \u017cyciu duchowym liczy si\u0119 indywidualne podej\u015bcie do samego siebie<\/li>\n\n\n\n<li class=\"has-medium-font-size\">Bierz przyk\u0142ad ze \u015bwi\u0119tych, ale nie musisz tego czyni\u0107 1:1, mo\u017cesz wzorowa\u0107 si\u0119 na kilku \u015bwi\u0119tych, dostosowa\u0107 t\u0119 wiedz\u0119 i wz\u00f3r do w\u0142asnej wra\u017cliwo\u015bci. S\u0105 oczywi\u015bcie pewne sta\u0142e fundamenty<\/li>\n\n\n\n<li class=\"has-medium-font-size\">Czytaj ,,duchowe podr\u0119czniki&#8221; czyli pobo\u017cne lektury duchowe, pisma \u015bwi\u0119tych<\/li>\n\n\n\n<li class=\"has-medium-font-size\">Nie musi by\u0107 lekko, a wr\u0119cz przeciwnie. Ale nie zarzucaj si\u0119 milionami praktyk<\/li>\n\n\n\n<li class=\"has-medium-font-size\">Najwa\u017cniejsza jest tu modlitwa, prawdziwa relacja z Bogiem, kt\u00f3r\u0105 tak\u017ce mo\u017cesz osi\u0105gn\u0105\u0107 przez cisz\u0119, adoracj\u0119, lektur\u0119 Biblii &#8211; przez nie tylko m\u00f3wienie ale i i s\u0142uchanie Pana Boga.<\/li>\n<\/ul>\n\n\n\n<h2 class=\"wp-block-heading\" id=\"h100\">FAQ<\/h2>\n\n\n\n<div class=\"schema-faq wp-block-yoast-faq-block\"><div class=\"schema-faq-section\" id=\"faq-question-1772655652917\"><strong class=\"schema-faq-question\">Jak nie ,,przetrenowa\u0107 si\u0119&#8221; duchowo?<\/strong> <p class=\"schema-faq-answer\">Pami\u0119ta\u0107 o indywidualnym podej\u015bciu do samego siebie oraz o tym, by nie zarzuci\u0107 si\u0119 dziesi\u0105tkami praktyk ale dostrzec tam Boga i relacj\u0119 z Nim.<\/p> <\/div> <div class=\"schema-faq-section\" id=\"faq-question-1772655932686\"><strong class=\"schema-faq-question\">Czy istniej\u0105 uniwersalne metody w \u017cyciu duchowym?<\/strong> <p class=\"schema-faq-answer\">I tak, i nie. Uniwersalne (a wr\u0119cz fundamenty) to modlitwa, sakramenty, lektura Pisma \u015awi\u0119tego, udzia\u0142 w Eucharystii oraz przyjmowanie Komunii, spowied\u017a. To nie ulega w og\u00f3le dyskusji. Ale s\u0105 te\u017c metody, kt\u00f3re mog\u0105 by\u0107 dostosowane do naszej indywidualnej wra\u017cliwo\u015bci: jeden b\u0119dzie wola\u0142 lektury religijne, drugi taniec i \u015bpiew. Wa\u017cne, by te rzeczy zbli\u017ca\u0142y nas do Boga i pomog\u0142y Go dostrzec.<\/p> <\/div> <div class=\"schema-faq-section\" id=\"faq-question-1772655960598\"><strong class=\"schema-faq-question\">Jak by\u0107 \u015bwi\u0119tym?<\/strong> <p class=\"schema-faq-answer\">\u017by\u0107 pobo\u017cnie, w blisko\u015bci z Bogiem i lud\u017ami, rozwija\u0107 si\u0119 religijnie, czerpa\u0107 wz\u00f3r ze \u015bwi\u0119tych. I czerpa\u0107 z powy\u017cszych wskaz\u00f3wek o metodzie na \u015bwi\u0119to\u015b\u0107 \ud83d\ude42<\/p> <\/div> <div class=\"schema-faq-section\" id=\"faq-question-1772655969317\"><strong class=\"schema-faq-question\">Co mo\u017ce by\u0107 pomocne w \u017cyciu \u015bwi\u0119tym?<\/strong> <p class=\"schema-faq-answer\">Biografie \u015bwi\u0119tych, ale nie musisz ich kopiowa\u0107 1:1, czerp z cech kilku przyjaci\u00f3\u0142 \u015bwi\u0119tych (a tu nie trzeba si\u0119 ogranicza\u0107. Ale te\u017c si\u0119 nie ,,przebod\u017acuj&#8221; <\/p> <\/div> <div class=\"schema-faq-section\" id=\"faq-question-1772655986731\"><strong class=\"schema-faq-question\">Czym s\u0105 ,,podr\u0119czniki&#8221; \u015bwi\u0119to\u015bci?<\/strong> <p class=\"schema-faq-answer\">To traktaty \u015bwi\u0119tych, klasyka duchowo\u015bci chrze\u015bcija\u0144skiej, pisma \u015bwi\u0119tych. I oczywi\u015bcie Biblia.<\/p> <\/div> <div class=\"schema-faq-section\" id=\"faq-question-1772656000465\"><strong class=\"schema-faq-question\">Jak si\u0119 modli\u0107?<\/strong> <p class=\"schema-faq-answer\">S\u0142ucha\u0107 na modlitwie opr\u00f3cz m\u00f3wienie. Wa\u017cne by odkry\u0107 Boga, nawi\u0105za\u0107 z Nim relacj\u0119. Sedno jest najwa\u017cniejsze, a form jest wiele.<\/p> <\/div> <div class=\"schema-faq-section\" id=\"faq-question-1772656016236\"><strong class=\"schema-faq-question\">Jak mie\u0107 prawdziw\u0105 relacj\u0119 z Bogiem?<\/strong> <p class=\"schema-faq-answer\">Dostrzec Boga, skupi\u0107 si\u0119 na tym, \u017ce jest Bogiem \u017cywym, wszechmocnym, mi\u0142osiernym. Tak jak masz relacj\u0119 z kim\u015b bliskim i kochanym, tak te\u017c miej z Bogiem. Ale relacja z Nim jest relacj\u0105 przedoskona\u0142\u0105.<\/p> <\/div> <\/div>\n\n\n\n<p><\/p>\n\n\n\n<blockquote class=\"wp-block-quote is-layout-flow wp-block-quote-is-layout-flow\">\n<p class=\"has-medium-font-size\">Tekst jest cz\u0119\u015bci\u0105 nowego cyklu ,,Full Holy&#8221;, kt\u00f3rego nazwa nawi\u0105zuje do trening\u00f3w full body workout &#8211; og\u00f3lnorozwojowych trening\u00f3w anga\u017cuj\u0105cych wiele grup mi\u0119\u015bniowych. Rozw\u00f3j duchowy b\u0119d\u0119 pr\u00f3bowa\u0142 opisa\u0107 za pomoc\u0105 zagadnie\u0144 znanych z trening\u00f3w fizycznych.<\/p>\n\n\n\n<p>Photo by <a href=\"https:\/\/unsplash.com\/@ianstauffer?utm_source=unsplash&amp;utm_medium=referral&amp;utm_content=creditCopyText\">Ian Stauffer<\/a> on <a href=\"https:\/\/unsplash.com\/photos\/man-sitting-on-cliff-uftqFbfWGFY?utm_source=unsplash&amp;utm_medium=referral&amp;utm_content=creditCopyText\">Unsplash<\/a><\/p>\n<\/blockquote>\n","protected":false},"excerpt":{"rendered":"<p>W naszym \u017cyciu duchowym i w og\u00f3le chrze\u015bcija\u0144skim zapominamy o dw\u00f3ch rzeczach, kt\u00f3re s\u0105 oczywiste podczas trening\u00f3w fizycznych (a dlaczego przy tych treningach ,,duchowych&#8221; o&hellip; <\/p>\n","protected":false},"author":1,"featured_media":2317,"comment_status":"open","ping_status":"open","sticky":false,"template":"","format":"standard","meta":{"footnotes":""},"categories":[428,7],"tags":[147,367,356,171,364,365,213,354],"class_list":["post-2248","post","type-post","status-publish","format-standard","has-post-thumbnail","hentry","category-full-holy","category-motywacja-i-rozwoj","tag-modlitwa","tag-refleksje-religijne","tag-relacja-z-bogiem","tag-religia","tag-rozwoj-duchowy","tag-swietosc","tag-wiara","tag-zycie-duchowe"],"yoast_head":"<!-- This site is optimized with the Yoast SEO plugin v27.2 - https:\/\/yoast.com\/product\/yoast-seo-wordpress\/ -->\n<title>Jak si\u0119 duchowo nie przetrenowa\u0107 i mie\u0107 prawdziw\u0105 relacj\u0119 z Bogiem? Jak by\u0107 \u015bwi\u0119tym, jak si\u0119 modli\u0107? Kilka porad - Poza Logik\u0105 - wiara i samorozw\u00f3j z dusz\u0105 i cia\u0142em<\/title>\n<meta name=\"description\" content=\"Indywidualna droga duchowa chrze\u015bcijanina to jako\u015b\u0107, nie ilo\u015b\u0107 praktyk. O modlitwie, \u015bwi\u0119to\u015bci i relacji z Bogiem bez przetrenowania.\" \/>\n<meta name=\"robots\" content=\"index, follow, max-snippet:-1, max-image-preview:large, max-video-preview:-1\" \/>\n<link rel=\"canonical\" href=\"https:\/\/pozalogika.pl\/index.php\/2026\/01\/23\/rozwoj-duchowy\/\" \/>\n<meta property=\"og:locale\" content=\"pl_PL\" \/>\n<meta property=\"og:type\" content=\"article\" \/>\n<meta property=\"og:title\" content=\"Jak si\u0119 duchowo nie przetrenowa\u0107 i mie\u0107 prawdziw\u0105 relacj\u0119 z Bogiem? Jak by\u0107 \u015bwi\u0119tym, jak si\u0119 modli\u0107? Kilka porad - Poza Logik\u0105 - wiara i samorozw\u00f3j z dusz\u0105 i cia\u0142em\" \/>\n<meta property=\"og:description\" content=\"Indywidualna droga duchowa chrze\u015bcijanina to jako\u015b\u0107, nie ilo\u015b\u0107 praktyk. O modlitwie, \u015bwi\u0119to\u015bci i relacji z Bogiem bez przetrenowania.\" \/>\n<meta property=\"og:url\" content=\"https:\/\/pozalogika.pl\/index.php\/2026\/01\/23\/rozwoj-duchowy\/\" \/>\n<meta property=\"og:site_name\" content=\"Poza Logik\u0105 - wiara i samorozw\u00f3j z dusz\u0105 i cia\u0142em\" \/>\n<meta property=\"article:publisher\" content=\"https:\/\/www.facebook.com\/pozalogika\" \/>\n<meta property=\"article:author\" content=\"facebook.com\/pozalogika\" \/>\n<meta property=\"article:published_time\" content=\"2026-01-23T00:33:15+00:00\" \/>\n<meta property=\"article:modified_time\" content=\"2026-03-30T13:15:06+00:00\" \/>\n<meta property=\"og:image\" content=\"http:\/\/pozalogika.pl\/wp-content\/uploads\/2026\/01\/ian-stauffer-uftqFbfWGFY-unsplash-edited-scaled.jpg\" \/>\n\t<meta property=\"og:image:width\" content=\"2560\" \/>\n\t<meta property=\"og:image:height\" content=\"1920\" \/>\n\t<meta property=\"og:image:type\" content=\"image\/jpeg\" \/>\n<meta name=\"author\" content=\"Dariusz Oko\u0144\" \/>\n<meta name=\"twitter:card\" content=\"summary_large_image\" \/>\n<meta name=\"twitter:label1\" content=\"Napisane przez\" \/>\n\t<meta name=\"twitter:data1\" content=\"Dariusz Oko\u0144\" \/>\n\t<meta name=\"twitter:label2\" content=\"Szacowany czas czytania\" \/>\n\t<meta name=\"twitter:data2\" content=\"10 minut\" \/>\n<script type=\"application\/ld+json\" class=\"yoast-schema-graph\">{\"@context\":\"https:\/\/schema.org\",\"@graph\":[{\"@type\":\"Article\",\"@id\":\"https:\/\/pozalogika.pl\/index.php\/2026\/01\/23\/rozwoj-duchowy\/#article\",\"isPartOf\":{\"@id\":\"https:\/\/pozalogika.pl\/index.php\/2026\/01\/23\/rozwoj-duchowy\/\"},\"author\":{\"name\":\"Dariusz Oko\u0144\",\"@id\":\"https:\/\/pozalogika.pl\/#\/schema\/person\/b8d33dd73be10080f4f8319e9733bed1\"},\"headline\":\"Jak si\u0119 duchowo nie przetrenowa\u0107 i mie\u0107 prawdziw\u0105 relacj\u0119 z Bogiem? Jak by\u0107 \u015bwi\u0119tym, jak si\u0119 modli\u0107? Kilka porad\",\"datePublished\":\"2026-01-23T00:33:15+00:00\",\"dateModified\":\"2026-03-30T13:15:06+00:00\",\"mainEntityOfPage\":{\"@id\":\"https:\/\/pozalogika.pl\/index.php\/2026\/01\/23\/rozwoj-duchowy\/\"},\"wordCount\":1811,\"commentCount\":0,\"publisher\":{\"@id\":\"https:\/\/pozalogika.pl\/#organization\"},\"image\":{\"@id\":\"https:\/\/pozalogika.pl\/index.php\/2026\/01\/23\/rozwoj-duchowy\/#primaryimage\"},\"thumbnailUrl\":\"https:\/\/pozalogika.pl\/wp-content\/uploads\/2026\/01\/ian-stauffer-uftqFbfWGFY-unsplash-edited-scaled.jpg\",\"keywords\":[\"Modlitwa\",\"refleksje religijne\",\"relacja z Bogiem\",\"Religia\",\"rozw\u00f3j duchowy\",\"\u015bwi\u0119to\u015b\u0107\",\"Wiara\",\"\u017cycie duchowe\"],\"articleSection\":[\"Full Holy\",\"Motywacja i rozw\u00f3j\"],\"inLanguage\":\"pl-PL\",\"potentialAction\":[{\"@type\":\"CommentAction\",\"name\":\"Comment\",\"target\":[\"https:\/\/pozalogika.pl\/index.php\/2026\/01\/23\/rozwoj-duchowy\/#respond\"]}]},{\"@type\":[\"WebPage\",\"FAQPage\"],\"@id\":\"https:\/\/pozalogika.pl\/index.php\/2026\/01\/23\/rozwoj-duchowy\/\",\"url\":\"https:\/\/pozalogika.pl\/index.php\/2026\/01\/23\/rozwoj-duchowy\/\",\"name\":\"Jak si\u0119 duchowo nie przetrenowa\u0107 i mie\u0107 prawdziw\u0105 relacj\u0119 z Bogiem? Jak by\u0107 \u015bwi\u0119tym, jak si\u0119 modli\u0107? Kilka porad - Poza Logik\u0105 - wiara i samorozw\u00f3j z dusz\u0105 i cia\u0142em\",\"isPartOf\":{\"@id\":\"https:\/\/pozalogika.pl\/#website\"},\"primaryImageOfPage\":{\"@id\":\"https:\/\/pozalogika.pl\/index.php\/2026\/01\/23\/rozwoj-duchowy\/#primaryimage\"},\"image\":{\"@id\":\"https:\/\/pozalogika.pl\/index.php\/2026\/01\/23\/rozwoj-duchowy\/#primaryimage\"},\"thumbnailUrl\":\"https:\/\/pozalogika.pl\/wp-content\/uploads\/2026\/01\/ian-stauffer-uftqFbfWGFY-unsplash-edited-scaled.jpg\",\"datePublished\":\"2026-01-23T00:33:15+00:00\",\"dateModified\":\"2026-03-30T13:15:06+00:00\",\"description\":\"Indywidualna droga duchowa chrze\u015bcijanina to jako\u015b\u0107, nie ilo\u015b\u0107 praktyk. O modlitwie, \u015bwi\u0119to\u015bci i relacji z Bogiem bez przetrenowania.\",\"breadcrumb\":{\"@id\":\"https:\/\/pozalogika.pl\/index.php\/2026\/01\/23\/rozwoj-duchowy\/#breadcrumb\"},\"mainEntity\":[{\"@id\":\"https:\/\/pozalogika.pl\/index.php\/2026\/01\/23\/rozwoj-duchowy\/#faq-question-1772655652917\"},{\"@id\":\"https:\/\/pozalogika.pl\/index.php\/2026\/01\/23\/rozwoj-duchowy\/#faq-question-1772655932686\"},{\"@id\":\"https:\/\/pozalogika.pl\/index.php\/2026\/01\/23\/rozwoj-duchowy\/#faq-question-1772655960598\"},{\"@id\":\"https:\/\/pozalogika.pl\/index.php\/2026\/01\/23\/rozwoj-duchowy\/#faq-question-1772655969317\"},{\"@id\":\"https:\/\/pozalogika.pl\/index.php\/2026\/01\/23\/rozwoj-duchowy\/#faq-question-1772655986731\"},{\"@id\":\"https:\/\/pozalogika.pl\/index.php\/2026\/01\/23\/rozwoj-duchowy\/#faq-question-1772656000465\"},{\"@id\":\"https:\/\/pozalogika.pl\/index.php\/2026\/01\/23\/rozwoj-duchowy\/#faq-question-1772656016236\"}],\"inLanguage\":\"pl-PL\",\"potentialAction\":[{\"@type\":\"ReadAction\",\"target\":[\"https:\/\/pozalogika.pl\/index.php\/2026\/01\/23\/rozwoj-duchowy\/\"]}]},{\"@type\":\"ImageObject\",\"inLanguage\":\"pl-PL\",\"@id\":\"https:\/\/pozalogika.pl\/index.php\/2026\/01\/23\/rozwoj-duchowy\/#primaryimage\",\"url\":\"https:\/\/pozalogika.pl\/wp-content\/uploads\/2026\/01\/ian-stauffer-uftqFbfWGFY-unsplash-edited-scaled.jpg\",\"contentUrl\":\"https:\/\/pozalogika.pl\/wp-content\/uploads\/2026\/01\/ian-stauffer-uftqFbfWGFY-unsplash-edited-scaled.jpg\",\"width\":2560,\"height\":1920,\"caption\":\"M\u0119\u017cczyzna siedz\u0105cy we mgle na szczycie g\u00f3ry, medytuje i modli si\u0119\"},{\"@type\":\"BreadcrumbList\",\"@id\":\"https:\/\/pozalogika.pl\/index.php\/2026\/01\/23\/rozwoj-duchowy\/#breadcrumb\",\"itemListElement\":[{\"@type\":\"ListItem\",\"position\":1,\"name\":\"Strona g\u0142\u00f3wna\",\"item\":\"https:\/\/pozalogika.pl\/\"},{\"@type\":\"ListItem\",\"position\":2,\"name\":\"Jak si\u0119 duchowo nie przetrenowa\u0107 i mie\u0107 prawdziw\u0105 relacj\u0119 z Bogiem? Jak by\u0107 \u015bwi\u0119tym, jak si\u0119 modli\u0107? Kilka porad\"}]},{\"@type\":\"WebSite\",\"@id\":\"https:\/\/pozalogika.pl\/#website\",\"url\":\"https:\/\/pozalogika.pl\/\",\"name\":\"Poza Logik\u0105\",\"description\":\"\",\"publisher\":{\"@id\":\"https:\/\/pozalogika.pl\/#organization\"},\"potentialAction\":[{\"@type\":\"SearchAction\",\"target\":{\"@type\":\"EntryPoint\",\"urlTemplate\":\"https:\/\/pozalogika.pl\/?s={search_term_string}\"},\"query-input\":{\"@type\":\"PropertyValueSpecification\",\"valueRequired\":true,\"valueName\":\"search_term_string\"}}],\"inLanguage\":\"pl-PL\"},{\"@type\":\"Organization\",\"@id\":\"https:\/\/pozalogika.pl\/#organization\",\"name\":\"Poza Logik\u0105. Chrze\u015bcija\u0144ski coaching i wiara\",\"url\":\"https:\/\/pozalogika.pl\/\",\"logo\":{\"@type\":\"ImageObject\",\"inLanguage\":\"pl-PL\",\"@id\":\"https:\/\/pozalogika.pl\/#\/schema\/logo\/image\/\",\"url\":\"http:\/\/pozalogika.pl\/wp-content\/uploads\/2025\/03\/img_1_1742766565195.jpg\",\"contentUrl\":\"http:\/\/pozalogika.pl\/wp-content\/uploads\/2025\/03\/img_1_1742766565195.jpg\",\"width\":1070,\"height\":1070,\"caption\":\"Poza Logik\u0105. Chrze\u015bcija\u0144ski coaching i wiara\"},\"image\":{\"@id\":\"https:\/\/pozalogika.pl\/#\/schema\/logo\/image\/\"},\"sameAs\":[\"https:\/\/www.facebook.com\/pozalogika\"]},{\"@type\":\"Person\",\"@id\":\"https:\/\/pozalogika.pl\/#\/schema\/person\/b8d33dd73be10080f4f8319e9733bed1\",\"name\":\"Dariusz Oko\u0144\",\"image\":{\"@type\":\"ImageObject\",\"inLanguage\":\"pl-PL\",\"@id\":\"https:\/\/secure.gravatar.com\/avatar\/33edefc54f8320a9493600e3afc4b35fc0cafa03b2709262ba52bc75541ad90c?s=96&d=mm&r=g\",\"url\":\"https:\/\/secure.gravatar.com\/avatar\/33edefc54f8320a9493600e3afc4b35fc0cafa03b2709262ba52bc75541ad90c?s=96&d=mm&r=g\",\"contentUrl\":\"https:\/\/secure.gravatar.com\/avatar\/33edefc54f8320a9493600e3afc4b35fc0cafa03b2709262ba52bc75541ad90c?s=96&d=mm&r=g\",\"caption\":\"Dariusz Oko\u0144\"},\"description\":\"Z wykszta\u0142cenia dziennikarz i trener rozwoju osobistego, w wolnych chwilach pasjonat literatury, biegania, fotografii i samorozwoju. Wierzy w rol\u0119 \u015bwieckich w Ko\u015bciele a tak\u017ce wierzy w holistyczne podej\u015bcie do cz\u0142owieka, to dlatego uczestniczy\u0142 w kursach z zakresu dietetyki oraz treningu personalnego. Aktywno\u015b\u0107 fizyczna to nie wszystko, \u0142\u0105czy j\u0105 wi\u0119c z zainteresowaniem psychologi\u0105 oraz teologi\u0105 katolick\u0105.\",\"sameAs\":[\"http:\/\/pozalogika.pl\",\"facebook.com\/pozalogika\",\"Instagram.com\/pozalogika\"],\"url\":\"https:\/\/pozalogika.pl\/index.php\/author\/darekp\/\"},{\"@type\":\"Question\",\"@id\":\"https:\/\/pozalogika.pl\/index.php\/2026\/01\/23\/rozwoj-duchowy\/#faq-question-1772655652917\",\"position\":1,\"url\":\"https:\/\/pozalogika.pl\/index.php\/2026\/01\/23\/rozwoj-duchowy\/#faq-question-1772655652917\",\"name\":\"Jak nie ,,przetrenowa\u0107 si\u0119\\\" duchowo?\",\"answerCount\":1,\"acceptedAnswer\":{\"@type\":\"Answer\",\"text\":\"Pami\u0119ta\u0107 o indywidualnym podej\u015bciu do samego siebie oraz o tym, by nie zarzuci\u0107 si\u0119 dziesi\u0105tkami praktyk ale dostrzec tam Boga i relacj\u0119 z Nim.\",\"inLanguage\":\"pl-PL\"},\"inLanguage\":\"pl-PL\"},{\"@type\":\"Question\",\"@id\":\"https:\/\/pozalogika.pl\/index.php\/2026\/01\/23\/rozwoj-duchowy\/#faq-question-1772655932686\",\"position\":2,\"url\":\"https:\/\/pozalogika.pl\/index.php\/2026\/01\/23\/rozwoj-duchowy\/#faq-question-1772655932686\",\"name\":\"Czy istniej\u0105 uniwersalne metody w \u017cyciu duchowym?\",\"answerCount\":1,\"acceptedAnswer\":{\"@type\":\"Answer\",\"text\":\"I tak, i nie. Uniwersalne (a wr\u0119cz fundamenty) to modlitwa, sakramenty, lektura Pisma \u015awi\u0119tego, udzia\u0142 w Eucharystii oraz przyjmowanie Komunii, spowied\u017a. To nie ulega w og\u00f3le dyskusji. Ale s\u0105 te\u017c metody, kt\u00f3re mog\u0105 by\u0107 dostosowane do naszej indywidualnej wra\u017cliwo\u015bci: jeden b\u0119dzie wola\u0142 lektury religijne, drugi taniec i \u015bpiew. Wa\u017cne, by te rzeczy zbli\u017ca\u0142y nas do Boga i pomog\u0142y Go dostrzec.\",\"inLanguage\":\"pl-PL\"},\"inLanguage\":\"pl-PL\"},{\"@type\":\"Question\",\"@id\":\"https:\/\/pozalogika.pl\/index.php\/2026\/01\/23\/rozwoj-duchowy\/#faq-question-1772655960598\",\"position\":3,\"url\":\"https:\/\/pozalogika.pl\/index.php\/2026\/01\/23\/rozwoj-duchowy\/#faq-question-1772655960598\",\"name\":\"Jak by\u0107 \u015bwi\u0119tym?\",\"answerCount\":1,\"acceptedAnswer\":{\"@type\":\"Answer\",\"text\":\"\u017by\u0107 pobo\u017cnie, w blisko\u015bci z Bogiem i lud\u017ami, rozwija\u0107 si\u0119 religijnie, czerpa\u0107 wz\u00f3r ze \u015bwi\u0119tych. I czerpa\u0107 z powy\u017cszych wskaz\u00f3wek o metodzie na \u015bwi\u0119to\u015b\u0107 :)\",\"inLanguage\":\"pl-PL\"},\"inLanguage\":\"pl-PL\"},{\"@type\":\"Question\",\"@id\":\"https:\/\/pozalogika.pl\/index.php\/2026\/01\/23\/rozwoj-duchowy\/#faq-question-1772655969317\",\"position\":4,\"url\":\"https:\/\/pozalogika.pl\/index.php\/2026\/01\/23\/rozwoj-duchowy\/#faq-question-1772655969317\",\"name\":\"Co mo\u017ce by\u0107 pomocne w \u017cyciu \u015bwi\u0119tym?\",\"answerCount\":1,\"acceptedAnswer\":{\"@type\":\"Answer\",\"text\":\"Biografie \u015bwi\u0119tych, ale nie musisz ich kopiowa\u0107 1:1, czerp z cech kilku przyjaci\u00f3\u0142 \u015bwi\u0119tych (a tu nie trzeba si\u0119 ogranicza\u0107. Ale te\u017c si\u0119 nie ,,przebod\u017acuj\\\" \",\"inLanguage\":\"pl-PL\"},\"inLanguage\":\"pl-PL\"},{\"@type\":\"Question\",\"@id\":\"https:\/\/pozalogika.pl\/index.php\/2026\/01\/23\/rozwoj-duchowy\/#faq-question-1772655986731\",\"position\":5,\"url\":\"https:\/\/pozalogika.pl\/index.php\/2026\/01\/23\/rozwoj-duchowy\/#faq-question-1772655986731\",\"name\":\"Czym s\u0105 ,,podr\u0119czniki\\\" \u015bwi\u0119to\u015bci?\",\"answerCount\":1,\"acceptedAnswer\":{\"@type\":\"Answer\",\"text\":\"To traktaty \u015bwi\u0119tych, klasyka duchowo\u015bci chrze\u015bcija\u0144skiej, pisma \u015bwi\u0119tych. I oczywi\u015bcie Biblia.\",\"inLanguage\":\"pl-PL\"},\"inLanguage\":\"pl-PL\"},{\"@type\":\"Question\",\"@id\":\"https:\/\/pozalogika.pl\/index.php\/2026\/01\/23\/rozwoj-duchowy\/#faq-question-1772656000465\",\"position\":6,\"url\":\"https:\/\/pozalogika.pl\/index.php\/2026\/01\/23\/rozwoj-duchowy\/#faq-question-1772656000465\",\"name\":\"Jak si\u0119 modli\u0107?\",\"answerCount\":1,\"acceptedAnswer\":{\"@type\":\"Answer\",\"text\":\"S\u0142ucha\u0107 na modlitwie opr\u00f3cz m\u00f3wienie. Wa\u017cne by odkry\u0107 Boga, nawi\u0105za\u0107 z Nim relacj\u0119. Sedno jest najwa\u017cniejsze, a form jest wiele.\",\"inLanguage\":\"pl-PL\"},\"inLanguage\":\"pl-PL\"},{\"@type\":\"Question\",\"@id\":\"https:\/\/pozalogika.pl\/index.php\/2026\/01\/23\/rozwoj-duchowy\/#faq-question-1772656016236\",\"position\":7,\"url\":\"https:\/\/pozalogika.pl\/index.php\/2026\/01\/23\/rozwoj-duchowy\/#faq-question-1772656016236\",\"name\":\"Jak mie\u0107 prawdziw\u0105 relacj\u0119 z Bogiem?\",\"answerCount\":1,\"acceptedAnswer\":{\"@type\":\"Answer\",\"text\":\"Dostrzec Boga, skupi\u0107 si\u0119 na tym, \u017ce jest Bogiem \u017cywym, wszechmocnym, mi\u0142osiernym. Tak jak masz relacj\u0119 z kim\u015b bliskim i kochanym, tak te\u017c miej z Bogiem. Ale relacja z Nim jest relacj\u0105 przedoskona\u0142\u0105.\",\"inLanguage\":\"pl-PL\"},\"inLanguage\":\"pl-PL\"}]}<\/script>\n<!-- \/ Yoast SEO plugin. -->","yoast_head_json":{"title":"Jak si\u0119 duchowo nie przetrenowa\u0107 i mie\u0107 prawdziw\u0105 relacj\u0119 z Bogiem? Jak by\u0107 \u015bwi\u0119tym, jak si\u0119 modli\u0107? Kilka porad - Poza Logik\u0105 - wiara i samorozw\u00f3j z dusz\u0105 i cia\u0142em","description":"Indywidualna droga duchowa chrze\u015bcijanina to jako\u015b\u0107, nie ilo\u015b\u0107 praktyk. O modlitwie, \u015bwi\u0119to\u015bci i relacji z Bogiem bez przetrenowania.","robots":{"index":"index","follow":"follow","max-snippet":"max-snippet:-1","max-image-preview":"max-image-preview:large","max-video-preview":"max-video-preview:-1"},"canonical":"https:\/\/pozalogika.pl\/index.php\/2026\/01\/23\/rozwoj-duchowy\/","og_locale":"pl_PL","og_type":"article","og_title":"Jak si\u0119 duchowo nie przetrenowa\u0107 i mie\u0107 prawdziw\u0105 relacj\u0119 z Bogiem? Jak by\u0107 \u015bwi\u0119tym, jak si\u0119 modli\u0107? Kilka porad - Poza Logik\u0105 - wiara i samorozw\u00f3j z dusz\u0105 i cia\u0142em","og_description":"Indywidualna droga duchowa chrze\u015bcijanina to jako\u015b\u0107, nie ilo\u015b\u0107 praktyk. O modlitwie, \u015bwi\u0119to\u015bci i relacji z Bogiem bez przetrenowania.","og_url":"https:\/\/pozalogika.pl\/index.php\/2026\/01\/23\/rozwoj-duchowy\/","og_site_name":"Poza Logik\u0105 - wiara i samorozw\u00f3j z dusz\u0105 i cia\u0142em","article_publisher":"https:\/\/www.facebook.com\/pozalogika","article_author":"facebook.com\/pozalogika","article_published_time":"2026-01-23T00:33:15+00:00","article_modified_time":"2026-03-30T13:15:06+00:00","og_image":[{"width":2560,"height":1920,"url":"http:\/\/pozalogika.pl\/wp-content\/uploads\/2026\/01\/ian-stauffer-uftqFbfWGFY-unsplash-edited-scaled.jpg","type":"image\/jpeg"}],"author":"Dariusz Oko\u0144","twitter_card":"summary_large_image","twitter_misc":{"Napisane przez":"Dariusz Oko\u0144","Szacowany czas czytania":"10 minut"},"schema":{"@context":"https:\/\/schema.org","@graph":[{"@type":"Article","@id":"https:\/\/pozalogika.pl\/index.php\/2026\/01\/23\/rozwoj-duchowy\/#article","isPartOf":{"@id":"https:\/\/pozalogika.pl\/index.php\/2026\/01\/23\/rozwoj-duchowy\/"},"author":{"name":"Dariusz Oko\u0144","@id":"https:\/\/pozalogika.pl\/#\/schema\/person\/b8d33dd73be10080f4f8319e9733bed1"},"headline":"Jak si\u0119 duchowo nie przetrenowa\u0107 i mie\u0107 prawdziw\u0105 relacj\u0119 z Bogiem? Jak by\u0107 \u015bwi\u0119tym, jak si\u0119 modli\u0107? Kilka porad","datePublished":"2026-01-23T00:33:15+00:00","dateModified":"2026-03-30T13:15:06+00:00","mainEntityOfPage":{"@id":"https:\/\/pozalogika.pl\/index.php\/2026\/01\/23\/rozwoj-duchowy\/"},"wordCount":1811,"commentCount":0,"publisher":{"@id":"https:\/\/pozalogika.pl\/#organization"},"image":{"@id":"https:\/\/pozalogika.pl\/index.php\/2026\/01\/23\/rozwoj-duchowy\/#primaryimage"},"thumbnailUrl":"https:\/\/pozalogika.pl\/wp-content\/uploads\/2026\/01\/ian-stauffer-uftqFbfWGFY-unsplash-edited-scaled.jpg","keywords":["Modlitwa","refleksje religijne","relacja z Bogiem","Religia","rozw\u00f3j duchowy","\u015bwi\u0119to\u015b\u0107","Wiara","\u017cycie duchowe"],"articleSection":["Full Holy","Motywacja i rozw\u00f3j"],"inLanguage":"pl-PL","potentialAction":[{"@type":"CommentAction","name":"Comment","target":["https:\/\/pozalogika.pl\/index.php\/2026\/01\/23\/rozwoj-duchowy\/#respond"]}]},{"@type":["WebPage","FAQPage"],"@id":"https:\/\/pozalogika.pl\/index.php\/2026\/01\/23\/rozwoj-duchowy\/","url":"https:\/\/pozalogika.pl\/index.php\/2026\/01\/23\/rozwoj-duchowy\/","name":"Jak si\u0119 duchowo nie przetrenowa\u0107 i mie\u0107 prawdziw\u0105 relacj\u0119 z Bogiem? Jak by\u0107 \u015bwi\u0119tym, jak si\u0119 modli\u0107? Kilka porad - Poza Logik\u0105 - wiara i samorozw\u00f3j z dusz\u0105 i cia\u0142em","isPartOf":{"@id":"https:\/\/pozalogika.pl\/#website"},"primaryImageOfPage":{"@id":"https:\/\/pozalogika.pl\/index.php\/2026\/01\/23\/rozwoj-duchowy\/#primaryimage"},"image":{"@id":"https:\/\/pozalogika.pl\/index.php\/2026\/01\/23\/rozwoj-duchowy\/#primaryimage"},"thumbnailUrl":"https:\/\/pozalogika.pl\/wp-content\/uploads\/2026\/01\/ian-stauffer-uftqFbfWGFY-unsplash-edited-scaled.jpg","datePublished":"2026-01-23T00:33:15+00:00","dateModified":"2026-03-30T13:15:06+00:00","description":"Indywidualna droga duchowa chrze\u015bcijanina to jako\u015b\u0107, nie ilo\u015b\u0107 praktyk. O modlitwie, \u015bwi\u0119to\u015bci i relacji z Bogiem bez przetrenowania.","breadcrumb":{"@id":"https:\/\/pozalogika.pl\/index.php\/2026\/01\/23\/rozwoj-duchowy\/#breadcrumb"},"mainEntity":[{"@id":"https:\/\/pozalogika.pl\/index.php\/2026\/01\/23\/rozwoj-duchowy\/#faq-question-1772655652917"},{"@id":"https:\/\/pozalogika.pl\/index.php\/2026\/01\/23\/rozwoj-duchowy\/#faq-question-1772655932686"},{"@id":"https:\/\/pozalogika.pl\/index.php\/2026\/01\/23\/rozwoj-duchowy\/#faq-question-1772655960598"},{"@id":"https:\/\/pozalogika.pl\/index.php\/2026\/01\/23\/rozwoj-duchowy\/#faq-question-1772655969317"},{"@id":"https:\/\/pozalogika.pl\/index.php\/2026\/01\/23\/rozwoj-duchowy\/#faq-question-1772655986731"},{"@id":"https:\/\/pozalogika.pl\/index.php\/2026\/01\/23\/rozwoj-duchowy\/#faq-question-1772656000465"},{"@id":"https:\/\/pozalogika.pl\/index.php\/2026\/01\/23\/rozwoj-duchowy\/#faq-question-1772656016236"}],"inLanguage":"pl-PL","potentialAction":[{"@type":"ReadAction","target":["https:\/\/pozalogika.pl\/index.php\/2026\/01\/23\/rozwoj-duchowy\/"]}]},{"@type":"ImageObject","inLanguage":"pl-PL","@id":"https:\/\/pozalogika.pl\/index.php\/2026\/01\/23\/rozwoj-duchowy\/#primaryimage","url":"https:\/\/pozalogika.pl\/wp-content\/uploads\/2026\/01\/ian-stauffer-uftqFbfWGFY-unsplash-edited-scaled.jpg","contentUrl":"https:\/\/pozalogika.pl\/wp-content\/uploads\/2026\/01\/ian-stauffer-uftqFbfWGFY-unsplash-edited-scaled.jpg","width":2560,"height":1920,"caption":"M\u0119\u017cczyzna siedz\u0105cy we mgle na szczycie g\u00f3ry, medytuje i modli si\u0119"},{"@type":"BreadcrumbList","@id":"https:\/\/pozalogika.pl\/index.php\/2026\/01\/23\/rozwoj-duchowy\/#breadcrumb","itemListElement":[{"@type":"ListItem","position":1,"name":"Strona g\u0142\u00f3wna","item":"https:\/\/pozalogika.pl\/"},{"@type":"ListItem","position":2,"name":"Jak si\u0119 duchowo nie przetrenowa\u0107 i mie\u0107 prawdziw\u0105 relacj\u0119 z Bogiem? Jak by\u0107 \u015bwi\u0119tym, jak si\u0119 modli\u0107? Kilka porad"}]},{"@type":"WebSite","@id":"https:\/\/pozalogika.pl\/#website","url":"https:\/\/pozalogika.pl\/","name":"Poza Logik\u0105","description":"","publisher":{"@id":"https:\/\/pozalogika.pl\/#organization"},"potentialAction":[{"@type":"SearchAction","target":{"@type":"EntryPoint","urlTemplate":"https:\/\/pozalogika.pl\/?s={search_term_string}"},"query-input":{"@type":"PropertyValueSpecification","valueRequired":true,"valueName":"search_term_string"}}],"inLanguage":"pl-PL"},{"@type":"Organization","@id":"https:\/\/pozalogika.pl\/#organization","name":"Poza Logik\u0105. Chrze\u015bcija\u0144ski coaching i wiara","url":"https:\/\/pozalogika.pl\/","logo":{"@type":"ImageObject","inLanguage":"pl-PL","@id":"https:\/\/pozalogika.pl\/#\/schema\/logo\/image\/","url":"http:\/\/pozalogika.pl\/wp-content\/uploads\/2025\/03\/img_1_1742766565195.jpg","contentUrl":"http:\/\/pozalogika.pl\/wp-content\/uploads\/2025\/03\/img_1_1742766565195.jpg","width":1070,"height":1070,"caption":"Poza Logik\u0105. Chrze\u015bcija\u0144ski coaching i wiara"},"image":{"@id":"https:\/\/pozalogika.pl\/#\/schema\/logo\/image\/"},"sameAs":["https:\/\/www.facebook.com\/pozalogika"]},{"@type":"Person","@id":"https:\/\/pozalogika.pl\/#\/schema\/person\/b8d33dd73be10080f4f8319e9733bed1","name":"Dariusz Oko\u0144","image":{"@type":"ImageObject","inLanguage":"pl-PL","@id":"https:\/\/secure.gravatar.com\/avatar\/33edefc54f8320a9493600e3afc4b35fc0cafa03b2709262ba52bc75541ad90c?s=96&d=mm&r=g","url":"https:\/\/secure.gravatar.com\/avatar\/33edefc54f8320a9493600e3afc4b35fc0cafa03b2709262ba52bc75541ad90c?s=96&d=mm&r=g","contentUrl":"https:\/\/secure.gravatar.com\/avatar\/33edefc54f8320a9493600e3afc4b35fc0cafa03b2709262ba52bc75541ad90c?s=96&d=mm&r=g","caption":"Dariusz Oko\u0144"},"description":"Z wykszta\u0142cenia dziennikarz i trener rozwoju osobistego, w wolnych chwilach pasjonat literatury, biegania, fotografii i samorozwoju. Wierzy w rol\u0119 \u015bwieckich w Ko\u015bciele a tak\u017ce wierzy w holistyczne podej\u015bcie do cz\u0142owieka, to dlatego uczestniczy\u0142 w kursach z zakresu dietetyki oraz treningu personalnego. Aktywno\u015b\u0107 fizyczna to nie wszystko, \u0142\u0105czy j\u0105 wi\u0119c z zainteresowaniem psychologi\u0105 oraz teologi\u0105 katolick\u0105.","sameAs":["http:\/\/pozalogika.pl","facebook.com\/pozalogika","Instagram.com\/pozalogika"],"url":"https:\/\/pozalogika.pl\/index.php\/author\/darekp\/"},{"@type":"Question","@id":"https:\/\/pozalogika.pl\/index.php\/2026\/01\/23\/rozwoj-duchowy\/#faq-question-1772655652917","position":1,"url":"https:\/\/pozalogika.pl\/index.php\/2026\/01\/23\/rozwoj-duchowy\/#faq-question-1772655652917","name":"Jak nie ,,przetrenowa\u0107 si\u0119\" duchowo?","answerCount":1,"acceptedAnswer":{"@type":"Answer","text":"Pami\u0119ta\u0107 o indywidualnym podej\u015bciu do samego siebie oraz o tym, by nie zarzuci\u0107 si\u0119 dziesi\u0105tkami praktyk ale dostrzec tam Boga i relacj\u0119 z Nim.","inLanguage":"pl-PL"},"inLanguage":"pl-PL"},{"@type":"Question","@id":"https:\/\/pozalogika.pl\/index.php\/2026\/01\/23\/rozwoj-duchowy\/#faq-question-1772655932686","position":2,"url":"https:\/\/pozalogika.pl\/index.php\/2026\/01\/23\/rozwoj-duchowy\/#faq-question-1772655932686","name":"Czy istniej\u0105 uniwersalne metody w \u017cyciu duchowym?","answerCount":1,"acceptedAnswer":{"@type":"Answer","text":"I tak, i nie. Uniwersalne (a wr\u0119cz fundamenty) to modlitwa, sakramenty, lektura Pisma \u015awi\u0119tego, udzia\u0142 w Eucharystii oraz przyjmowanie Komunii, spowied\u017a. To nie ulega w og\u00f3le dyskusji. Ale s\u0105 te\u017c metody, kt\u00f3re mog\u0105 by\u0107 dostosowane do naszej indywidualnej wra\u017cliwo\u015bci: jeden b\u0119dzie wola\u0142 lektury religijne, drugi taniec i \u015bpiew. Wa\u017cne, by te rzeczy zbli\u017ca\u0142y nas do Boga i pomog\u0142y Go dostrzec.","inLanguage":"pl-PL"},"inLanguage":"pl-PL"},{"@type":"Question","@id":"https:\/\/pozalogika.pl\/index.php\/2026\/01\/23\/rozwoj-duchowy\/#faq-question-1772655960598","position":3,"url":"https:\/\/pozalogika.pl\/index.php\/2026\/01\/23\/rozwoj-duchowy\/#faq-question-1772655960598","name":"Jak by\u0107 \u015bwi\u0119tym?","answerCount":1,"acceptedAnswer":{"@type":"Answer","text":"\u017by\u0107 pobo\u017cnie, w blisko\u015bci z Bogiem i lud\u017ami, rozwija\u0107 si\u0119 religijnie, czerpa\u0107 wz\u00f3r ze \u015bwi\u0119tych. I czerpa\u0107 z powy\u017cszych wskaz\u00f3wek o metodzie na \u015bwi\u0119to\u015b\u0107 :)","inLanguage":"pl-PL"},"inLanguage":"pl-PL"},{"@type":"Question","@id":"https:\/\/pozalogika.pl\/index.php\/2026\/01\/23\/rozwoj-duchowy\/#faq-question-1772655969317","position":4,"url":"https:\/\/pozalogika.pl\/index.php\/2026\/01\/23\/rozwoj-duchowy\/#faq-question-1772655969317","name":"Co mo\u017ce by\u0107 pomocne w \u017cyciu \u015bwi\u0119tym?","answerCount":1,"acceptedAnswer":{"@type":"Answer","text":"Biografie \u015bwi\u0119tych, ale nie musisz ich kopiowa\u0107 1:1, czerp z cech kilku przyjaci\u00f3\u0142 \u015bwi\u0119tych (a tu nie trzeba si\u0119 ogranicza\u0107. Ale te\u017c si\u0119 nie ,,przebod\u017acuj\" ","inLanguage":"pl-PL"},"inLanguage":"pl-PL"},{"@type":"Question","@id":"https:\/\/pozalogika.pl\/index.php\/2026\/01\/23\/rozwoj-duchowy\/#faq-question-1772655986731","position":5,"url":"https:\/\/pozalogika.pl\/index.php\/2026\/01\/23\/rozwoj-duchowy\/#faq-question-1772655986731","name":"Czym s\u0105 ,,podr\u0119czniki\" \u015bwi\u0119to\u015bci?","answerCount":1,"acceptedAnswer":{"@type":"Answer","text":"To traktaty \u015bwi\u0119tych, klasyka duchowo\u015bci chrze\u015bcija\u0144skiej, pisma \u015bwi\u0119tych. I oczywi\u015bcie Biblia.","inLanguage":"pl-PL"},"inLanguage":"pl-PL"},{"@type":"Question","@id":"https:\/\/pozalogika.pl\/index.php\/2026\/01\/23\/rozwoj-duchowy\/#faq-question-1772656000465","position":6,"url":"https:\/\/pozalogika.pl\/index.php\/2026\/01\/23\/rozwoj-duchowy\/#faq-question-1772656000465","name":"Jak si\u0119 modli\u0107?","answerCount":1,"acceptedAnswer":{"@type":"Answer","text":"S\u0142ucha\u0107 na modlitwie opr\u00f3cz m\u00f3wienie. Wa\u017cne by odkry\u0107 Boga, nawi\u0105za\u0107 z Nim relacj\u0119. Sedno jest najwa\u017cniejsze, a form jest wiele.","inLanguage":"pl-PL"},"inLanguage":"pl-PL"},{"@type":"Question","@id":"https:\/\/pozalogika.pl\/index.php\/2026\/01\/23\/rozwoj-duchowy\/#faq-question-1772656016236","position":7,"url":"https:\/\/pozalogika.pl\/index.php\/2026\/01\/23\/rozwoj-duchowy\/#faq-question-1772656016236","name":"Jak mie\u0107 prawdziw\u0105 relacj\u0119 z Bogiem?","answerCount":1,"acceptedAnswer":{"@type":"Answer","text":"Dostrzec Boga, skupi\u0107 si\u0119 na tym, \u017ce jest Bogiem \u017cywym, wszechmocnym, mi\u0142osiernym. Tak jak masz relacj\u0119 z kim\u015b bliskim i kochanym, tak te\u017c miej z Bogiem. Ale relacja z Nim jest relacj\u0105 przedoskona\u0142\u0105.","inLanguage":"pl-PL"},"inLanguage":"pl-PL"}]}},"_links":{"self":[{"href":"https:\/\/pozalogika.pl\/index.php\/wp-json\/wp\/v2\/posts\/2248","targetHints":{"allow":["GET"]}}],"collection":[{"href":"https:\/\/pozalogika.pl\/index.php\/wp-json\/wp\/v2\/posts"}],"about":[{"href":"https:\/\/pozalogika.pl\/index.php\/wp-json\/wp\/v2\/types\/post"}],"author":[{"embeddable":true,"href":"https:\/\/pozalogika.pl\/index.php\/wp-json\/wp\/v2\/users\/1"}],"replies":[{"embeddable":true,"href":"https:\/\/pozalogika.pl\/index.php\/wp-json\/wp\/v2\/comments?post=2248"}],"version-history":[{"count":3,"href":"https:\/\/pozalogika.pl\/index.php\/wp-json\/wp\/v2\/posts\/2248\/revisions"}],"predecessor-version":[{"id":2650,"href":"https:\/\/pozalogika.pl\/index.php\/wp-json\/wp\/v2\/posts\/2248\/revisions\/2650"}],"wp:featuredmedia":[{"embeddable":true,"href":"https:\/\/pozalogika.pl\/index.php\/wp-json\/wp\/v2\/media\/2317"}],"wp:attachment":[{"href":"https:\/\/pozalogika.pl\/index.php\/wp-json\/wp\/v2\/media?parent=2248"}],"wp:term":[{"taxonomy":"category","embeddable":true,"href":"https:\/\/pozalogika.pl\/index.php\/wp-json\/wp\/v2\/categories?post=2248"},{"taxonomy":"post_tag","embeddable":true,"href":"https:\/\/pozalogika.pl\/index.php\/wp-json\/wp\/v2\/tags?post=2248"}],"curies":[{"name":"wp","href":"https:\/\/api.w.org\/{rel}","templated":true}]}}