{"id":2319,"date":"2026-01-27T00:04:29","date_gmt":"2026-01-27T00:04:29","guid":{"rendered":"https:\/\/pozalogika.pl\/?p=2319"},"modified":"2026-03-30T13:06:52","modified_gmt":"2026-03-30T13:06:52","slug":"tkwienie-w-przeszlosci","status":"publish","type":"post","link":"https:\/\/pozalogika.pl\/index.php\/2026\/01\/27\/tkwienie-w-przeszlosci\/","title":{"rendered":"Dlaczego tkwienie w przesz\u0142o\u015bci nas cofa? 3 drogi i wyj\u015bcia"},"content":{"rendered":"\n<figure class=\"wp-block-image size-large\"><img loading=\"lazy\" decoding=\"async\" width=\"2160\" height=\"1620\" src=\"https:\/\/pozalogika.pl\/wp-content\/uploads\/2026\/01\/andreas-kretschmer-YEImNstW4sA-unsplash-edited.jpg\" alt=\"sztorm na morzu, szare t\u0142o, idzie posta\u0107 w kapturze brzegiem morza, wraca do przesz\u0142o\u015bci wspomnieniami\" class=\"wp-image-2321\" srcset=\"https:\/\/pozalogika.pl\/wp-content\/uploads\/2026\/01\/andreas-kretschmer-YEImNstW4sA-unsplash-edited.jpg 2160w, https:\/\/pozalogika.pl\/wp-content\/uploads\/2026\/01\/andreas-kretschmer-YEImNstW4sA-unsplash-edited-300x225.jpg 300w, https:\/\/pozalogika.pl\/wp-content\/uploads\/2026\/01\/andreas-kretschmer-YEImNstW4sA-unsplash-edited-1024x768.jpg 1024w, https:\/\/pozalogika.pl\/wp-content\/uploads\/2026\/01\/andreas-kretschmer-YEImNstW4sA-unsplash-edited-768x576.jpg 768w, https:\/\/pozalogika.pl\/wp-content\/uploads\/2026\/01\/andreas-kretschmer-YEImNstW4sA-unsplash-edited-1536x1152.jpg 1536w, https:\/\/pozalogika.pl\/wp-content\/uploads\/2026\/01\/andreas-kretschmer-YEImNstW4sA-unsplash-edited-2048x1536.jpg 2048w\" sizes=\"auto, (max-width: 2160px) 100vw, 2160px\" \/><\/figure>\n\n\n\n<p class=\"has-medium-font-size\"><strong>W sieci obserwujemy ostatnio trend wspominania 2016 roku, czyli tego co przed dekad\u0105. Trend jak trend: za chwil\u0119 przeminie. Jednak jak to z trendami w popkulturze czy w sieci: sporo o nas m\u00f3wi\u0105.<\/strong><\/p>\n\n\n\n<!--more-->\n\n\n\n<ul class=\"wp-block-list\">\n<li><strong><a href=\"#f1\">Zima, \u015bwi\u0119ta i emocjonalne \u201eflashbacki\u201d<\/a><\/strong><\/li>\n\n\n\n<li><strong><a href=\"#f2\">Trzy drogi wobec przesz\u0142o\u015bci<\/a><\/strong><\/li>\n\n\n\n<li><strong><a href=\"#f3\">Duchowe spojrzenie na przesz\u0142o\u015b\u0107 i tera\u017aniejszo\u015b\u0107<\/a><\/strong><\/li>\n\n\n\n<li><strong><a href=\"#f4\">Przesz\u0142o\u015b\u0107 jako do\u015bwiadczenie, nie miejsce zamieszkania<\/a><\/strong><\/li>\n\n\n\n<li><strong><a href=\"#a100\">FAQ<\/a><\/strong><\/li>\n<\/ul>\n\n\n\n<blockquote class=\"wp-block-quote has-medium-font-size is-layout-flow wp-block-quote-is-layout-flow\">\n<p class=\"has-text-align-center\">Gdy jeste\u015b w kryzysie, pozw\u00f3l swoim emocjom wybrzmie\u0107, ale te\u017c nie zamykaj si\u0119 w swojej ba\u0144ce: szukaj rozmowy, wsparcia, pomocy specjalisty, bezp\u0142atnej infolinii dla os\u00f3b w kryzysie<br>(oto numer: 800 70 2222)<\/p>\n\n\n\n<p><\/p>\n<\/blockquote>\n\n\n\n<h2 class=\"wp-block-heading\" id=\"f1\">Zima, \u015bwi\u0119ta i emocjonalne \u201eflashbacki\u201d<\/h2>\n\n\n\n<p class=\"has-medium-font-size\">Czasem zdarza si\u0119, \u017ce u\u015bwiadamiamy sobie up\u0142yw czasu, my\u015blimy o w\u0142a\u015bnie o owym czasie ju\u017c za nami. Zazwyczaj w okresie dzieci\u0144stwa i edukacji sp\u0119dzamy oko\u0142o 12 lat, ten czas wydaje nam si\u0119 d\u0142ugi (bo wiele sytuacji jest nowych, ci\u0105gle si\u0119 czego\u015b uczymy nie tylko w szkole ale i w \u017cyciu, okres dojrzewania te\u017c jest dosy\u0107 stresuj\u0105cy i nieprzewidywalny dla m\u0142odego cz\u0142owieka, st\u0105d te\u017c inaczej prze\u017cywamy czas, jakby \u015bwiadomiej, bo gdy ju\u017c w doros\u0142ym \u017cyciu pracujesz to mo\u017ce wykonujesz pewn\u0105 rutyn\u0119 a rok leci za rokiem, wtedy te\u017c inaczej prze\u017cywasz czas). <\/p>\n\n\n\n<p><\/p>\n\n\n\n<p class=\"has-medium-font-size\">U\u015bwiadamiamy sobie mo\u017ce, \u017ce nasze szkolne dzieci\u0144stwo i m\u0142odo\u015b\u0107 trwa\u0142y 12 lat i by\u0142o to &#8220;d\u0142ugo&#8221; a tu mo\u017ce od ko\u0144ca szko\u0142y czy te\u017c od matury min\u0119\u0142o ju\u017c ponad 12-15-20 lat. Zaczynamy patrze\u0107 wstecz, zaczynamy mo\u017ce kolejny raz analizowa\u0107 \u017cycie, my\u015blimy o szansach, wyborach, o przyjemnych chwilach (cz\u0119sto te mniej radosne porzucamy w pami\u0119ci, cho\u0107 i one potrafi\u0105 w nas tkwi\u0107 latami). Zazwyczaj takie refleksje towarzysz\u0105 nam w grudniu, gdy spotykamy si\u0119 przy Wigilijnym stole, patrzymy na naszych bliskich, kt\u00f3rzy przez ten miniony rok mo\u017ce si\u0119 zmienili fizycznie, mo\u017ce kogo\u015b ,,przeczo\u0142ga\u0142o\u201d \u017cycie, mo\u017ce kogo\u015b ju\u017c w tym roku z nami nie ma? Bez w\u0105tpienia na mijaj\u0105cy czas patrzymy u schy\u0142ku roku kalendarzowego. <\/p>\n\n\n\n<p><\/p>\n\n\n\n<p class=\"has-medium-font-size\">Stan ten pog\u0142\u0119bia zima, czyli okres zatrzymania si\u0119, innej pracy organizmu i psychiki, pewnej pami\u0119ci emocjonalnej intensywnie dzia\u0142aj\u0105cej w tym sezonie zimowym. Do tego dochodz\u0105 wspomnienia, zapachy, miejsca, takie &#8220;flashbacki\u201d. Ten czas jest te\u017c melancholijny, bo w\u0142a\u015bnie wspomniane: \u015awi\u0119ta Bo\u017cego Narodzenia, kt\u00f3re kojarz\u0105 si\u0119 z rodzinno\u015bci\u0105, ciep\u0142em kominka i relacji, opowie\u015bciami, \u017cyczliwo\u015bci\u0105. Nawet je\u015bli kto\u015b mia\u0142 trudne dzieci\u0144stwo, to popkultura taki w\u0142a\u015bnie obraz w ludziach pobudza. Dodatkowo nowy rok, \u015bnieg, ciep\u0142o, my\u015blimy i spotykamy si\u0119 z rodzin\u0105. M\u00f3wi\u0119 na to roboczo: &#8220;klimacik&#8221;, ale to pewne przeb\u0142yski pami\u0119ci, wspomnienia, t\u0119sknoty, melancholia. <\/p>\n\n\n\n<p><\/p>\n\n\n\n<p class=\"has-medium-font-size\">Cz\u0142owiek mo\u017ce chce co\u015b z tym zrobi\u0107, jako\u015b t\u0119 emocj\u0119 prze\u017cy\u0107, przetworzy\u0107. Kto\u015b b\u0119dzie chcia\u0142 to ubra\u0107 w powie\u015b\u0107 lub wiersz, kto\u015b sobie przyjemnie powspomina a kto\u015b b\u0119dzie t\u0119sknie chcia\u0142 w tych emocjach tkwi\u0107, \u017cy\u0107 nimi, pr\u00f3bowa\u0107 przesz\u0142o\u015b\u0107 odtworzy\u0107, jako\u015b nie pogodzi\u0107 si\u0119 z tym, \u017ce to ju\u017c przesz\u0142o\u015b\u0107. Tischner o melancholii w ,,W\u0119dr\u00f3wkach w krain\u0119 filozof\u00f3w\u201d pisze: ,,Cz\u0142owiek nie mo\u017ce si\u0119 w \u015bwiecie odnale\u017a\u0107, bo wydaje mu si\u0119, \u017ce przyszed\u0142 na \u015bwiat zar\u00f3wno za wcze\u015bnie, jak i za p\u00f3\u017ano, zar\u00f3wno tu, gdzie przyj\u015b\u0107 powinien, jak i nie tu, gdzie przyj\u015b\u0107 powinien. Nie mo\u017cna jednak powiedzie\u0107, \u017ce cz\u0142owiek cierpi w melancholii na b\u00f3l istnienia. Nale\u017cy raczej powiedzie\u0107, \u017ce ucieka od istnienia, ucieka od b\u00f3lu. W ko\u0144cu cz\u0142owiekowi dobrze z t\u0105 melancholi\u0105, dobrze mu w jego p\u00f3\u0142\u015bnie. Nie jest za nic odpowiedzialny. To inni s\u0105 odpowiedzialni za jego szcz\u0119\u015bcie i nieszcz\u0119\u015bcie. Melancholia nieustannie szuka rozrywki\u201d.<\/p>\n\n\n\n<figure class=\"wp-block-embed aligncenter is-type-wp-embed is-provider-poza-logik-wiara-i-samorozw-j-z-dusz-i-cia-em wp-block-embed-poza-logik-wiara-i-samorozw-j-z-dusz-i-cia-em\"><div class=\"wp-block-embed__wrapper\">\n<blockquote class=\"wp-embedded-content\" data-secret=\"pPpKUXz7b7\"><a href=\"https:\/\/pozalogika.pl\/index.php\/2024\/02\/12\/debiut-hermann-hesse-i-opowiadania-recenzja\/\">Debiut H. Hessego i malownicze opowiadania [recenzja]<\/a><\/blockquote><iframe loading=\"lazy\" class=\"wp-embedded-content\" sandbox=\"allow-scripts\" security=\"restricted\" style=\"position: absolute; visibility: hidden;\" title=\"&#8222;Debiut H. Hessego i malownicze opowiadania [recenzja]&#8221; &#8212; Poza Logik\u0105 - wiara i samorozw\u00f3j z dusz\u0105 i cia\u0142em\" src=\"https:\/\/pozalogika.pl\/index.php\/2024\/02\/12\/debiut-hermann-hesse-i-opowiadania-recenzja\/embed\/#?secret=oz4Q3OJuki#?secret=pPpKUXz7b7\" data-secret=\"pPpKUXz7b7\" width=\"600\" height=\"338\" frameborder=\"0\" marginwidth=\"0\" marginheight=\"0\" scrolling=\"no\"><\/iframe>\n<\/div><\/figure>\n\n\n\n<h2 class=\"wp-block-heading\" id=\"f2\"><strong>3 drogi wobec przesz\u0142o\u015bci<\/strong><\/h2>\n\n\n\n<p class=\"has-medium-font-size\">Jak widzisz, jest kilka opcji, kt\u00f3re mo\u017cemy wybra\u0107, ale wydaje mi si\u0119, \u017ce jedna z nich na pewno jest z\u0142a (i tu celowo nie owijam w bawe\u0142n\u0119, nie pisz\u0119, \u017ce ,,niew\u0142a\u015bciwa\u201d, ,,niewskazana\u201d itd., ale wprost: ,,z\u0142a\u201d).<\/p>\n\n\n\n<p class=\"has-medium-font-size\">W obliczu t\u0119sknoty mo\u017cna obra\u0107 3 drogi: <\/p>\n\n\n\n<ol class=\"wp-block-list\">\n<li class=\"has-medium-font-size\">P\u00f3j\u015b\u0107 za tymi wspomnieniami i powiedzie\u0107 sobie: &#8220;ok, fajne s\u0105, przyjemne, ale jestem w innym miejscu i zostawiam je&#8221;. <\/li>\n\n\n\n<li class=\"has-medium-font-size\">Mo\u017cna za nimi p\u00f3j\u015b\u0107 i z nimi zosta\u0107 &#8211; nie pogodzi\u0107 si\u0119 z tym, \u017ce one min\u0119\u0142y, pr\u00f3bowa\u0107 nimi \u017cy\u0107 lub nawet je odtwarza\u0107. <\/li>\n\n\n\n<li class=\"has-medium-font-size\">I trzecia opcja: mo\u017cna je doceni\u0107, ale t\u0119 energi\u0119 im towarzysz\u0105c\u0105 tw\u00f3rczo wykorzysta\u0107, budowa\u0107 na niej tera\u017aniejszo\u015b\u0107 i przysz\u0142o\u015b\u0107, potraktowa\u0107 jako kop motywacyjny i motywacj\u0119 do dzia\u0142ania \u2013 m\u00f3wi\u0105c kr\u00f3tko: tw\u00f3rczo przetworzy\u0107 t\u0119 energi\u0119.<\/li>\n<\/ol>\n\n\n\n<p class=\"has-medium-font-size\"><a href=\"https:\/\/pozalogika.pl\/index.php\/2025\/01\/07\/zeby-ruszyc-czasem-trzeba-sie-cofnac\/\" target=\"_blank\" rel=\"noreferrer noopener\">W jednym z tekst\u00f3w<\/a> pisa\u0142em o takiej mojej metodzie &#8220;powrotu&#8221;, kt\u00f3ra jest w\u0142a\u015bnie tym tw\u00f3rczym wykorzystaniem tego, co by\u0142o. Z tych 3 dr\u00f3g, jak pewnie si\u0119 domy\u015blasz, polecam pierwsz\u0105 i ostatni\u0105: doceni\u0107 przesz\u0142o\u015b\u0107 (ale w niej nie trwa\u0107) i albo j\u0105 opu\u015bci\u0107 z wdzi\u0119czno\u015bci\u0105 za to, \u017ce by\u0142a, \u017ce si\u0119 wydarzy\u0142a, albo tw\u00f3rczo przetworzy\u0107 j\u0105 jako pewn\u0105 si\u0142\u0119 do aktywno\u015bci.<\/p>\n\n\n\n<p class=\"has-medium-font-size\"><br>O skutkach drugiej \u2013 tej z\u0142ej drogi, mog\u0105 pewnie opowiedzie\u0107 terapeuci.<\/p>\n\n\n\n<h2 class=\"wp-block-heading\" id=\"f3\"><strong>Duchowe spojrzenie na przesz\u0142o\u015b\u0107 i tera\u017aniejszo\u015b\u0107<\/strong><\/h2>\n\n\n\n<p class=\"has-medium-font-size\">Je\u015bli nie potrafisz zostawi\u0107 tego, co by\u0142o (nawet je\u015bli by\u0142y to dobre i przyjemne wydarzenia, kt\u00f3re jednak s\u0105 cz\u0119\u015bci\u0105 tego co by\u0142o i zdrowo je zostawi\u0107 w przesz\u0142o\u015bci i nie \u017cy\u0107 nimi, cho\u0107 nic nie stoi na przeszkodzie, by mi\u0142o o nich my\u015ble\u0107 \u2013 no w\u0142a\u015bnie: tylko my\u015ble\u0107, nie \u017cy\u0107 nimi nadal), warto uda\u0107 si\u0119 mo\u017ce do specjalisty, mo\u017ce na terapi\u0119. Warto jednak od strony duchowej przypomnie\u0107 sobie cytat z Izajasza: ,,<em>Nie wspominajcie wydarze\u0144 minionych, nie roztrz\u0105sajcie w my\u015bli dawnych rzeczy\u201d (<\/em>Iz 43,18).<\/p>\n\n\n\n<p><\/p>\n\n\n\n<p class=\"has-medium-font-size\">Je\u015bli nie potrafisz po\u017cegna\u0107 si\u0119 z tym, co by\u0142o, oddaj to Bogu. Gdy nie potrafisz sobie z tym poradzi\u0107, w\u0142a\u015bnie tak uczy\u0144. Je\u017celi s\u0105 to winy i grzechy \u2013 oddaj w spowiedzi (i wybacz sobie, gdy i On te\u017c wybacza, bo bardzo cz\u0119sto mamy problem z ,,odpuszczeniem\u201d sobie tych win po spowiedzi), je\u015bli to trudne rzeczy, kt\u00f3re spotka\u0142y ciebie &#8211; w ufnej modlitwie, adoracji, zawierzeniu swojej przesz\u0142o\u015bci. Fajne i przyjemne rzeczy &#8211; oddaj z wdzi\u0119czno\u015bci\u0105 i z ufno\u015bci\u0105, \u017ce najlepsze (lub r\u00f3wnie dobre) jeszcze mo\u017ce te\u017c przed tob\u0105.<\/p>\n\n\n\n<p class=\"has-medium-font-size\">Gdy B\u00f3g przedstawia si\u0119 w Biblii Moj\u017ceszowi, m\u00f3wi \u017ce ma na imi\u0119 &#8220;Jestem&#8221;. Imi\u0119 Boga to &#8220;Jestem kt\u00f3ry Jestem&#8221;.<\/p>\n\n\n\n<p class=\"has-medium-font-size\">To nie jest tylko tw\u00f3j problem, to problem wielu ludzi. To nawet te\u017c i problem czasem Ko\u015bcio\u0142a bo wielu duchownych ulega tej pokusie, \u017ce kiedy\u015b to by\u0142o, a co z TERAZ? \u017be kiedy\u015b i ludzie inaczej wierzyli, i by\u0142o \u0142atwiej, i mo\u017ce dok\u0142adniej, i inne czasy. Zawsze by\u0142o trudno, ale jako ludzie mamy tendencj\u0119 do pewnej postawy idealizowania przesz\u0142o\u015bci. <\/p>\n\n\n\n<p><\/p>\n\n\n\n<p class=\"has-medium-font-size\">Widzia\u0142em niedawno w sieci filmik wygenerowany oczywi\u015bcie przez sztuczn\u0105 inteligencj\u0119: dzieci bawi\u0105ce si\u0119 na trzepakach, w ka\u0142u\u017cach, graj\u0105cych kapslami od butelek, zmuszonych do fantazjowania i zmuszonych idealizowa\u0107 t\u0119 swoj\u0105 rzeczywisto\u015b\u0107 blokowiska. Na oko by\u0142 to jaki\u015b \u015brodkowy PRL. Towarzyszy\u0142o temu filmowi przes\u0142anie, \u017ce oto kiedy\u015b by\u0142o fajnie, a dzisiejsze dzieci tego nie znaj\u0105. Przysz\u0142a mi do g\u0142owy taka my\u015bl, \u017ce dzieci\u0144stwo to dzieci\u0144stwo \u2013 kto\u015b mo\u017ce wspomina\u0107 jako idyll\u0119, bo wielu trosk z \u017cycia doros\u0142ego takiego dziecko po prostu nie zna, ale by\u0142a wok\u00f3\u0142 bieda, atrakcji niewiele, i naprawd\u0119 zabawa w ka\u0142u\u017cy i pykanie kapsli to nie jest chyba to, co dziecku wielu wsp\u00f3\u0142czesnych rodzic\u00f3w chcia\u0142oby zagwarantowa\u0107 (co nie znaczy, \u017ce taplanie si\u0119 w \u015bwie\u017cej ka\u0142u\u017cy nie jest fajne dla dziecka, bo jest). Chodzi o pewne idealizowanie tego, co by\u0142o a pomijanie rzeczy mniej pozytywnych.<\/p>\n\n\n\n<p class=\"has-medium-font-size\"><strong>Zobacz tak\u017ce: <a href=\"https:\/\/pozalogika.pl\/index.php\/2022\/08\/27\/przyszlosc-skomponowana-z-nut-przeszlosci\/\" target=\"_blank\" rel=\"noreferrer noopener\">Przysz\u0142o\u015b\u0107 skomponowana z nut przesz\u0142o\u015bci [esej]<\/a><\/strong><\/p>\n\n\n\n<h2 class=\"wp-block-heading\" id=\"f4\"><strong>Przesz\u0142o\u015b\u0107 jako do\u015bwiadczenie, nie miejsce zamieszkania<\/strong><\/h2>\n\n\n\n<p class=\"has-medium-font-size\">Zmieniaj\u0105c \u017cycie, mo\u017ce ko\u0144cz\u0105c etap lub relacje, cz\u0119sto chcemy wyprze\u0107 jakie\u015b szczeg\u00f3\u0142y, by nie t\u0119skni\u0107, mo\u017ce czasem m\u00f3wimy, \u017ce by\u0142o tylko \u017ale, a nie zauwa\u017camy, \u017ce by\u0142o i dobrze. Czynimy tak by mo\u017cna by\u0142o nam bez \u017calu porzuci\u0107 jak\u0105\u015b przesz\u0142o\u015b\u0107, relacj\u0119, miejsce. To druga skrajna reakcja.<\/p>\n\n\n\n<p class=\"has-medium-font-size\">Potrzeba stan\u0105\u0107 w prawdzie, widzie\u0107 dobre i te mniej dobre rzeczy, ale nie m\u00f3wi\u0107, \u017ce by\u0142o tylko \u017ale. Bo nawet je\u015bli by\u0142o trudno to czego\u015b nas to nauczy\u0142o, zmieni\u0142o nas, mo\u017ce ukszta\u0142towa\u0142o a mo\u017ce pokaza\u0142o, jak na drugi raz nie post\u0119powa\u0107. Z drugiej strony nie nale\u017cy tylko idealizowa\u0107, ale r\u00f3wnie\u017c u\u015bwiadomi\u0107 sobie, co mo\u017ce nie by\u0142o do ko\u0144ca pozytywne.<\/p>\n\n\n\n<p class=\"has-medium-font-size\">Opuszczenie miejsca i zacz\u0119cie od nowa &#8211; to popkulturowe zjawisko, punkt wyj\u015bcia wielu cho\u0107by komedii romantycznych. Mo\u017ce czasem nie zostawia\u0107 relacji, miejsca i nie odchodzi\u0107, ale skonfrontowa\u0107 si\u0119 z sytuacj\u0105, miejscem, oswoi\u0107 je, przepracowa\u0107, wykorzysta\u0107 do\u015bwiadczenie i emocje, a brak i problem przeku\u0107 w si\u0142\u0119. Ale to ju\u017c temat na inne rozwa\u017cania.<\/p>\n\n\n\n<p class=\"has-medium-font-size\">Czasem przesz\u0142o\u015b\u0107 po prostu wraca, chcieliby\u015bmy dozna\u0107 &#8220;amnezji&#8221; w zwi\u0105zku z dawnymi grzechami, winami. Czasem odpowiedzi\u0105 organizmu na silne emocje i prze\u017cycia jest fuga dysocjacyjna, czasem osobowo\u015b\u0107 mnoga &#8211; to s\u0105 spektakularne sytuacje. Nie jestem psychologiem, psychoterapeut\u0105, ale wydaje mi si\u0119, ze wspomnie\u0144 nie da si\u0119 wyrzuci\u0107 i zapomnie\u0107, mo\u017cna nauczy\u0107 si\u0119 \u017cy\u0107 z nimi mimo ich obecno\u015bci (a wiele z tych wspomnie\u0144 poka\u017ce nam, jak \u017cy\u0107 inaczej, nie pope\u0142niaj\u0105c kolejny raz tych samych b\u0142\u0119d\u00f3w lub b\u0142\u0119d\u00f3w innych os\u00f3b, kt\u00f3rych mo\u017ce na w\u0142asnej sk\u00f3rze do\u015bwiadczyli\u015bmy).<\/p>\n\n\n\n<p class=\"has-medium-font-size\">Mo\u017cesz nauczy\u0107 si\u0119 panowa\u0107 nad stresem, l\u0119kiem, odkry\u0107 poczucie w\u0142asnej warto\u015bci, talenty, pasje, r\u00f3\u017cne kompetencje mi\u0119kkie, nauczysz si\u0119 \u017cy\u0107 mimo przesz\u0142o\u015bci. \u017by\u0107 na nowo.<\/p>\n\n\n\n<figure class=\"wp-block-embed aligncenter is-type-wp-embed is-provider-poza-logik-wiara-i-samorozw-j-z-dusz-i-cia-em wp-block-embed-poza-logik-wiara-i-samorozw-j-z-dusz-i-cia-em\"><div class=\"wp-block-embed__wrapper\">\n<blockquote class=\"wp-embedded-content\" data-secret=\"hdiiWUDWxH\"><a href=\"https:\/\/pozalogika.pl\/index.php\/2019\/03\/25\/piekno-i-szpetota-zycia-bezsens-i-sila-do-stopniowego-znoszenia-nieznanego\/\">Jak odkry\u0107 sens w codzienno\u015bci? 7 porad gdy wok\u00f3\u0142 pi\u0119kno i szpetota \u017cycia, bezsens i si\u0142a do stopniowego znoszenia nieznanego<\/a><\/blockquote><iframe loading=\"lazy\" class=\"wp-embedded-content\" sandbox=\"allow-scripts\" security=\"restricted\" style=\"position: absolute; visibility: hidden;\" title=\"&#8222;Jak odkry\u0107 sens w codzienno\u015bci? 7 porad gdy wok\u00f3\u0142 pi\u0119kno i szpetota \u017cycia, bezsens i si\u0142a do stopniowego znoszenia nieznanego&#8221; &#8212; Poza Logik\u0105 - wiara i samorozw\u00f3j z dusz\u0105 i cia\u0142em\" src=\"https:\/\/pozalogika.pl\/index.php\/2019\/03\/25\/piekno-i-szpetota-zycia-bezsens-i-sila-do-stopniowego-znoszenia-nieznanego\/embed\/#?secret=zUWpliOSdf#?secret=hdiiWUDWxH\" data-secret=\"hdiiWUDWxH\" width=\"600\" height=\"338\" frameborder=\"0\" marginwidth=\"0\" marginheight=\"0\" scrolling=\"no\"><\/iframe>\n<\/div><\/figure>\n\n\n\n<p class=\"has-medium-font-size\">Nauczysz si\u0119 by\u0107 silniejszy gdy przepracujesz traumy, b\u00f3le, cierpienia, a mo\u017ce nawet wybaczysz. Nasz umys\u0142 wiele rzeczy wypiera, wiele zapomina, wiele przekr\u0119ca i inaczej zapami\u0119tujemy, bo czasem nas chroni, a czasem sobie upraszcza zapami\u0119tywanie.<\/p>\n\n\n\n<p class=\"has-medium-font-size\">Przesz\u0142o\u015b\u0107 nie jest z\u0142a, niesie do\u015bwiadczenia, przypomina zdarzenia, za kt\u00f3rymi mo\u017ce kry\u0107 si\u0119 motywacja, pewien ,,klimacik\u201d (tak nazywam sytuacj\u0119, kt\u00f3ra w g\u0142owie przypomina pewien schemat zachowa\u0144, np. je\u015bli w przesz\u0142o\u015bci uspokaja\u0142 ci\u0119 poranek, kawa i cisza lub spokojny jazz w tle, to b\u0119dziesz pr\u00f3bowa\u0142 taki scenariusz odtwarza\u0107 i tym samym wywo\u0142ywa\u0107 okre\u015blone emocje, w tym przypadku: spok\u00f3j, relaks, odpr\u0119\u017cenie, klimat slow), tw\u00f3rcze inspiracje, dobre praktyki, relaks i mi\u0142y nastr\u00f3j. Wspomnienia potrafi\u0105 te\u017c dostarczy\u0107 motywacji, bo gdy np. jest zimno i nie chce mi si\u0119 wyj\u015b\u0107 na trening biegowy to gdy przypomn\u0119 sobie fajny trening mimo naprawd\u0119 sporego ch\u0142odu, i to \u017ce mi si\u0119 kiedy\u015b uda\u0142o pokona\u0107 te bariery (w ko\u0144cu nieprzyjemne) to dlaczego mia\u0142oby nie uda\u0107 si\u0119 teraz?<\/p>\n\n\n\n<p class=\"has-medium-font-size\"><strong>Przesz\u0142o\u015b\u0107 nie jest z\u0142a, i mo\u017cna by\u0107 za ni\u0105 wdzi\u0119cznym, mo\u017cna uczy\u0107 si\u0119 na b\u0142\u0119dach<\/strong> (i umie\u0107 je sobie wybaczy\u0107, szczeg\u00f3lnie gdy w spowiedzi wybaczy\u0142 nam je B\u00f3g), <strong>mo\u017cna te\u017c j\u0105 wykorzysta\u0107 tw\u00f3rczo. Natomiast min\u0119\u0142y lata i tkwienie w przesz\u0142o\u015bci, pr\u00f3ba zaklinania rzeczywisto\u015bci i trwania w tym, co by\u0142o, zamykaj\u0105c si\u0119 na TU i na TERAZ i na JUTRO, cofa nas.<\/strong> Bo jeste\u015bmy ju\u017c inni, nie tamci, bo mamy inne do\u015bwiadczenia, priorytety, prze\u017cycia itd. Nie oznacza to, \u017ceby pozby\u0107 si\u0119 tego kim jeste\u015bmy, jacy jeste\u015bmy, ale mo\u017ce po prostu&#8230; dojrzeli\u015bmy jako ludzie przez minione 5, 10, 20 lat? Zmieniamy si\u0119 ca\u0142e \u017cycie, i dobrze, je\u015bli jest to zmiana na lepsze.<\/p>\n\n\n\n<p class=\"has-medium-font-size\">Chodzi o to, aby nie tkwi\u0107 w przesz\u0142o\u015bci, a czerpa\u0107 z do\u015bwiadcze\u0144, ze swoich dobrych chwil, rozumie\u0107 siebie wtedy i teraz, i szuka\u0107 pomocy i rozwi\u0105za\u0144, a nie rozdrapywa\u0107 i grzeba\u0107 w minionym (a je\u015bli ju\u017c grzeba\u0107 w przesz\u0142o\u015bci, to tylko pod kontrol\u0105 specjalisty &#8211; je\u015bli ju\u017c burzy\u0107 by budowa\u0107, co cz\u0119sto boli, to trzeba to czyni\u0107 najlepiej pod nadzorem).<\/p>\n\n\n\n<p><\/p>\n\n\n\n<h2 class=\"wp-block-heading\" id=\"a100\">FAQ<\/h2>\n\n\n\n<div class=\"schema-faq wp-block-yoast-faq-block\"><div class=\"schema-faq-section\" id=\"faq-question-1772658706822\"><strong class=\"schema-faq-question\">Dlaczego tkwienie w przesz\u0142o\u015bci nas cofa?<\/strong> <p class=\"schema-faq-answer\">Poniewa\u017c nie idziemy na prz\u00f3d, nie dostrzegamy tera\u017aniejszo\u015bci ani przysz\u0142o\u015bci.<\/p> <\/div> <div class=\"schema-faq-section\" id=\"faq-question-1772658726105\"><strong class=\"schema-faq-question\">Jakie s\u0105 3 drogi i wyj\u015bcia?<\/strong> <p class=\"schema-faq-answer\">S\u0105 3 drogi: albo p\u00f3j\u015b\u0107 za tymi wspomnieniami i docenienie, \u017ce by\u0142y fajne, przyjemne, ale jeste\u015bmy ju\u017c w innym miejscu i zostawienie ich. Mo\u017cna za nimi p\u00f3j\u015b\u0107 i z nimi zosta\u0107 &#8211; nie pogodzi\u0107 si\u0119 z tym, \u017ce one min\u0119\u0142y, pr\u00f3bowa\u0107 nimi \u017cy\u0107 lub nawet je odtwarza\u0107. I trzecia droga: mo\u017cna je doceni\u0107, ale t\u0119 energi\u0119 im towarzysz\u0105c\u0105 tw\u00f3rczo wykorzysta\u0107, budowa\u0107 na niej tera\u017aniejszo\u015b\u0107 i przysz\u0142o\u015b\u0107, potraktowa\u0107 jako motywacj\u0119 do dzia\u0142ania: po prostu tw\u00f3rczo przetworzy\u0107 t\u0119 energi\u0119.<\/p> <\/div> <div class=\"schema-faq-section\" id=\"faq-question-1772658743609\"><strong class=\"schema-faq-question\">Kt\u00f3ra droga jest najlepsza?<\/strong> <p class=\"schema-faq-answer\">Pierwsza i trzecia droga, tzn. docenienie dobrych chwil z przesz\u0142o\u015bci i zostawienie ich jako dobre wspomnienia oraz tw\u00f3rcze przetworzenie przesz\u0142o\u015bci, czerpanie z niej energii.<\/p> <\/div> <div class=\"schema-faq-section\" id=\"faq-question-1772658753949\"><strong class=\"schema-faq-question\">Do czego prowadzi trwanie w przesz\u0142o\u015bci i jak z tego wyj\u015b\u0107?<\/strong> <p class=\"schema-faq-answer\">Trwanie w przesz\u0142o\u015bci utrudnia p\u00f3j\u015bcie w prz\u00f3d, planowanie przysz\u0142o\u015bci, skupienie si\u0119 na tera\u017aniejszo\u015bci. Je\u015bli komu\u015b bardzo przeszkadza przesz\u0142o\u015b\u0107, musi skorzysta\u0107 z pomocy specjalisty.<\/p> <\/div> <div class=\"schema-faq-section\" id=\"faq-question-1772658775322\"><strong class=\"schema-faq-question\">Czy przesz\u0142o\u015b\u0107 jest z\u0142a?<\/strong> <p class=\"schema-faq-answer\">Przesz\u0142o\u015b\u0107 nie jest z\u0142a, jest pomocna. Natomiast \u017cycie przesz\u0142o\u015bci\u0105 &#8211; ju\u017c niekoniecznie. Wa\u017cne jest by trwa\u0107 w Tu i Teraz.<\/p> <\/div> <div class=\"schema-faq-section\" id=\"faq-question-1772658788550\"><strong class=\"schema-faq-question\">Czego uczy nas przesz\u0142o\u015b\u0107?<\/strong> <p class=\"schema-faq-answer\">Przesz\u0142o\u015b\u0107 to tak\u017ce nasze do\u015bwiadczenia, one pomagaj\u0105 nam nie pope\u0142nia\u0107 b\u0142\u0119d\u00f3w i \u017cy\u0107 wg nauczonych (dobrych) schemat\u00f3w<\/p> <\/div> <\/div>\n\n\n\n<figure class=\"wp-block-embed aligncenter is-type-wp-embed is-provider-poza-logik-wiara-i-samorozw-j-z-dusz-i-cia-em wp-block-embed-poza-logik-wiara-i-samorozw-j-z-dusz-i-cia-em\"><div class=\"wp-block-embed__wrapper\">\n<blockquote class=\"wp-embedded-content\" data-secret=\"ctpHY0kvuK\"><a href=\"https:\/\/pozalogika.pl\/index.php\/2019\/03\/11\/cztery-demony-ktore-odwodza-od-zycia\/\">4 demony, kt\u00f3re odwodz\u0105 od \u017cycia. Czy ju\u017c je (niestety) pozna\u0142e\u015b?<\/a><\/blockquote><iframe loading=\"lazy\" class=\"wp-embedded-content\" sandbox=\"allow-scripts\" security=\"restricted\" style=\"position: absolute; visibility: hidden;\" title=\"&#8222;4 demony, kt\u00f3re odwodz\u0105 od \u017cycia. Czy ju\u017c je (niestety) pozna\u0142e\u015b?&#8221; &#8212; Poza Logik\u0105 - wiara i samorozw\u00f3j z dusz\u0105 i cia\u0142em\" src=\"https:\/\/pozalogika.pl\/index.php\/2019\/03\/11\/cztery-demony-ktore-odwodza-od-zycia\/embed\/#?secret=T6sVXffPXC#?secret=ctpHY0kvuK\" data-secret=\"ctpHY0kvuK\" width=\"600\" height=\"338\" frameborder=\"0\" marginwidth=\"0\" marginheight=\"0\" scrolling=\"no\"><\/iframe>\n<\/div><\/figure>\n\n\n\n<p>Photo by <a href=\"https:\/\/unsplash.com\/@andikausg?utm_source=unsplash&amp;utm_medium=referral&amp;utm_content=creditCopyText\">andreas kretschmer<\/a> on <a href=\"https:\/\/unsplash.com\/photos\/person-walking-on-beach-under-cloudy-sky-during-daytime-YEImNstW4sA?utm_source=unsplash&amp;utm_medium=referral&amp;utm_content=creditCopyText\">Unsplash<\/a><\/p>\n","protected":false},"excerpt":{"rendered":"<p>W sieci obserwujemy ostatnio trend wspominania 2016 roku, czyli tego co przed dekad\u0105. Trend jak trend: za chwil\u0119 przeminie. Jednak jak to z trendami w&hellip; <\/p>\n","protected":false},"author":1,"featured_media":2321,"comment_status":"open","ping_status":"open","sticky":false,"template":"","format":"standard","meta":{"footnotes":""},"categories":[7],"tags":[373,370,369,368,374,372,171,383,343,213],"class_list":["post-2319","post","type-post","status-publish","format-standard","has-post-thumbnail","hentry","category-motywacja-i-rozwoj","tag-duchowosc","tag-melancholia","tag-nostalgia","tag-przeszlosc","tag-psychologia","tag-regres","tag-religia","tag-rozwoj-osobisty","tag-sens-zycia","tag-wiara"],"yoast_head":"<!-- This site is optimized with the Yoast SEO plugin v27.2 - https:\/\/yoast.com\/product\/yoast-seo-wordpress\/ -->\n<title>Dlaczego tkwienie w przesz\u0142o\u015bci nas cofa? 3 drogi i wyj\u015bcia - Poza Logik\u0105 - wiara i samorozw\u00f3j z dusz\u0105 i cia\u0142em<\/title>\n<meta name=\"description\" content=\"Tkwienie w przesz\u0142o\u015bci bywa kusz\u0105ce, ale mo\u017ce nas zatrzyma\u0107. O nostalgii, melancholii i tym, jak tw\u00f3rczo prze\u017cy\u0107 to, co by\u0142o.\" \/>\n<meta name=\"robots\" content=\"index, follow, max-snippet:-1, max-image-preview:large, max-video-preview:-1\" \/>\n<link rel=\"canonical\" href=\"https:\/\/pozalogika.pl\/index.php\/2026\/01\/27\/tkwienie-w-przeszlosci\/\" \/>\n<meta property=\"og:locale\" content=\"pl_PL\" \/>\n<meta property=\"og:type\" content=\"article\" \/>\n<meta property=\"og:title\" content=\"Dlaczego tkwienie w przesz\u0142o\u015bci nas cofa? 3 drogi i wyj\u015bcia - Poza Logik\u0105 - wiara i samorozw\u00f3j z dusz\u0105 i cia\u0142em\" \/>\n<meta property=\"og:description\" content=\"Tkwienie w przesz\u0142o\u015bci bywa kusz\u0105ce, ale mo\u017ce nas zatrzyma\u0107. O nostalgii, melancholii i tym, jak tw\u00f3rczo prze\u017cy\u0107 to, co by\u0142o.\" \/>\n<meta property=\"og:url\" content=\"https:\/\/pozalogika.pl\/index.php\/2026\/01\/27\/tkwienie-w-przeszlosci\/\" \/>\n<meta property=\"og:site_name\" content=\"Poza Logik\u0105 - wiara i samorozw\u00f3j z dusz\u0105 i cia\u0142em\" \/>\n<meta property=\"article:publisher\" content=\"https:\/\/www.facebook.com\/pozalogika\" \/>\n<meta property=\"article:author\" content=\"facebook.com\/pozalogika\" \/>\n<meta property=\"article:published_time\" content=\"2026-01-27T00:04:29+00:00\" \/>\n<meta property=\"article:modified_time\" content=\"2026-03-30T13:06:52+00:00\" \/>\n<meta property=\"og:image\" content=\"http:\/\/pozalogika.pl\/wp-content\/uploads\/2026\/01\/andreas-kretschmer-YEImNstW4sA-unsplash-edited.jpg\" \/>\n\t<meta property=\"og:image:width\" content=\"2160\" \/>\n\t<meta property=\"og:image:height\" content=\"1620\" \/>\n\t<meta property=\"og:image:type\" content=\"image\/jpeg\" \/>\n<meta name=\"author\" content=\"Dariusz Oko\u0144\" \/>\n<meta name=\"twitter:card\" content=\"summary_large_image\" \/>\n<meta name=\"twitter:label1\" content=\"Napisane przez\" \/>\n\t<meta name=\"twitter:data1\" content=\"Dariusz Oko\u0144\" \/>\n\t<meta name=\"twitter:label2\" content=\"Szacowany czas czytania\" \/>\n\t<meta name=\"twitter:data2\" content=\"12 minut\" \/>\n<script type=\"application\/ld+json\" class=\"yoast-schema-graph\">{\"@context\":\"https:\/\/schema.org\",\"@graph\":[{\"@type\":\"Article\",\"@id\":\"https:\/\/pozalogika.pl\/index.php\/2026\/01\/27\/tkwienie-w-przeszlosci\/#article\",\"isPartOf\":{\"@id\":\"https:\/\/pozalogika.pl\/index.php\/2026\/01\/27\/tkwienie-w-przeszlosci\/\"},\"author\":{\"name\":\"Dariusz Oko\u0144\",\"@id\":\"https:\/\/pozalogika.pl\/#\/schema\/person\/b8d33dd73be10080f4f8319e9733bed1\"},\"headline\":\"Dlaczego tkwienie w przesz\u0142o\u015bci nas cofa? 3 drogi i wyj\u015bcia\",\"datePublished\":\"2026-01-27T00:04:29+00:00\",\"dateModified\":\"2026-03-30T13:06:52+00:00\",\"mainEntityOfPage\":{\"@id\":\"https:\/\/pozalogika.pl\/index.php\/2026\/01\/27\/tkwienie-w-przeszlosci\/\"},\"wordCount\":2358,\"commentCount\":0,\"publisher\":{\"@id\":\"https:\/\/pozalogika.pl\/#organization\"},\"image\":{\"@id\":\"https:\/\/pozalogika.pl\/index.php\/2026\/01\/27\/tkwienie-w-przeszlosci\/#primaryimage\"},\"thumbnailUrl\":\"https:\/\/pozalogika.pl\/wp-content\/uploads\/2026\/01\/andreas-kretschmer-YEImNstW4sA-unsplash-edited.jpg\",\"keywords\":[\"duchowo\u015b\u0107\",\"melancholia\",\"nostalgia\",\"przesz\u0142o\u015b\u0107\",\"psychologia\",\"regres\",\"Religia\",\"rozw\u00f3j osobisty\",\"sens \u017cycia\",\"Wiara\"],\"articleSection\":[\"Motywacja i rozw\u00f3j\"],\"inLanguage\":\"pl-PL\",\"potentialAction\":[{\"@type\":\"CommentAction\",\"name\":\"Comment\",\"target\":[\"https:\/\/pozalogika.pl\/index.php\/2026\/01\/27\/tkwienie-w-przeszlosci\/#respond\"]}]},{\"@type\":[\"WebPage\",\"FAQPage\"],\"@id\":\"https:\/\/pozalogika.pl\/index.php\/2026\/01\/27\/tkwienie-w-przeszlosci\/\",\"url\":\"https:\/\/pozalogika.pl\/index.php\/2026\/01\/27\/tkwienie-w-przeszlosci\/\",\"name\":\"Dlaczego tkwienie w przesz\u0142o\u015bci nas cofa? 3 drogi i wyj\u015bcia - Poza Logik\u0105 - wiara i samorozw\u00f3j z dusz\u0105 i cia\u0142em\",\"isPartOf\":{\"@id\":\"https:\/\/pozalogika.pl\/#website\"},\"primaryImageOfPage\":{\"@id\":\"https:\/\/pozalogika.pl\/index.php\/2026\/01\/27\/tkwienie-w-przeszlosci\/#primaryimage\"},\"image\":{\"@id\":\"https:\/\/pozalogika.pl\/index.php\/2026\/01\/27\/tkwienie-w-przeszlosci\/#primaryimage\"},\"thumbnailUrl\":\"https:\/\/pozalogika.pl\/wp-content\/uploads\/2026\/01\/andreas-kretschmer-YEImNstW4sA-unsplash-edited.jpg\",\"datePublished\":\"2026-01-27T00:04:29+00:00\",\"dateModified\":\"2026-03-30T13:06:52+00:00\",\"description\":\"Tkwienie w przesz\u0142o\u015bci bywa kusz\u0105ce, ale mo\u017ce nas zatrzyma\u0107. O nostalgii, melancholii i tym, jak tw\u00f3rczo prze\u017cy\u0107 to, co by\u0142o.\",\"breadcrumb\":{\"@id\":\"https:\/\/pozalogika.pl\/index.php\/2026\/01\/27\/tkwienie-w-przeszlosci\/#breadcrumb\"},\"mainEntity\":[{\"@id\":\"https:\/\/pozalogika.pl\/index.php\/2026\/01\/27\/tkwienie-w-przeszlosci\/#faq-question-1772658706822\"},{\"@id\":\"https:\/\/pozalogika.pl\/index.php\/2026\/01\/27\/tkwienie-w-przeszlosci\/#faq-question-1772658726105\"},{\"@id\":\"https:\/\/pozalogika.pl\/index.php\/2026\/01\/27\/tkwienie-w-przeszlosci\/#faq-question-1772658743609\"},{\"@id\":\"https:\/\/pozalogika.pl\/index.php\/2026\/01\/27\/tkwienie-w-przeszlosci\/#faq-question-1772658753949\"},{\"@id\":\"https:\/\/pozalogika.pl\/index.php\/2026\/01\/27\/tkwienie-w-przeszlosci\/#faq-question-1772658775322\"},{\"@id\":\"https:\/\/pozalogika.pl\/index.php\/2026\/01\/27\/tkwienie-w-przeszlosci\/#faq-question-1772658788550\"}],\"inLanguage\":\"pl-PL\",\"potentialAction\":[{\"@type\":\"ReadAction\",\"target\":[\"https:\/\/pozalogika.pl\/index.php\/2026\/01\/27\/tkwienie-w-przeszlosci\/\"]}]},{\"@type\":\"ImageObject\",\"inLanguage\":\"pl-PL\",\"@id\":\"https:\/\/pozalogika.pl\/index.php\/2026\/01\/27\/tkwienie-w-przeszlosci\/#primaryimage\",\"url\":\"https:\/\/pozalogika.pl\/wp-content\/uploads\/2026\/01\/andreas-kretschmer-YEImNstW4sA-unsplash-edited.jpg\",\"contentUrl\":\"https:\/\/pozalogika.pl\/wp-content\/uploads\/2026\/01\/andreas-kretschmer-YEImNstW4sA-unsplash-edited.jpg\",\"width\":2160,\"height\":1620,\"caption\":\"sztorm na morzu, szare t\u0142o, idzie posta\u0107 w kapturze brzegiem morza, wraca do przesz\u0142o\u015bci wspomnieniami\"},{\"@type\":\"BreadcrumbList\",\"@id\":\"https:\/\/pozalogika.pl\/index.php\/2026\/01\/27\/tkwienie-w-przeszlosci\/#breadcrumb\",\"itemListElement\":[{\"@type\":\"ListItem\",\"position\":1,\"name\":\"Strona g\u0142\u00f3wna\",\"item\":\"https:\/\/pozalogika.pl\/\"},{\"@type\":\"ListItem\",\"position\":2,\"name\":\"Dlaczego tkwienie w przesz\u0142o\u015bci nas cofa? 3 drogi i wyj\u015bcia\"}]},{\"@type\":\"WebSite\",\"@id\":\"https:\/\/pozalogika.pl\/#website\",\"url\":\"https:\/\/pozalogika.pl\/\",\"name\":\"Poza Logik\u0105\",\"description\":\"\",\"publisher\":{\"@id\":\"https:\/\/pozalogika.pl\/#organization\"},\"potentialAction\":[{\"@type\":\"SearchAction\",\"target\":{\"@type\":\"EntryPoint\",\"urlTemplate\":\"https:\/\/pozalogika.pl\/?s={search_term_string}\"},\"query-input\":{\"@type\":\"PropertyValueSpecification\",\"valueRequired\":true,\"valueName\":\"search_term_string\"}}],\"inLanguage\":\"pl-PL\"},{\"@type\":\"Organization\",\"@id\":\"https:\/\/pozalogika.pl\/#organization\",\"name\":\"Poza Logik\u0105. Chrze\u015bcija\u0144ski coaching i wiara\",\"url\":\"https:\/\/pozalogika.pl\/\",\"logo\":{\"@type\":\"ImageObject\",\"inLanguage\":\"pl-PL\",\"@id\":\"https:\/\/pozalogika.pl\/#\/schema\/logo\/image\/\",\"url\":\"http:\/\/pozalogika.pl\/wp-content\/uploads\/2025\/03\/img_1_1742766565195.jpg\",\"contentUrl\":\"http:\/\/pozalogika.pl\/wp-content\/uploads\/2025\/03\/img_1_1742766565195.jpg\",\"width\":1070,\"height\":1070,\"caption\":\"Poza Logik\u0105. Chrze\u015bcija\u0144ski coaching i wiara\"},\"image\":{\"@id\":\"https:\/\/pozalogika.pl\/#\/schema\/logo\/image\/\"},\"sameAs\":[\"https:\/\/www.facebook.com\/pozalogika\"]},{\"@type\":\"Person\",\"@id\":\"https:\/\/pozalogika.pl\/#\/schema\/person\/b8d33dd73be10080f4f8319e9733bed1\",\"name\":\"Dariusz Oko\u0144\",\"image\":{\"@type\":\"ImageObject\",\"inLanguage\":\"pl-PL\",\"@id\":\"https:\/\/secure.gravatar.com\/avatar\/33edefc54f8320a9493600e3afc4b35fc0cafa03b2709262ba52bc75541ad90c?s=96&d=mm&r=g\",\"url\":\"https:\/\/secure.gravatar.com\/avatar\/33edefc54f8320a9493600e3afc4b35fc0cafa03b2709262ba52bc75541ad90c?s=96&d=mm&r=g\",\"contentUrl\":\"https:\/\/secure.gravatar.com\/avatar\/33edefc54f8320a9493600e3afc4b35fc0cafa03b2709262ba52bc75541ad90c?s=96&d=mm&r=g\",\"caption\":\"Dariusz Oko\u0144\"},\"description\":\"Z wykszta\u0142cenia dziennikarz i trener rozwoju osobistego, w wolnych chwilach pasjonat literatury, biegania, fotografii i samorozwoju. Wierzy w rol\u0119 \u015bwieckich w Ko\u015bciele a tak\u017ce wierzy w holistyczne podej\u015bcie do cz\u0142owieka, to dlatego uczestniczy\u0142 w kursach z zakresu dietetyki oraz treningu personalnego. Aktywno\u015b\u0107 fizyczna to nie wszystko, \u0142\u0105czy j\u0105 wi\u0119c z zainteresowaniem psychologi\u0105 oraz teologi\u0105 katolick\u0105.\",\"sameAs\":[\"http:\/\/pozalogika.pl\",\"facebook.com\/pozalogika\",\"Instagram.com\/pozalogika\"],\"url\":\"https:\/\/pozalogika.pl\/index.php\/author\/darekp\/\"},{\"@type\":\"Question\",\"@id\":\"https:\/\/pozalogika.pl\/index.php\/2026\/01\/27\/tkwienie-w-przeszlosci\/#faq-question-1772658706822\",\"position\":1,\"url\":\"https:\/\/pozalogika.pl\/index.php\/2026\/01\/27\/tkwienie-w-przeszlosci\/#faq-question-1772658706822\",\"name\":\"Dlaczego tkwienie w przesz\u0142o\u015bci nas cofa?\",\"answerCount\":1,\"acceptedAnswer\":{\"@type\":\"Answer\",\"text\":\"Poniewa\u017c nie idziemy na prz\u00f3d, nie dostrzegamy tera\u017aniejszo\u015bci ani przysz\u0142o\u015bci.\",\"inLanguage\":\"pl-PL\"},\"inLanguage\":\"pl-PL\"},{\"@type\":\"Question\",\"@id\":\"https:\/\/pozalogika.pl\/index.php\/2026\/01\/27\/tkwienie-w-przeszlosci\/#faq-question-1772658726105\",\"position\":2,\"url\":\"https:\/\/pozalogika.pl\/index.php\/2026\/01\/27\/tkwienie-w-przeszlosci\/#faq-question-1772658726105\",\"name\":\"Jakie s\u0105 3 drogi i wyj\u015bcia?\",\"answerCount\":1,\"acceptedAnswer\":{\"@type\":\"Answer\",\"text\":\"S\u0105 3 drogi: albo p\u00f3j\u015b\u0107 za tymi wspomnieniami i docenienie, \u017ce by\u0142y fajne, przyjemne, ale jeste\u015bmy ju\u017c w innym miejscu i zostawienie ich. Mo\u017cna za nimi p\u00f3j\u015b\u0107 i z nimi zosta\u0107 - nie pogodzi\u0107 si\u0119 z tym, \u017ce one min\u0119\u0142y, pr\u00f3bowa\u0107 nimi \u017cy\u0107 lub nawet je odtwarza\u0107. I trzecia droga: mo\u017cna je doceni\u0107, ale t\u0119 energi\u0119 im towarzysz\u0105c\u0105 tw\u00f3rczo wykorzysta\u0107, budowa\u0107 na niej tera\u017aniejszo\u015b\u0107 i przysz\u0142o\u015b\u0107, potraktowa\u0107 jako motywacj\u0119 do dzia\u0142ania: po prostu tw\u00f3rczo przetworzy\u0107 t\u0119 energi\u0119.\",\"inLanguage\":\"pl-PL\"},\"inLanguage\":\"pl-PL\"},{\"@type\":\"Question\",\"@id\":\"https:\/\/pozalogika.pl\/index.php\/2026\/01\/27\/tkwienie-w-przeszlosci\/#faq-question-1772658743609\",\"position\":3,\"url\":\"https:\/\/pozalogika.pl\/index.php\/2026\/01\/27\/tkwienie-w-przeszlosci\/#faq-question-1772658743609\",\"name\":\"Kt\u00f3ra droga jest najlepsza?\",\"answerCount\":1,\"acceptedAnswer\":{\"@type\":\"Answer\",\"text\":\"Pierwsza i trzecia droga, tzn. docenienie dobrych chwil z przesz\u0142o\u015bci i zostawienie ich jako dobre wspomnienia oraz tw\u00f3rcze przetworzenie przesz\u0142o\u015bci, czerpanie z niej energii.\",\"inLanguage\":\"pl-PL\"},\"inLanguage\":\"pl-PL\"},{\"@type\":\"Question\",\"@id\":\"https:\/\/pozalogika.pl\/index.php\/2026\/01\/27\/tkwienie-w-przeszlosci\/#faq-question-1772658753949\",\"position\":4,\"url\":\"https:\/\/pozalogika.pl\/index.php\/2026\/01\/27\/tkwienie-w-przeszlosci\/#faq-question-1772658753949\",\"name\":\"Do czego prowadzi trwanie w przesz\u0142o\u015bci i jak z tego wyj\u015b\u0107?\",\"answerCount\":1,\"acceptedAnswer\":{\"@type\":\"Answer\",\"text\":\"Trwanie w przesz\u0142o\u015bci utrudnia p\u00f3j\u015bcie w prz\u00f3d, planowanie przysz\u0142o\u015bci, skupienie si\u0119 na tera\u017aniejszo\u015bci. Je\u015bli komu\u015b bardzo przeszkadza przesz\u0142o\u015b\u0107, musi skorzysta\u0107 z pomocy specjalisty.\",\"inLanguage\":\"pl-PL\"},\"inLanguage\":\"pl-PL\"},{\"@type\":\"Question\",\"@id\":\"https:\/\/pozalogika.pl\/index.php\/2026\/01\/27\/tkwienie-w-przeszlosci\/#faq-question-1772658775322\",\"position\":5,\"url\":\"https:\/\/pozalogika.pl\/index.php\/2026\/01\/27\/tkwienie-w-przeszlosci\/#faq-question-1772658775322\",\"name\":\"Czy przesz\u0142o\u015b\u0107 jest z\u0142a?\",\"answerCount\":1,\"acceptedAnswer\":{\"@type\":\"Answer\",\"text\":\"Przesz\u0142o\u015b\u0107 nie jest z\u0142a, jest pomocna. Natomiast \u017cycie przesz\u0142o\u015bci\u0105 - ju\u017c niekoniecznie. Wa\u017cne jest by trwa\u0107 w Tu i Teraz.\",\"inLanguage\":\"pl-PL\"},\"inLanguage\":\"pl-PL\"},{\"@type\":\"Question\",\"@id\":\"https:\/\/pozalogika.pl\/index.php\/2026\/01\/27\/tkwienie-w-przeszlosci\/#faq-question-1772658788550\",\"position\":6,\"url\":\"https:\/\/pozalogika.pl\/index.php\/2026\/01\/27\/tkwienie-w-przeszlosci\/#faq-question-1772658788550\",\"name\":\"Czego uczy nas przesz\u0142o\u015b\u0107?\",\"answerCount\":1,\"acceptedAnswer\":{\"@type\":\"Answer\",\"text\":\"Przesz\u0142o\u015b\u0107 to tak\u017ce nasze do\u015bwiadczenia, one pomagaj\u0105 nam nie pope\u0142nia\u0107 b\u0142\u0119d\u00f3w i \u017cy\u0107 wg nauczonych (dobrych) schemat\u00f3w\",\"inLanguage\":\"pl-PL\"},\"inLanguage\":\"pl-PL\"}]}<\/script>\n<!-- \/ Yoast SEO plugin. -->","yoast_head_json":{"title":"Dlaczego tkwienie w przesz\u0142o\u015bci nas cofa? 3 drogi i wyj\u015bcia - Poza Logik\u0105 - wiara i samorozw\u00f3j z dusz\u0105 i cia\u0142em","description":"Tkwienie w przesz\u0142o\u015bci bywa kusz\u0105ce, ale mo\u017ce nas zatrzyma\u0107. O nostalgii, melancholii i tym, jak tw\u00f3rczo prze\u017cy\u0107 to, co by\u0142o.","robots":{"index":"index","follow":"follow","max-snippet":"max-snippet:-1","max-image-preview":"max-image-preview:large","max-video-preview":"max-video-preview:-1"},"canonical":"https:\/\/pozalogika.pl\/index.php\/2026\/01\/27\/tkwienie-w-przeszlosci\/","og_locale":"pl_PL","og_type":"article","og_title":"Dlaczego tkwienie w przesz\u0142o\u015bci nas cofa? 3 drogi i wyj\u015bcia - Poza Logik\u0105 - wiara i samorozw\u00f3j z dusz\u0105 i cia\u0142em","og_description":"Tkwienie w przesz\u0142o\u015bci bywa kusz\u0105ce, ale mo\u017ce nas zatrzyma\u0107. O nostalgii, melancholii i tym, jak tw\u00f3rczo prze\u017cy\u0107 to, co by\u0142o.","og_url":"https:\/\/pozalogika.pl\/index.php\/2026\/01\/27\/tkwienie-w-przeszlosci\/","og_site_name":"Poza Logik\u0105 - wiara i samorozw\u00f3j z dusz\u0105 i cia\u0142em","article_publisher":"https:\/\/www.facebook.com\/pozalogika","article_author":"facebook.com\/pozalogika","article_published_time":"2026-01-27T00:04:29+00:00","article_modified_time":"2026-03-30T13:06:52+00:00","og_image":[{"width":2160,"height":1620,"url":"http:\/\/pozalogika.pl\/wp-content\/uploads\/2026\/01\/andreas-kretschmer-YEImNstW4sA-unsplash-edited.jpg","type":"image\/jpeg"}],"author":"Dariusz Oko\u0144","twitter_card":"summary_large_image","twitter_misc":{"Napisane przez":"Dariusz Oko\u0144","Szacowany czas czytania":"12 minut"},"schema":{"@context":"https:\/\/schema.org","@graph":[{"@type":"Article","@id":"https:\/\/pozalogika.pl\/index.php\/2026\/01\/27\/tkwienie-w-przeszlosci\/#article","isPartOf":{"@id":"https:\/\/pozalogika.pl\/index.php\/2026\/01\/27\/tkwienie-w-przeszlosci\/"},"author":{"name":"Dariusz Oko\u0144","@id":"https:\/\/pozalogika.pl\/#\/schema\/person\/b8d33dd73be10080f4f8319e9733bed1"},"headline":"Dlaczego tkwienie w przesz\u0142o\u015bci nas cofa? 3 drogi i wyj\u015bcia","datePublished":"2026-01-27T00:04:29+00:00","dateModified":"2026-03-30T13:06:52+00:00","mainEntityOfPage":{"@id":"https:\/\/pozalogika.pl\/index.php\/2026\/01\/27\/tkwienie-w-przeszlosci\/"},"wordCount":2358,"commentCount":0,"publisher":{"@id":"https:\/\/pozalogika.pl\/#organization"},"image":{"@id":"https:\/\/pozalogika.pl\/index.php\/2026\/01\/27\/tkwienie-w-przeszlosci\/#primaryimage"},"thumbnailUrl":"https:\/\/pozalogika.pl\/wp-content\/uploads\/2026\/01\/andreas-kretschmer-YEImNstW4sA-unsplash-edited.jpg","keywords":["duchowo\u015b\u0107","melancholia","nostalgia","przesz\u0142o\u015b\u0107","psychologia","regres","Religia","rozw\u00f3j osobisty","sens \u017cycia","Wiara"],"articleSection":["Motywacja i rozw\u00f3j"],"inLanguage":"pl-PL","potentialAction":[{"@type":"CommentAction","name":"Comment","target":["https:\/\/pozalogika.pl\/index.php\/2026\/01\/27\/tkwienie-w-przeszlosci\/#respond"]}]},{"@type":["WebPage","FAQPage"],"@id":"https:\/\/pozalogika.pl\/index.php\/2026\/01\/27\/tkwienie-w-przeszlosci\/","url":"https:\/\/pozalogika.pl\/index.php\/2026\/01\/27\/tkwienie-w-przeszlosci\/","name":"Dlaczego tkwienie w przesz\u0142o\u015bci nas cofa? 3 drogi i wyj\u015bcia - Poza Logik\u0105 - wiara i samorozw\u00f3j z dusz\u0105 i cia\u0142em","isPartOf":{"@id":"https:\/\/pozalogika.pl\/#website"},"primaryImageOfPage":{"@id":"https:\/\/pozalogika.pl\/index.php\/2026\/01\/27\/tkwienie-w-przeszlosci\/#primaryimage"},"image":{"@id":"https:\/\/pozalogika.pl\/index.php\/2026\/01\/27\/tkwienie-w-przeszlosci\/#primaryimage"},"thumbnailUrl":"https:\/\/pozalogika.pl\/wp-content\/uploads\/2026\/01\/andreas-kretschmer-YEImNstW4sA-unsplash-edited.jpg","datePublished":"2026-01-27T00:04:29+00:00","dateModified":"2026-03-30T13:06:52+00:00","description":"Tkwienie w przesz\u0142o\u015bci bywa kusz\u0105ce, ale mo\u017ce nas zatrzyma\u0107. O nostalgii, melancholii i tym, jak tw\u00f3rczo prze\u017cy\u0107 to, co by\u0142o.","breadcrumb":{"@id":"https:\/\/pozalogika.pl\/index.php\/2026\/01\/27\/tkwienie-w-przeszlosci\/#breadcrumb"},"mainEntity":[{"@id":"https:\/\/pozalogika.pl\/index.php\/2026\/01\/27\/tkwienie-w-przeszlosci\/#faq-question-1772658706822"},{"@id":"https:\/\/pozalogika.pl\/index.php\/2026\/01\/27\/tkwienie-w-przeszlosci\/#faq-question-1772658726105"},{"@id":"https:\/\/pozalogika.pl\/index.php\/2026\/01\/27\/tkwienie-w-przeszlosci\/#faq-question-1772658743609"},{"@id":"https:\/\/pozalogika.pl\/index.php\/2026\/01\/27\/tkwienie-w-przeszlosci\/#faq-question-1772658753949"},{"@id":"https:\/\/pozalogika.pl\/index.php\/2026\/01\/27\/tkwienie-w-przeszlosci\/#faq-question-1772658775322"},{"@id":"https:\/\/pozalogika.pl\/index.php\/2026\/01\/27\/tkwienie-w-przeszlosci\/#faq-question-1772658788550"}],"inLanguage":"pl-PL","potentialAction":[{"@type":"ReadAction","target":["https:\/\/pozalogika.pl\/index.php\/2026\/01\/27\/tkwienie-w-przeszlosci\/"]}]},{"@type":"ImageObject","inLanguage":"pl-PL","@id":"https:\/\/pozalogika.pl\/index.php\/2026\/01\/27\/tkwienie-w-przeszlosci\/#primaryimage","url":"https:\/\/pozalogika.pl\/wp-content\/uploads\/2026\/01\/andreas-kretschmer-YEImNstW4sA-unsplash-edited.jpg","contentUrl":"https:\/\/pozalogika.pl\/wp-content\/uploads\/2026\/01\/andreas-kretschmer-YEImNstW4sA-unsplash-edited.jpg","width":2160,"height":1620,"caption":"sztorm na morzu, szare t\u0142o, idzie posta\u0107 w kapturze brzegiem morza, wraca do przesz\u0142o\u015bci wspomnieniami"},{"@type":"BreadcrumbList","@id":"https:\/\/pozalogika.pl\/index.php\/2026\/01\/27\/tkwienie-w-przeszlosci\/#breadcrumb","itemListElement":[{"@type":"ListItem","position":1,"name":"Strona g\u0142\u00f3wna","item":"https:\/\/pozalogika.pl\/"},{"@type":"ListItem","position":2,"name":"Dlaczego tkwienie w przesz\u0142o\u015bci nas cofa? 3 drogi i wyj\u015bcia"}]},{"@type":"WebSite","@id":"https:\/\/pozalogika.pl\/#website","url":"https:\/\/pozalogika.pl\/","name":"Poza Logik\u0105","description":"","publisher":{"@id":"https:\/\/pozalogika.pl\/#organization"},"potentialAction":[{"@type":"SearchAction","target":{"@type":"EntryPoint","urlTemplate":"https:\/\/pozalogika.pl\/?s={search_term_string}"},"query-input":{"@type":"PropertyValueSpecification","valueRequired":true,"valueName":"search_term_string"}}],"inLanguage":"pl-PL"},{"@type":"Organization","@id":"https:\/\/pozalogika.pl\/#organization","name":"Poza Logik\u0105. Chrze\u015bcija\u0144ski coaching i wiara","url":"https:\/\/pozalogika.pl\/","logo":{"@type":"ImageObject","inLanguage":"pl-PL","@id":"https:\/\/pozalogika.pl\/#\/schema\/logo\/image\/","url":"http:\/\/pozalogika.pl\/wp-content\/uploads\/2025\/03\/img_1_1742766565195.jpg","contentUrl":"http:\/\/pozalogika.pl\/wp-content\/uploads\/2025\/03\/img_1_1742766565195.jpg","width":1070,"height":1070,"caption":"Poza Logik\u0105. Chrze\u015bcija\u0144ski coaching i wiara"},"image":{"@id":"https:\/\/pozalogika.pl\/#\/schema\/logo\/image\/"},"sameAs":["https:\/\/www.facebook.com\/pozalogika"]},{"@type":"Person","@id":"https:\/\/pozalogika.pl\/#\/schema\/person\/b8d33dd73be10080f4f8319e9733bed1","name":"Dariusz Oko\u0144","image":{"@type":"ImageObject","inLanguage":"pl-PL","@id":"https:\/\/secure.gravatar.com\/avatar\/33edefc54f8320a9493600e3afc4b35fc0cafa03b2709262ba52bc75541ad90c?s=96&d=mm&r=g","url":"https:\/\/secure.gravatar.com\/avatar\/33edefc54f8320a9493600e3afc4b35fc0cafa03b2709262ba52bc75541ad90c?s=96&d=mm&r=g","contentUrl":"https:\/\/secure.gravatar.com\/avatar\/33edefc54f8320a9493600e3afc4b35fc0cafa03b2709262ba52bc75541ad90c?s=96&d=mm&r=g","caption":"Dariusz Oko\u0144"},"description":"Z wykszta\u0142cenia dziennikarz i trener rozwoju osobistego, w wolnych chwilach pasjonat literatury, biegania, fotografii i samorozwoju. Wierzy w rol\u0119 \u015bwieckich w Ko\u015bciele a tak\u017ce wierzy w holistyczne podej\u015bcie do cz\u0142owieka, to dlatego uczestniczy\u0142 w kursach z zakresu dietetyki oraz treningu personalnego. Aktywno\u015b\u0107 fizyczna to nie wszystko, \u0142\u0105czy j\u0105 wi\u0119c z zainteresowaniem psychologi\u0105 oraz teologi\u0105 katolick\u0105.","sameAs":["http:\/\/pozalogika.pl","facebook.com\/pozalogika","Instagram.com\/pozalogika"],"url":"https:\/\/pozalogika.pl\/index.php\/author\/darekp\/"},{"@type":"Question","@id":"https:\/\/pozalogika.pl\/index.php\/2026\/01\/27\/tkwienie-w-przeszlosci\/#faq-question-1772658706822","position":1,"url":"https:\/\/pozalogika.pl\/index.php\/2026\/01\/27\/tkwienie-w-przeszlosci\/#faq-question-1772658706822","name":"Dlaczego tkwienie w przesz\u0142o\u015bci nas cofa?","answerCount":1,"acceptedAnswer":{"@type":"Answer","text":"Poniewa\u017c nie idziemy na prz\u00f3d, nie dostrzegamy tera\u017aniejszo\u015bci ani przysz\u0142o\u015bci.","inLanguage":"pl-PL"},"inLanguage":"pl-PL"},{"@type":"Question","@id":"https:\/\/pozalogika.pl\/index.php\/2026\/01\/27\/tkwienie-w-przeszlosci\/#faq-question-1772658726105","position":2,"url":"https:\/\/pozalogika.pl\/index.php\/2026\/01\/27\/tkwienie-w-przeszlosci\/#faq-question-1772658726105","name":"Jakie s\u0105 3 drogi i wyj\u015bcia?","answerCount":1,"acceptedAnswer":{"@type":"Answer","text":"S\u0105 3 drogi: albo p\u00f3j\u015b\u0107 za tymi wspomnieniami i docenienie, \u017ce by\u0142y fajne, przyjemne, ale jeste\u015bmy ju\u017c w innym miejscu i zostawienie ich. Mo\u017cna za nimi p\u00f3j\u015b\u0107 i z nimi zosta\u0107 - nie pogodzi\u0107 si\u0119 z tym, \u017ce one min\u0119\u0142y, pr\u00f3bowa\u0107 nimi \u017cy\u0107 lub nawet je odtwarza\u0107. I trzecia droga: mo\u017cna je doceni\u0107, ale t\u0119 energi\u0119 im towarzysz\u0105c\u0105 tw\u00f3rczo wykorzysta\u0107, budowa\u0107 na niej tera\u017aniejszo\u015b\u0107 i przysz\u0142o\u015b\u0107, potraktowa\u0107 jako motywacj\u0119 do dzia\u0142ania: po prostu tw\u00f3rczo przetworzy\u0107 t\u0119 energi\u0119.","inLanguage":"pl-PL"},"inLanguage":"pl-PL"},{"@type":"Question","@id":"https:\/\/pozalogika.pl\/index.php\/2026\/01\/27\/tkwienie-w-przeszlosci\/#faq-question-1772658743609","position":3,"url":"https:\/\/pozalogika.pl\/index.php\/2026\/01\/27\/tkwienie-w-przeszlosci\/#faq-question-1772658743609","name":"Kt\u00f3ra droga jest najlepsza?","answerCount":1,"acceptedAnswer":{"@type":"Answer","text":"Pierwsza i trzecia droga, tzn. docenienie dobrych chwil z przesz\u0142o\u015bci i zostawienie ich jako dobre wspomnienia oraz tw\u00f3rcze przetworzenie przesz\u0142o\u015bci, czerpanie z niej energii.","inLanguage":"pl-PL"},"inLanguage":"pl-PL"},{"@type":"Question","@id":"https:\/\/pozalogika.pl\/index.php\/2026\/01\/27\/tkwienie-w-przeszlosci\/#faq-question-1772658753949","position":4,"url":"https:\/\/pozalogika.pl\/index.php\/2026\/01\/27\/tkwienie-w-przeszlosci\/#faq-question-1772658753949","name":"Do czego prowadzi trwanie w przesz\u0142o\u015bci i jak z tego wyj\u015b\u0107?","answerCount":1,"acceptedAnswer":{"@type":"Answer","text":"Trwanie w przesz\u0142o\u015bci utrudnia p\u00f3j\u015bcie w prz\u00f3d, planowanie przysz\u0142o\u015bci, skupienie si\u0119 na tera\u017aniejszo\u015bci. Je\u015bli komu\u015b bardzo przeszkadza przesz\u0142o\u015b\u0107, musi skorzysta\u0107 z pomocy specjalisty.","inLanguage":"pl-PL"},"inLanguage":"pl-PL"},{"@type":"Question","@id":"https:\/\/pozalogika.pl\/index.php\/2026\/01\/27\/tkwienie-w-przeszlosci\/#faq-question-1772658775322","position":5,"url":"https:\/\/pozalogika.pl\/index.php\/2026\/01\/27\/tkwienie-w-przeszlosci\/#faq-question-1772658775322","name":"Czy przesz\u0142o\u015b\u0107 jest z\u0142a?","answerCount":1,"acceptedAnswer":{"@type":"Answer","text":"Przesz\u0142o\u015b\u0107 nie jest z\u0142a, jest pomocna. Natomiast \u017cycie przesz\u0142o\u015bci\u0105 - ju\u017c niekoniecznie. Wa\u017cne jest by trwa\u0107 w Tu i Teraz.","inLanguage":"pl-PL"},"inLanguage":"pl-PL"},{"@type":"Question","@id":"https:\/\/pozalogika.pl\/index.php\/2026\/01\/27\/tkwienie-w-przeszlosci\/#faq-question-1772658788550","position":6,"url":"https:\/\/pozalogika.pl\/index.php\/2026\/01\/27\/tkwienie-w-przeszlosci\/#faq-question-1772658788550","name":"Czego uczy nas przesz\u0142o\u015b\u0107?","answerCount":1,"acceptedAnswer":{"@type":"Answer","text":"Przesz\u0142o\u015b\u0107 to tak\u017ce nasze do\u015bwiadczenia, one pomagaj\u0105 nam nie pope\u0142nia\u0107 b\u0142\u0119d\u00f3w i \u017cy\u0107 wg nauczonych (dobrych) schemat\u00f3w","inLanguage":"pl-PL"},"inLanguage":"pl-PL"}]}},"_links":{"self":[{"href":"https:\/\/pozalogika.pl\/index.php\/wp-json\/wp\/v2\/posts\/2319","targetHints":{"allow":["GET"]}}],"collection":[{"href":"https:\/\/pozalogika.pl\/index.php\/wp-json\/wp\/v2\/posts"}],"about":[{"href":"https:\/\/pozalogika.pl\/index.php\/wp-json\/wp\/v2\/types\/post"}],"author":[{"embeddable":true,"href":"https:\/\/pozalogika.pl\/index.php\/wp-json\/wp\/v2\/users\/1"}],"replies":[{"embeddable":true,"href":"https:\/\/pozalogika.pl\/index.php\/wp-json\/wp\/v2\/comments?post=2319"}],"version-history":[{"count":3,"href":"https:\/\/pozalogika.pl\/index.php\/wp-json\/wp\/v2\/posts\/2319\/revisions"}],"predecessor-version":[{"id":2953,"href":"https:\/\/pozalogika.pl\/index.php\/wp-json\/wp\/v2\/posts\/2319\/revisions\/2953"}],"wp:featuredmedia":[{"embeddable":true,"href":"https:\/\/pozalogika.pl\/index.php\/wp-json\/wp\/v2\/media\/2321"}],"wp:attachment":[{"href":"https:\/\/pozalogika.pl\/index.php\/wp-json\/wp\/v2\/media?parent=2319"}],"wp:term":[{"taxonomy":"category","embeddable":true,"href":"https:\/\/pozalogika.pl\/index.php\/wp-json\/wp\/v2\/categories?post=2319"},{"taxonomy":"post_tag","embeddable":true,"href":"https:\/\/pozalogika.pl\/index.php\/wp-json\/wp\/v2\/tags?post=2319"}],"curies":[{"name":"wp","href":"https:\/\/api.w.org\/{rel}","templated":true}]}}