{"id":2323,"date":"2026-01-27T00:40:02","date_gmt":"2026-01-27T00:40:02","guid":{"rendered":"https:\/\/pozalogika.pl\/?p=2323"},"modified":"2026-03-30T13:01:46","modified_gmt":"2026-03-30T13:01:46","slug":"papiez-o-sztucznej-inteligencji","status":"publish","type":"post","link":"https:\/\/pozalogika.pl\/index.php\/2026\/01\/27\/papiez-o-sztucznej-inteligencji\/","title":{"rendered":"Co papie\u017c Leon XIV o uwa\u017ca o sztucznej inteligencji? Om\u00f3wienie or\u0119dzia na LX \u015awiatowy Dzie\u0144 \u015arodk\u00f3w Spo\u0142ecznego Przekazu"},"content":{"rendered":"\n<figure class=\"wp-block-image size-large\"><img loading=\"lazy\" decoding=\"async\" width=\"2549\" height=\"1699\" src=\"https:\/\/pozalogika.pl\/wp-content\/uploads\/2026\/01\/brey-wOEgbsw72bE-unsplash-edited.jpg\" alt=\"M\u0119\u017cczyzna rozmawia z robotem symbolizuj\u0105cym sztuczn\u0105 inteligencj\u0119\" class=\"wp-image-2325\" srcset=\"https:\/\/pozalogika.pl\/wp-content\/uploads\/2026\/01\/brey-wOEgbsw72bE-unsplash-edited.jpg 2549w, https:\/\/pozalogika.pl\/wp-content\/uploads\/2026\/01\/brey-wOEgbsw72bE-unsplash-edited-300x200.jpg 300w, https:\/\/pozalogika.pl\/wp-content\/uploads\/2026\/01\/brey-wOEgbsw72bE-unsplash-edited-1024x683.jpg 1024w, https:\/\/pozalogika.pl\/wp-content\/uploads\/2026\/01\/brey-wOEgbsw72bE-unsplash-edited-768x512.jpg 768w, https:\/\/pozalogika.pl\/wp-content\/uploads\/2026\/01\/brey-wOEgbsw72bE-unsplash-edited-1536x1024.jpg 1536w, https:\/\/pozalogika.pl\/wp-content\/uploads\/2026\/01\/brey-wOEgbsw72bE-unsplash-edited-2048x1365.jpg 2048w\" sizes=\"auto, (max-width: 2549px) 100vw, 2549px\" \/><\/figure>\n\n\n\n<p class=\"has-medium-font-size\"><strong>Opublikowane kilka dni temu, bo 24 stycznia 2026 roku or\u0119dzie Papie\u017ca Leona XIV <em>na LX \u015awiatowy Dzie\u0144 \u015arodk\u00f3w Spo\u0142ecznego Przekazu<\/em> to dokument szalenie wa\u017cny i szalenie nam potrzebny szczeg\u00f3lnie u progu tego nowego roku. <\/strong><\/p>\n\n\n\n<!--more-->\n\n\n\n<ul class=\"wp-block-list\">\n<li><strong><a href=\"#o1\">Or\u0119dzie papie\u017ca Leona XIV \u2013 dlaczego to dokument na nasze czasy<\/a><\/strong><\/li>\n\n\n\n<li><strong><a href=\"#o2\">Gdy po drugiej stronie ekranu nie ma cz\u0142owieka<\/a><\/strong><\/li>\n\n\n\n<li><strong><a href=\"#o3\">Apel papie\u017ca do medi\u00f3w, tw\u00f3rc\u00f3w i ustawodawc\u00f3w<\/a><\/strong><\/li>\n\n\n\n<li><strong><a href=\"#a99\">8 bardzo wa\u017cnych nauk papie\u017ca p\u0142yn\u0105cych z or\u0119dzia na LX \u015awiatowy Dzie\u0144 \u015arodk\u00f3w Spo\u0142ecznego Przekazu<\/a><\/strong><\/li>\n\n\n\n<li><strong><a href=\"#a100\">FAQ<\/a><\/strong><\/li>\n<\/ul>\n\n\n\n<h2 class=\"wp-block-heading\" id=\"o1\"><strong>Or\u0119dzie papie\u017ca Leona XIV \u2013 dlaczego to dokument na nasze czasy<\/strong><\/h2>\n\n\n\n<p class=\"has-medium-font-size\">Rok 2025 przyni\u00f3s\u0142 nowo\u015bci i zmiany w zakresie sztucznej inteligencji. Dotychczas to, co mo\u017cna sobie by\u0142o jedynie wyobra\u017ca\u0107 lub ogl\u0105da\u0107 na ekranie kina lub telewizora, przesz\u0142o dosy\u0107 p\u0142ynnie i dosy\u0107 niepostrze\u017cenie do naszej rzeczywisto\u015bci. AI niesie du\u017co dobrych rzeczy, ale i mo\u017ce by\u0107 przestrzeni\u0105 nadu\u017cy\u0107. To technologia. A ta wymaga, by nauczy\u0107 si\u0119 z ni\u0105 \u017cy\u0107, by j\u0105 ujarzmi\u0107, by zastosowa\u0107 do niej kryteria etyczne. A do tego (mam nadziej\u0119) nadal jest potrzebny cz\u0142owiek.<\/p>\n\n\n\n<p class=\"has-medium-font-size\">Swoje or\u0119dzie papie\u017c rozpoczyna od tego, co w pierwszym spotkaniu cz\u0142owieka czyni, co pozwala go pozna\u0107 jeszcze bez g\u0142\u0119bszego kontaktu: to twarz. Dla nas Polak\u00f3w od razu przynosi to skojarzenie z Tischnerowsk\u0105 ,,filozofi\u0105 dramatu\u201d (w owym ,,dramacie\u201d spotkania twarz odgrywa kluczow\u0105 rol\u0119, jest intymna, jest ukazaniem osoby). Tischner tej koncepcji nie wymy\u015bli\u0142, on j\u0105 popularyzowa\u0142. Zreszt\u0105 papie\u017c zwraca nasz\u0105 uwag\u0119 na staro\u017cytnych Grek\u00f3w, na ich s\u0142owo pojecie s\u0142owa ,,twarz\u201d. Cz\u0142owiek, jak przypomina papie\u017c za \u015bw. Grzegorzem z Nyssy, zosta\u0142 obdarowany ,,odblaskiem mi\u0142o\u015bci Boga\u201d w\u0142a\u015bnie na swym obliczu. Ka\u017cdy z nas jest unikatowy, niezast\u0105piony (tak swoj\u0105 drog\u0105 to chcia\u0142bym w tym miejscu zwr\u00f3ci\u0107 uwag\u0119 na to, jak nowy papie\u017c mocno wpisuje si\u0119 w tzw. personalizm chrze\u015bcija\u0144ski \u2013 ide\u0119 silnie obecn\u0105 w XX-wiecznej filozofii europejskiej, a kt\u00f3r\u0105 za spraw\u0105 swej naukowej profesji zajmowa\u0142 si\u0119 filozof Karol Wojty\u0142a a p\u00f3\u017aniej jako papie\u017c Jan Pawe\u0142 II kontynuowa\u0142). <\/p>\n\n\n\n<figure class=\"wp-block-embed aligncenter is-type-wp-embed is-provider-poza-logik-wiara-i-samorozw-j-z-dusz-i-cia-em wp-block-embed-poza-logik-wiara-i-samorozw-j-z-dusz-i-cia-em\"><div class=\"wp-block-embed__wrapper\">\n<blockquote class=\"wp-embedded-content\" data-secret=\"x9T9Xl2jxL\"><a href=\"https:\/\/pozalogika.pl\/index.php\/2024\/11\/22\/zlota-idea-zapomniana-idea-humanizm-chrzescijanski-nie-tylko-c-s-lewisa\/\">Z\u0142ota idea, zapomniana idea? Humanizm chrze\u015bcija\u0144ski (nie tylko) C.S. Lewisa<\/a><\/blockquote><iframe loading=\"lazy\" class=\"wp-embedded-content\" sandbox=\"allow-scripts\" security=\"restricted\" style=\"position: absolute; visibility: hidden;\" title=\"&#8222;Z\u0142ota idea, zapomniana idea? Humanizm chrze\u015bcija\u0144ski (nie tylko) C.S. Lewisa&#8221; &#8212; Poza Logik\u0105 - wiara i samorozw\u00f3j z dusz\u0105 i cia\u0142em\" src=\"https:\/\/pozalogika.pl\/index.php\/2024\/11\/22\/zlota-idea-zapomniana-idea-humanizm-chrzescijanski-nie-tylko-c-s-lewisa\/embed\/#?secret=6a59SqNGm7#?secret=x9T9Xl2jxL\" data-secret=\"x9T9Xl2jxL\" width=\"600\" height=\"338\" frameborder=\"0\" marginwidth=\"0\" marginheight=\"0\" scrolling=\"no\"><\/iframe>\n<\/div><\/figure>\n\n\n\n<p class=\"has-medium-font-size\">Dlaczego Leon XIV o tym przypomina \u2013 o tej wyj\u0105tkowo\u015bci cz\u0142owieka, jego ukszta\u0142towaniu na wz\u00f3r Boga? Bo warto to podkre\u015bli\u0107 maj\u0105c na uwadze rozw\u00f3j sztucznej inteligencji. Papie\u017c pisze, \u017ce:<\/p>\n\n\n\n<p class=\"has-medium-font-size\">&#8211; Je\u015bli nie b\u0119dziemy przestrzega\u0107 tej zasady, technologia cyfrowa mo\u017ce radykalnie zmieni\u0107 niekt\u00f3re z fundamentalnych filar\u00f3w cywilizacji ludzkiej, kt\u00f3re czasami uwa\u017camy za oczywiste. Symuluj\u0105c ludzkie g\u0142osy i twarze, m\u0105dro\u015b\u0107 i wiedz\u0119, \u015bwiadomo\u015b\u0107 i odpowiedzialno\u015b\u0107, empati\u0119 i przyja\u017a\u0144, systemy znane jako sztuczna inteligencja nie tylko ingeruj\u0105 w ekosystemy informacyjne, ale tak\u017ce wkraczaj\u0105 na najg\u0142\u0119bszy poziom komunikacji, czyli ten dotycz\u0105cy relacji mi\u0119dzyludzkich \u2013 czytamy.<\/p>\n\n\n\n<p class=\"has-medium-font-size\">Zadbanie o t\u0119 przestrze\u0144 tak naprawd\u0119 ma na celu ochron\u0119 nas jako ludzi, naszego wizerunku. Papie\u017c wspomina o ba\u0144kach informacyjnych i algorytmach, kt\u00f3re stoj\u0105 za interesem platform a nas jako spo\u0142ecze\u0144stwo poddaj\u0105 polaryzacji. Jest te\u017c o tym, jak klasyczne dzie\u0142a \u2013 wytwory r\u0105k ludzkich staj\u0105 si\u0119 materia\u0142em szkoleniowym dla sztucznej inteligencji, o bezkrytycznym wierzeniu AI i traktowaniu jej jako ,,przyjaci\u00f3\u0142ki\u201d. Or\u0119dzie papie\u017ca to dokument wybitny, bardzo aktualny, bardzo potrzebny a jednocze\u015bnie twardo st\u0105paj\u0105cy po ziemi bo papie\u017c jest bardzo \u015bwiadomy tego, co si\u0119 dzieje w \u015bwiecie. Kr\u00f3tko, zarysowuj\u0105c wiele w\u0105tk\u00f3w, daje nam konkretne wskaz\u00f3wki, w jakim kierunku powinno pod\u0105\u017ca\u0107 nasze my\u015blenie. Jest to jednocze\u015bnie po\u0142\u0105czone z teologi\u0105, z antropologi\u0105 Biblijn\u0105. Wypada\u0142oby zacytowa\u0107 tutaj ca\u0142y dokument, bo z\u0142apa\u0142em si\u0119 na tym, \u017ce akapit po akapicie mia\u0142em ochot\u0119 tu wklei\u0107.<\/p>\n\n\n\n<figure class=\"wp-block-embed aligncenter is-type-wp-embed is-provider-poza-logik-wiara-i-samorozw-j-z-dusz-i-cia-em wp-block-embed-poza-logik-wiara-i-samorozw-j-z-dusz-i-cia-em\"><div class=\"wp-block-embed__wrapper\">\n<blockquote class=\"wp-embedded-content\" data-secret=\"jIbk1zG8YO\"><a href=\"https:\/\/pozalogika.pl\/index.php\/2026\/01\/21\/bezmiar-wod\/\">Stworzy\u0107 co\u015b z bezmiaru [Cykl ,,Od Nowa&#8221;]<\/a><\/blockquote><iframe loading=\"lazy\" class=\"wp-embedded-content\" sandbox=\"allow-scripts\" security=\"restricted\" style=\"position: absolute; visibility: hidden;\" title=\"&#8222;Stworzy\u0107 co\u015b z bezmiaru [Cykl ,,Od Nowa&#8221;]&#8221; &#8212; Poza Logik\u0105 - wiara i samorozw\u00f3j z dusz\u0105 i cia\u0142em\" src=\"https:\/\/pozalogika.pl\/index.php\/2026\/01\/21\/bezmiar-wod\/embed\/#?secret=7WAWRmZwHK#?secret=jIbk1zG8YO\" data-secret=\"jIbk1zG8YO\" width=\"600\" height=\"338\" frameborder=\"0\" marginwidth=\"0\" marginheight=\"0\" scrolling=\"no\"><\/iframe>\n<\/div><\/figure>\n\n\n\n<h2 class=\"wp-block-heading\" id=\"o2\"><strong>Gdy po drugiej stronie ekranu nie ma cz\u0142owieka<\/strong><\/h2>\n\n\n\n<p class=\"has-medium-font-size\">Bardzo wa\u017cnym w\u0105tkiem jest tu uwaga papie\u017ca skierowana na to, \u017ce jako ludzie wchodzimy w interakcj\u0119 z innymi u\u017cytkownikami sieci, istnieje za\u015b ryzyko, \u017ce po tej ,,drugiej stronie\u201d b\u0119dzie algorytm do z\u0142udzenia przypominaj\u0105cy cz\u0142owieka (zreszt\u0105 to si\u0119 ju\u017c dzieje coraz cz\u0119\u015bciej, gdy na rynku widzimy automatyzacj\u0119 a wiele stanowisk obs\u0142uguj\u0105 mechanizmy komunikacyjne AI. W\u015br\u00f3d zagro\u017ce\u0144 sztucznej inteligencji papie\u017c te\u017c wskazuje na uproszczenie naszego postrzegania \u015bwiata (kontaktuj\u0105c si\u0119 z botem zamiast z \u017cywym cz\u0142owiekiem nie wchodzimy w rozmow\u0119, konfrontacj\u0119 pogl\u0105d\u00f3w), nasze my\u015blenie mo\u017ce by\u0107 te\u017c uzale\u017cnione od sposobu my\u015blenia tw\u00f3rcy oprogramowania sztucznej inteligencji. <\/p>\n\n\n\n<p><\/p>\n\n\n\n<p class=\"has-medium-font-size\">M\u00f3wi\u0105c kr\u00f3tko: zostaje nam co\u015b narzucone, powiedzia\u0142bym, \u017ce nasz horyzont poznawczy zostaje zaw\u0119\u017cony. Papie\u017c wskazuje te\u017c na brak weryfikacji \u017ar\u00f3de\u0142, co pami\u0119tam, \u017ce ju\u017c na pocz\u0105tku zabaw ze sztuczn\u0105 inteligencj\u0105 wskazywa\u0142o wielu ludzi medi\u00f3w, gdy czat wskazywa\u0142 im zmy\u015blone informacje jako fakty. Leon XIV daje nam wskaz\u00f3wk\u0119:<\/p>\n\n\n\n<p class=\"has-medium-font-size\">&#8211; Kwesti\u0105, kt\u00f3ra le\u017cy nam na sercu, nie jest jednak to, co potrafi lub b\u0119dzie w stanie zrobi\u0107 maszyna, ale to, co my mo\u017cemy i b\u0119dziemy mogli uczyni\u0107, wzrastaj\u0105c w cz\u0142owiecze\u0144stwie i poznaniu, dzi\u0119ki m\u0105dremu wykorzystaniu tak pot\u0119\u017cnych narz\u0119dzi, jakie mamy do dyspozycji. Od zawsze cz\u0142owiek by\u0142 kuszony, aby przyw\u0142aszcza\u0107 sobie owoce wiedzy bez wysi\u0142ku zaanga\u017cowania, poszukiwa\u0144 i osobistej odpowiedzialno\u015bci. Rezygnacja z procesu tw\u00f3rczego i przekazanie maszynom w\u0142asnych funkcji umys\u0142owych i wyobra\u017ani oznacza jednak pogrzebanie talent\u00f3w, kt\u00f3re otrzymali\u015bmy, aby wzrasta\u0107 jako osoby w relacji z Bogiem i innymi lud\u017ami. Oznacza to ukrycie naszej twarzy i wyciszenie naszego g\u0142osu \u2013 czytamy w or\u0119dziu.<\/p>\n\n\n\n<p class=\"has-medium-font-size\">My\u015bl\u0119, \u017ce bardzo wa\u017cnym ale i odwa\u017cnym krokiem papie\u017ca jest jasne i stanowcze stwierdzenie (co pokazuje, \u017ce jest to papie\u017c, dla kt\u00f3rego wa\u017cne s\u0105 kwestie spo\u0142eczne, i kt\u00f3ry kontynuuje w tym obszarze lini\u0119 Franciszka), \u017ce za t\u0105 pot\u0119\u017cn\u0105 si\u0142\u0105 stoi garstka ludzi, a jest to si\u0142a, kt\u00f3ra potrafi pisa\u0107 nasz\u0105 histori\u0119 na nowo (a mi si\u0119 przypomina sam pocz\u0105tek ,,Rok 1984\u201d G. Orwella).<\/p>\n\n\n\n<p class=\"has-medium-font-size\">Papie\u017c wskazuje nam na te zagro\u017cenia, a jednocze\u015bnie pokazuje kierunek dzia\u0142a\u0144, jaki trzeba obra\u0107. Sztuczna inteligencja sama w sobie nie jest z\u0142a, ale musimy by\u0107 \u015bwiadomi jej wp\u0142ywu, umie\u0107 z ni\u0105 \u017cy\u0107. ,,Przymierze to jest mo\u017cliwe, ale musi opiera\u0107 si\u0119 na trzech filarach: <em>odpowiedzialno\u015bci<\/em>, <em>wsp\u00f3\u0142pracy<\/em> i <em>edukacji\u201d<\/em>\u2013 czytamy (podkre\u015blenia oryginalne). Tu nast\u0119puje apel papie\u017ca nie tylko do tw\u00f3rc\u00f3w i programist\u00f3w sztucznej inteligencji, ale i do ustawodawc\u00f3w.<\/p>\n\n\n\n<p class=\"has-medium-font-size\">&#8211; Wszystkie zainteresowane strony \u2013 od przemys\u0142u technologicznego po ustawodawc\u00f3w, od firm kreatywnych po \u015bwiat akademicki, od artyst\u00f3w po dziennikarzy i wychowawc\u00f3w \u2013 musz\u0105 by\u0107 zaanga\u017cowane w budowanie i urzeczywistnianie \u015bwiadomego i odpowiedzialnego obywatelstwa cyfrowego \u2013 pisze papie\u017c.<\/p>\n\n\n\n<h2 class=\"wp-block-heading\" id=\"o3\"><strong>Apel papie\u017ca do medi\u00f3w, tw\u00f3rc\u00f3w i ustawodawc\u00f3w<\/strong><\/h2>\n\n\n\n<p class=\"has-medium-font-size\">Nowy dokument papie\u017ca Leona XIV to taki niepozorny tekst, ale bogaty w tre\u015bci i niezwykle interesuj\u0105cy, a jednocze\u015bnie wybudzaj\u0105cy z jakiego\u015b letargu, wylewaj\u0105cy \u015bwiatu kube\u0142 zimnej wody. \u00d3w kube\u0142 zimnej wody zostaje wylany na g\u0142owy tzw. ,,czwartej w\u0142adzy\u201d ale i przecie\u017c tych, kt\u00f3rzy za ni\u0105 stoj\u0105 (dziennikarze i ludzie medi\u00f3w), kt\u00f3rzy j\u0105 lobbuj\u0105 (korporacje i tzw. ,,wp\u0142ywowi\u201d ludzie) oraz j\u0105 wykorzystuj\u0105 mniej lub bardziej cynicznie (politycy). Nie chc\u0119 powiedzie\u0107, \u017ce im si\u0119 obrywa, ale cho\u0107 s\u0142owa papie\u017ca s\u0105 wywa\u017cone, moim zdaniem mog\u0105 by\u0107 czasami drzazg\u0105 w oku owych wymienionych, papie\u017c nie idzie na kompromisy, a ja nie bardzo bym chcia\u0142 s\u0142ysze\u0107 w Ko\u015bciele wi\u0119cej tego typu tekst\u00f3w: prawdziwych, szczerych, jakby s\u0142u\u017c\u0105cych prawdzie. <\/p>\n\n\n\n<p><\/p>\n\n\n\n<p class=\"has-medium-font-size\">Bo Leon XIV nie idzie na kompromisy, wk\u0142ada ten uwieraj\u0105cy kamyk w but \u015bwiata. Nie otrzymujemy tu tzw. waty s\u0142ownej tylko prawdziwy konkret. Zagro\u017cenie ju\u017c jest, to jest sytuacja post-factum, a teraz my jako ludzie \u2013 wszyscy bo przecie\u017c ka\u017cdy z nas w spo\u0142ecze\u0144stwie online funkcjonuje, ka\u017cdy z nas jest jednocze\u015bnie tw\u00f3rc\u0105 i odbiorc\u0105 tre\u015bci \u2013 wszyscy my musimy teraz zmierzy\u0107 si\u0119 z t\u0105 zmian\u0105 technologiczn\u0105. Jednocze\u015bnie nie zatraci\u0107 tego, kim jeste\u015bmy i przez Kogo jeste\u015bmy stworzeni.<\/p>\n\n\n\n<p class=\"has-medium-font-size\">&#8211; Potrzebujemy, aby twarz i g\u0142os na nowo oznacza\u0142y osob\u0119. Musimy strzec daru komunikacji jako najg\u0142\u0119bszej prawdy cz\u0142owieka, ku kt\u00f3rej nale\u017cy ukierunkowywa\u0107 ka\u017cd\u0105 innowacj\u0119 technologiczn\u0105 \u2013 nawo\u0142uje papie\u017c.<\/p>\n\n\n\n<p class=\"has-medium-font-size\">Zach\u0119cam do przeczytania <a href=\"https:\/\/www.vatican.va\/content\/leo-xiv\/pl\/messages\/communications\/documents\/20260124-messaggio-comunicazioni-sociali.html#_ftn1\">ca\u0142ego tego tekstu<\/a>. Szczeg\u00f3lnie w szko\u0142ach powinno si\u0119 go omawia\u0107, nawet i na katechezie.<\/p>\n\n\n\n<p><\/p>\n\n\n\n<h2 class=\"wp-block-heading\" id=\"a100\">8 bardzo wa\u017cnych nauk papie\u017ca p\u0142yn\u0105cych z or\u0119dzia na LX \u015awiatowy Dzie\u0144 \u015arodk\u00f3w Spo\u0142ecznego Przekazu<\/h2>\n\n\n\n<ol class=\"wp-block-list\">\n<li class=\"has-medium-font-size\">Nale\u017cy dostrzec cz\u0142owieka i jego twarz<\/li>\n\n\n\n<li class=\"has-medium-font-size\">Ka\u017cdy z nas jest unikatowy i wyj\u0105tkowy, ka\u017cdy z nas posiada ,,odblask mi\u0142o\u015bci Boga&#8221;<\/li>\n\n\n\n<li class=\"has-medium-font-size\">Sztuczna inteligencja mo\u017ce imitowa\u0107 cz\u0142owieka, jego twarz i wizerunek, dlatego warto u\u015bwiadomi\u0107 sobie w\u0142a\u015bnie t\u0119 warto\u015b\u0107 i unikatowo\u015b\u0107 cz\u0142owieka<\/li>\n\n\n\n<li class=\"has-medium-font-size\">Nie powinni\u015bmy bezkrytycznie wierzy\u0107 AI i traktowa\u0107 jej jako ,,przyjaci\u00f3\u0142ki&#8221;<\/li>\n\n\n\n<li class=\"has-medium-font-size\">W sieci wchodzimy ze sob\u0105 w interakcje, istnieje za\u015b ryzyko, \u017ce po drugiej stronie nie b\u0119dzie cz\u0142owiek ale algorytm<\/li>\n\n\n\n<li class=\"has-medium-font-size\">Przez AI nasz horyzont poznawczy zostaje zaw\u0119\u017cony<\/li>\n\n\n\n<li class=\"has-medium-font-size\">Jako kierunek naszych dzia\u0142a\u0144 Papie\u017c wskazuje 3 filary: odpowiedzialno\u015b\u0107, wsp\u00f3\u0142prac\u0119 i edukacj\u0119<\/li>\n\n\n\n<li class=\"has-medium-font-size\">Odpowiedzialno\u015b\u0107 za budowanie ,,\u015bwiadomego i odpowiedzialnego obywatelstwa cyfrowego&#8221; spoczywa na nas wszystkich.<\/li>\n<\/ol>\n\n\n\n<p><\/p>\n\n\n\n<h2 class=\"wp-block-heading\" id=\"a99\">FAQ<\/h2>\n\n\n\n<div class=\"schema-faq wp-block-yoast-faq-block\"><div class=\"schema-faq-section\" id=\"faq-question-1772666832658\"><strong class=\"schema-faq-question\">Dlaczego nowe or\u0119dzie papie\u017ca Leona XIV jest tak wa\u017cne?<\/strong> <p class=\"schema-faq-answer\">Poniewa\u017c pokazuje nam kierunek, w jakim idzie sztuczna inteligencja oraz jaka powinna by\u0107 nasza odpowied\u017a na te zmiany. To bardzo wa\u017cne i potrzebne or\u0119dzie, poniewa\u017c jest niezwykle aktualne i obfite w liczne przyk\u0142ady z \u017cycia cho\u0107by technologicznego. <\/p> <\/div> <div class=\"schema-faq-section\" id=\"faq-question-1772666958933\"><strong class=\"schema-faq-question\">Jakie s\u0105 3 filary naszych dzia\u0142a\u0144 wobec AI?<\/strong> <p class=\"schema-faq-answer\">To odpowiedzialno\u015b\u0107, edukacja i wsp\u00f3\u0142praca.<\/p> <\/div> <div class=\"schema-faq-section\" id=\"faq-question-1772666998451\"><strong class=\"schema-faq-question\">Jakie jest najwi\u0119ksze zagro\u017cenie dla nas ze strony AI?<\/strong> <p class=\"schema-faq-answer\">Zaw\u0119\u017cenie horyzontu poznawczego, niepewno\u015b\u0107 czy mamy do czynienia z cz\u0142owiekiem czy algorytmem oraz traktowanie sztucznej inteligencji jako przyjaciela<\/p> <\/div> <div class=\"schema-faq-section\" id=\"faq-question-1772667051534\"><strong class=\"schema-faq-question\">Dlaczego cz\u0142owiek jest niezwyk\u0142y?<\/strong> <p class=\"schema-faq-answer\">Bo jest stworzony przez Boga, posiada ,,odblask&#8221; Bo\u017cej mi\u0142o\u015bci, posiada twarz a wi\u0119c swoj\u0105 wyj\u0105tkowo\u015b\u0107 i indywidualno\u015b\u0107.<\/p> <\/div> <div class=\"schema-faq-section\" id=\"faq-question-1772667120958\"><strong class=\"schema-faq-question\">Na kim spoczywa odpowiedzialno\u015b\u0107 za AI?<\/strong> <p class=\"schema-faq-answer\">Na nas wszystkich, bo to my tworzymy ten \u015bwiat.<\/p> <\/div> <\/div>\n\n\n\n<p>Photo by <a href=\"https:\/\/unsplash.com\/@breyrez?utm_source=unsplash&amp;utm_medium=referral&amp;utm_content=creditCopyText\">Brey<\/a> on <a href=\"https:\/\/unsplash.com\/photos\/a-man-shakes-hands-with-a-robot-wOEgbsw72bE?utm_source=unsplash&amp;utm_medium=referral&amp;utm_content=creditCopyText\">Unsplash<\/a><\/p>\n\n\n\n<p><\/p>\n","protected":false},"excerpt":{"rendered":"<p>Opublikowane kilka dni temu, bo 24 stycznia 2026 roku or\u0119dzie Papie\u017ca Leona XIV na LX \u015awiatowy Dzie\u0144 \u015arodk\u00f3w Spo\u0142ecznego Przekazu to dokument szalenie wa\u017cny i&hellip; <\/p>\n","protected":false},"author":1,"featured_media":2325,"comment_status":"open","ping_status":"open","sticky":false,"template":"","format":"standard","meta":{"footnotes":""},"categories":[11],"tags":[390,113,117,386,387,213],"class_list":["post-2323","post","type-post","status-publish","format-standard","has-post-thumbnail","hentry","category-opinie-i-komentarze","tag-algorytmy","tag-komunikacja","tag-kultura","tag-papiez-leon-xiv","tag-sztuczna-inteligencja","tag-wiara"],"yoast_head":"<!-- This site is optimized with the Yoast SEO plugin v27.2 - https:\/\/yoast.com\/product\/yoast-seo-wordpress\/ -->\n<title>Co papie\u017c Leon XIV o uwa\u017ca o sztucznej inteligencji? Om\u00f3wienie or\u0119dzia na LX \u015awiatowy Dzie\u0144 \u015arodk\u00f3w Spo\u0142ecznego Przekazu - Poza Logik\u0105 - wiara i samorozw\u00f3j z dusz\u0105 i cia\u0142em<\/title>\n<meta name=\"description\" content=\"Papie\u017c Leon XIV ostrzega przed nadu\u017cyciami AI i algorytm\u00f3w. O twarzy cz\u0142owieka, relacjach i etyce w \u015bwiecie cyfrowym.\" \/>\n<meta name=\"robots\" content=\"index, follow, max-snippet:-1, max-image-preview:large, max-video-preview:-1\" \/>\n<link rel=\"canonical\" href=\"https:\/\/pozalogika.pl\/index.php\/2026\/01\/27\/papiez-o-sztucznej-inteligencji\/\" \/>\n<meta property=\"og:locale\" content=\"pl_PL\" \/>\n<meta property=\"og:type\" content=\"article\" \/>\n<meta property=\"og:title\" content=\"Co papie\u017c Leon XIV o uwa\u017ca o sztucznej inteligencji? Om\u00f3wienie or\u0119dzia na LX \u015awiatowy Dzie\u0144 \u015arodk\u00f3w Spo\u0142ecznego Przekazu - Poza Logik\u0105 - wiara i samorozw\u00f3j z dusz\u0105 i cia\u0142em\" \/>\n<meta property=\"og:description\" content=\"Papie\u017c Leon XIV ostrzega przed nadu\u017cyciami AI i algorytm\u00f3w. O twarzy cz\u0142owieka, relacjach i etyce w \u015bwiecie cyfrowym.\" \/>\n<meta property=\"og:url\" content=\"https:\/\/pozalogika.pl\/index.php\/2026\/01\/27\/papiez-o-sztucznej-inteligencji\/\" \/>\n<meta property=\"og:site_name\" content=\"Poza Logik\u0105 - wiara i samorozw\u00f3j z dusz\u0105 i cia\u0142em\" \/>\n<meta property=\"article:publisher\" content=\"https:\/\/www.facebook.com\/pozalogika\" \/>\n<meta property=\"article:author\" content=\"facebook.com\/pozalogika\" \/>\n<meta property=\"article:published_time\" content=\"2026-01-27T00:40:02+00:00\" \/>\n<meta property=\"article:modified_time\" content=\"2026-03-30T13:01:46+00:00\" \/>\n<meta property=\"og:image\" content=\"http:\/\/pozalogika.pl\/wp-content\/uploads\/2026\/01\/brey-wOEgbsw72bE-unsplash-edited.jpg\" \/>\n\t<meta property=\"og:image:width\" content=\"2549\" \/>\n\t<meta property=\"og:image:height\" content=\"1699\" \/>\n\t<meta property=\"og:image:type\" content=\"image\/jpeg\" \/>\n<meta name=\"author\" content=\"Dariusz Oko\u0144\" \/>\n<meta name=\"twitter:card\" content=\"summary_large_image\" \/>\n<meta name=\"twitter:label1\" content=\"Napisane przez\" \/>\n\t<meta name=\"twitter:data1\" content=\"Dariusz Oko\u0144\" \/>\n\t<meta name=\"twitter:label2\" content=\"Szacowany czas czytania\" \/>\n\t<meta name=\"twitter:data2\" content=\"9 minut\" \/>\n<script type=\"application\/ld+json\" class=\"yoast-schema-graph\">{\"@context\":\"https:\/\/schema.org\",\"@graph\":[{\"@type\":\"Article\",\"@id\":\"https:\/\/pozalogika.pl\/index.php\/2026\/01\/27\/papiez-o-sztucznej-inteligencji\/#article\",\"isPartOf\":{\"@id\":\"https:\/\/pozalogika.pl\/index.php\/2026\/01\/27\/papiez-o-sztucznej-inteligencji\/\"},\"author\":{\"name\":\"Dariusz Oko\u0144\",\"@id\":\"https:\/\/pozalogika.pl\/#\/schema\/person\/b8d33dd73be10080f4f8319e9733bed1\"},\"headline\":\"Co papie\u017c Leon XIV o uwa\u017ca o sztucznej inteligencji? Om\u00f3wienie or\u0119dzia na LX \u015awiatowy Dzie\u0144 \u015arodk\u00f3w Spo\u0142ecznego Przekazu\",\"datePublished\":\"2026-01-27T00:40:02+00:00\",\"dateModified\":\"2026-03-30T13:01:46+00:00\",\"mainEntityOfPage\":{\"@id\":\"https:\/\/pozalogika.pl\/index.php\/2026\/01\/27\/papiez-o-sztucznej-inteligencji\/\"},\"wordCount\":1738,\"commentCount\":0,\"publisher\":{\"@id\":\"https:\/\/pozalogika.pl\/#organization\"},\"image\":{\"@id\":\"https:\/\/pozalogika.pl\/index.php\/2026\/01\/27\/papiez-o-sztucznej-inteligencji\/#primaryimage\"},\"thumbnailUrl\":\"https:\/\/pozalogika.pl\/wp-content\/uploads\/2026\/01\/brey-wOEgbsw72bE-unsplash-edited.jpg\",\"keywords\":[\"algorytmy\",\"Komunikacja\",\"kultura\",\"papie\u017c Leon XIV\",\"sztuczna inteligencja\",\"Wiara\"],\"articleSection\":[\"Opinie i komentarze\"],\"inLanguage\":\"pl-PL\",\"potentialAction\":[{\"@type\":\"CommentAction\",\"name\":\"Comment\",\"target\":[\"https:\/\/pozalogika.pl\/index.php\/2026\/01\/27\/papiez-o-sztucznej-inteligencji\/#respond\"]}]},{\"@type\":[\"WebPage\",\"FAQPage\"],\"@id\":\"https:\/\/pozalogika.pl\/index.php\/2026\/01\/27\/papiez-o-sztucznej-inteligencji\/\",\"url\":\"https:\/\/pozalogika.pl\/index.php\/2026\/01\/27\/papiez-o-sztucznej-inteligencji\/\",\"name\":\"Co papie\u017c Leon XIV o uwa\u017ca o sztucznej inteligencji? Om\u00f3wienie or\u0119dzia na LX \u015awiatowy Dzie\u0144 \u015arodk\u00f3w Spo\u0142ecznego Przekazu - Poza Logik\u0105 - wiara i samorozw\u00f3j z dusz\u0105 i cia\u0142em\",\"isPartOf\":{\"@id\":\"https:\/\/pozalogika.pl\/#website\"},\"primaryImageOfPage\":{\"@id\":\"https:\/\/pozalogika.pl\/index.php\/2026\/01\/27\/papiez-o-sztucznej-inteligencji\/#primaryimage\"},\"image\":{\"@id\":\"https:\/\/pozalogika.pl\/index.php\/2026\/01\/27\/papiez-o-sztucznej-inteligencji\/#primaryimage\"},\"thumbnailUrl\":\"https:\/\/pozalogika.pl\/wp-content\/uploads\/2026\/01\/brey-wOEgbsw72bE-unsplash-edited.jpg\",\"datePublished\":\"2026-01-27T00:40:02+00:00\",\"dateModified\":\"2026-03-30T13:01:46+00:00\",\"description\":\"Papie\u017c Leon XIV ostrzega przed nadu\u017cyciami AI i algorytm\u00f3w. O twarzy cz\u0142owieka, relacjach i etyce w \u015bwiecie cyfrowym.\",\"breadcrumb\":{\"@id\":\"https:\/\/pozalogika.pl\/index.php\/2026\/01\/27\/papiez-o-sztucznej-inteligencji\/#breadcrumb\"},\"mainEntity\":[{\"@id\":\"https:\/\/pozalogika.pl\/index.php\/2026\/01\/27\/papiez-o-sztucznej-inteligencji\/#faq-question-1772666832658\"},{\"@id\":\"https:\/\/pozalogika.pl\/index.php\/2026\/01\/27\/papiez-o-sztucznej-inteligencji\/#faq-question-1772666958933\"},{\"@id\":\"https:\/\/pozalogika.pl\/index.php\/2026\/01\/27\/papiez-o-sztucznej-inteligencji\/#faq-question-1772666998451\"},{\"@id\":\"https:\/\/pozalogika.pl\/index.php\/2026\/01\/27\/papiez-o-sztucznej-inteligencji\/#faq-question-1772667051534\"},{\"@id\":\"https:\/\/pozalogika.pl\/index.php\/2026\/01\/27\/papiez-o-sztucznej-inteligencji\/#faq-question-1772667120958\"}],\"inLanguage\":\"pl-PL\",\"potentialAction\":[{\"@type\":\"ReadAction\",\"target\":[\"https:\/\/pozalogika.pl\/index.php\/2026\/01\/27\/papiez-o-sztucznej-inteligencji\/\"]}]},{\"@type\":\"ImageObject\",\"inLanguage\":\"pl-PL\",\"@id\":\"https:\/\/pozalogika.pl\/index.php\/2026\/01\/27\/papiez-o-sztucznej-inteligencji\/#primaryimage\",\"url\":\"https:\/\/pozalogika.pl\/wp-content\/uploads\/2026\/01\/brey-wOEgbsw72bE-unsplash-edited.jpg\",\"contentUrl\":\"https:\/\/pozalogika.pl\/wp-content\/uploads\/2026\/01\/brey-wOEgbsw72bE-unsplash-edited.jpg\",\"width\":2549,\"height\":1699,\"caption\":\"M\u0119\u017cczyzna rozmawia z robotem symbolizuj\u0105cym sztuczn\u0105 inteligencj\u0119\"},{\"@type\":\"BreadcrumbList\",\"@id\":\"https:\/\/pozalogika.pl\/index.php\/2026\/01\/27\/papiez-o-sztucznej-inteligencji\/#breadcrumb\",\"itemListElement\":[{\"@type\":\"ListItem\",\"position\":1,\"name\":\"Strona g\u0142\u00f3wna\",\"item\":\"https:\/\/pozalogika.pl\/\"},{\"@type\":\"ListItem\",\"position\":2,\"name\":\"Co papie\u017c Leon XIV o uwa\u017ca o sztucznej inteligencji? Om\u00f3wienie or\u0119dzia na LX \u015awiatowy Dzie\u0144 \u015arodk\u00f3w Spo\u0142ecznego Przekazu\"}]},{\"@type\":\"WebSite\",\"@id\":\"https:\/\/pozalogika.pl\/#website\",\"url\":\"https:\/\/pozalogika.pl\/\",\"name\":\"Poza Logik\u0105\",\"description\":\"\",\"publisher\":{\"@id\":\"https:\/\/pozalogika.pl\/#organization\"},\"potentialAction\":[{\"@type\":\"SearchAction\",\"target\":{\"@type\":\"EntryPoint\",\"urlTemplate\":\"https:\/\/pozalogika.pl\/?s={search_term_string}\"},\"query-input\":{\"@type\":\"PropertyValueSpecification\",\"valueRequired\":true,\"valueName\":\"search_term_string\"}}],\"inLanguage\":\"pl-PL\"},{\"@type\":\"Organization\",\"@id\":\"https:\/\/pozalogika.pl\/#organization\",\"name\":\"Poza Logik\u0105. Chrze\u015bcija\u0144ski coaching i wiara\",\"url\":\"https:\/\/pozalogika.pl\/\",\"logo\":{\"@type\":\"ImageObject\",\"inLanguage\":\"pl-PL\",\"@id\":\"https:\/\/pozalogika.pl\/#\/schema\/logo\/image\/\",\"url\":\"http:\/\/pozalogika.pl\/wp-content\/uploads\/2025\/03\/img_1_1742766565195.jpg\",\"contentUrl\":\"http:\/\/pozalogika.pl\/wp-content\/uploads\/2025\/03\/img_1_1742766565195.jpg\",\"width\":1070,\"height\":1070,\"caption\":\"Poza Logik\u0105. Chrze\u015bcija\u0144ski coaching i wiara\"},\"image\":{\"@id\":\"https:\/\/pozalogika.pl\/#\/schema\/logo\/image\/\"},\"sameAs\":[\"https:\/\/www.facebook.com\/pozalogika\"]},{\"@type\":\"Person\",\"@id\":\"https:\/\/pozalogika.pl\/#\/schema\/person\/b8d33dd73be10080f4f8319e9733bed1\",\"name\":\"Dariusz Oko\u0144\",\"image\":{\"@type\":\"ImageObject\",\"inLanguage\":\"pl-PL\",\"@id\":\"https:\/\/secure.gravatar.com\/avatar\/33edefc54f8320a9493600e3afc4b35fc0cafa03b2709262ba52bc75541ad90c?s=96&d=mm&r=g\",\"url\":\"https:\/\/secure.gravatar.com\/avatar\/33edefc54f8320a9493600e3afc4b35fc0cafa03b2709262ba52bc75541ad90c?s=96&d=mm&r=g\",\"contentUrl\":\"https:\/\/secure.gravatar.com\/avatar\/33edefc54f8320a9493600e3afc4b35fc0cafa03b2709262ba52bc75541ad90c?s=96&d=mm&r=g\",\"caption\":\"Dariusz Oko\u0144\"},\"description\":\"Z wykszta\u0142cenia dziennikarz i trener rozwoju osobistego, w wolnych chwilach pasjonat literatury, biegania, fotografii i samorozwoju. Wierzy w rol\u0119 \u015bwieckich w Ko\u015bciele a tak\u017ce wierzy w holistyczne podej\u015bcie do cz\u0142owieka, to dlatego uczestniczy\u0142 w kursach z zakresu dietetyki oraz treningu personalnego. Aktywno\u015b\u0107 fizyczna to nie wszystko, \u0142\u0105czy j\u0105 wi\u0119c z zainteresowaniem psychologi\u0105 oraz teologi\u0105 katolick\u0105.\",\"sameAs\":[\"http:\/\/pozalogika.pl\",\"facebook.com\/pozalogika\",\"Instagram.com\/pozalogika\"],\"url\":\"https:\/\/pozalogika.pl\/index.php\/author\/darekp\/\"},{\"@type\":\"Question\",\"@id\":\"https:\/\/pozalogika.pl\/index.php\/2026\/01\/27\/papiez-o-sztucznej-inteligencji\/#faq-question-1772666832658\",\"position\":1,\"url\":\"https:\/\/pozalogika.pl\/index.php\/2026\/01\/27\/papiez-o-sztucznej-inteligencji\/#faq-question-1772666832658\",\"name\":\"Dlaczego nowe or\u0119dzie papie\u017ca Leona XIV jest tak wa\u017cne?\",\"answerCount\":1,\"acceptedAnswer\":{\"@type\":\"Answer\",\"text\":\"Poniewa\u017c pokazuje nam kierunek, w jakim idzie sztuczna inteligencja oraz jaka powinna by\u0107 nasza odpowied\u017a na te zmiany. To bardzo wa\u017cne i potrzebne or\u0119dzie, poniewa\u017c jest niezwykle aktualne i obfite w liczne przyk\u0142ady z \u017cycia cho\u0107by technologicznego. \",\"inLanguage\":\"pl-PL\"},\"inLanguage\":\"pl-PL\"},{\"@type\":\"Question\",\"@id\":\"https:\/\/pozalogika.pl\/index.php\/2026\/01\/27\/papiez-o-sztucznej-inteligencji\/#faq-question-1772666958933\",\"position\":2,\"url\":\"https:\/\/pozalogika.pl\/index.php\/2026\/01\/27\/papiez-o-sztucznej-inteligencji\/#faq-question-1772666958933\",\"name\":\"Jakie s\u0105 3 filary naszych dzia\u0142a\u0144 wobec AI?\",\"answerCount\":1,\"acceptedAnswer\":{\"@type\":\"Answer\",\"text\":\"To odpowiedzialno\u015b\u0107, edukacja i wsp\u00f3\u0142praca.\",\"inLanguage\":\"pl-PL\"},\"inLanguage\":\"pl-PL\"},{\"@type\":\"Question\",\"@id\":\"https:\/\/pozalogika.pl\/index.php\/2026\/01\/27\/papiez-o-sztucznej-inteligencji\/#faq-question-1772666998451\",\"position\":3,\"url\":\"https:\/\/pozalogika.pl\/index.php\/2026\/01\/27\/papiez-o-sztucznej-inteligencji\/#faq-question-1772666998451\",\"name\":\"Jakie jest najwi\u0119ksze zagro\u017cenie dla nas ze strony AI?\",\"answerCount\":1,\"acceptedAnswer\":{\"@type\":\"Answer\",\"text\":\"Zaw\u0119\u017cenie horyzontu poznawczego, niepewno\u015b\u0107 czy mamy do czynienia z cz\u0142owiekiem czy algorytmem oraz traktowanie sztucznej inteligencji jako przyjaciela\",\"inLanguage\":\"pl-PL\"},\"inLanguage\":\"pl-PL\"},{\"@type\":\"Question\",\"@id\":\"https:\/\/pozalogika.pl\/index.php\/2026\/01\/27\/papiez-o-sztucznej-inteligencji\/#faq-question-1772667051534\",\"position\":4,\"url\":\"https:\/\/pozalogika.pl\/index.php\/2026\/01\/27\/papiez-o-sztucznej-inteligencji\/#faq-question-1772667051534\",\"name\":\"Dlaczego cz\u0142owiek jest niezwyk\u0142y?\",\"answerCount\":1,\"acceptedAnswer\":{\"@type\":\"Answer\",\"text\":\"Bo jest stworzony przez Boga, posiada ,,odblask\\\" Bo\u017cej mi\u0142o\u015bci, posiada twarz a wi\u0119c swoj\u0105 wyj\u0105tkowo\u015b\u0107 i indywidualno\u015b\u0107.\",\"inLanguage\":\"pl-PL\"},\"inLanguage\":\"pl-PL\"},{\"@type\":\"Question\",\"@id\":\"https:\/\/pozalogika.pl\/index.php\/2026\/01\/27\/papiez-o-sztucznej-inteligencji\/#faq-question-1772667120958\",\"position\":5,\"url\":\"https:\/\/pozalogika.pl\/index.php\/2026\/01\/27\/papiez-o-sztucznej-inteligencji\/#faq-question-1772667120958\",\"name\":\"Na kim spoczywa odpowiedzialno\u015b\u0107 za AI?\",\"answerCount\":1,\"acceptedAnswer\":{\"@type\":\"Answer\",\"text\":\"Na nas wszystkich, bo to my tworzymy ten \u015bwiat.\",\"inLanguage\":\"pl-PL\"},\"inLanguage\":\"pl-PL\"}]}<\/script>\n<!-- \/ Yoast SEO plugin. -->","yoast_head_json":{"title":"Co papie\u017c Leon XIV o uwa\u017ca o sztucznej inteligencji? Om\u00f3wienie or\u0119dzia na LX \u015awiatowy Dzie\u0144 \u015arodk\u00f3w Spo\u0142ecznego Przekazu - Poza Logik\u0105 - wiara i samorozw\u00f3j z dusz\u0105 i cia\u0142em","description":"Papie\u017c Leon XIV ostrzega przed nadu\u017cyciami AI i algorytm\u00f3w. O twarzy cz\u0142owieka, relacjach i etyce w \u015bwiecie cyfrowym.","robots":{"index":"index","follow":"follow","max-snippet":"max-snippet:-1","max-image-preview":"max-image-preview:large","max-video-preview":"max-video-preview:-1"},"canonical":"https:\/\/pozalogika.pl\/index.php\/2026\/01\/27\/papiez-o-sztucznej-inteligencji\/","og_locale":"pl_PL","og_type":"article","og_title":"Co papie\u017c Leon XIV o uwa\u017ca o sztucznej inteligencji? Om\u00f3wienie or\u0119dzia na LX \u015awiatowy Dzie\u0144 \u015arodk\u00f3w Spo\u0142ecznego Przekazu - Poza Logik\u0105 - wiara i samorozw\u00f3j z dusz\u0105 i cia\u0142em","og_description":"Papie\u017c Leon XIV ostrzega przed nadu\u017cyciami AI i algorytm\u00f3w. O twarzy cz\u0142owieka, relacjach i etyce w \u015bwiecie cyfrowym.","og_url":"https:\/\/pozalogika.pl\/index.php\/2026\/01\/27\/papiez-o-sztucznej-inteligencji\/","og_site_name":"Poza Logik\u0105 - wiara i samorozw\u00f3j z dusz\u0105 i cia\u0142em","article_publisher":"https:\/\/www.facebook.com\/pozalogika","article_author":"facebook.com\/pozalogika","article_published_time":"2026-01-27T00:40:02+00:00","article_modified_time":"2026-03-30T13:01:46+00:00","og_image":[{"width":2549,"height":1699,"url":"http:\/\/pozalogika.pl\/wp-content\/uploads\/2026\/01\/brey-wOEgbsw72bE-unsplash-edited.jpg","type":"image\/jpeg"}],"author":"Dariusz Oko\u0144","twitter_card":"summary_large_image","twitter_misc":{"Napisane przez":"Dariusz Oko\u0144","Szacowany czas czytania":"9 minut"},"schema":{"@context":"https:\/\/schema.org","@graph":[{"@type":"Article","@id":"https:\/\/pozalogika.pl\/index.php\/2026\/01\/27\/papiez-o-sztucznej-inteligencji\/#article","isPartOf":{"@id":"https:\/\/pozalogika.pl\/index.php\/2026\/01\/27\/papiez-o-sztucznej-inteligencji\/"},"author":{"name":"Dariusz Oko\u0144","@id":"https:\/\/pozalogika.pl\/#\/schema\/person\/b8d33dd73be10080f4f8319e9733bed1"},"headline":"Co papie\u017c Leon XIV o uwa\u017ca o sztucznej inteligencji? Om\u00f3wienie or\u0119dzia na LX \u015awiatowy Dzie\u0144 \u015arodk\u00f3w Spo\u0142ecznego Przekazu","datePublished":"2026-01-27T00:40:02+00:00","dateModified":"2026-03-30T13:01:46+00:00","mainEntityOfPage":{"@id":"https:\/\/pozalogika.pl\/index.php\/2026\/01\/27\/papiez-o-sztucznej-inteligencji\/"},"wordCount":1738,"commentCount":0,"publisher":{"@id":"https:\/\/pozalogika.pl\/#organization"},"image":{"@id":"https:\/\/pozalogika.pl\/index.php\/2026\/01\/27\/papiez-o-sztucznej-inteligencji\/#primaryimage"},"thumbnailUrl":"https:\/\/pozalogika.pl\/wp-content\/uploads\/2026\/01\/brey-wOEgbsw72bE-unsplash-edited.jpg","keywords":["algorytmy","Komunikacja","kultura","papie\u017c Leon XIV","sztuczna inteligencja","Wiara"],"articleSection":["Opinie i komentarze"],"inLanguage":"pl-PL","potentialAction":[{"@type":"CommentAction","name":"Comment","target":["https:\/\/pozalogika.pl\/index.php\/2026\/01\/27\/papiez-o-sztucznej-inteligencji\/#respond"]}]},{"@type":["WebPage","FAQPage"],"@id":"https:\/\/pozalogika.pl\/index.php\/2026\/01\/27\/papiez-o-sztucznej-inteligencji\/","url":"https:\/\/pozalogika.pl\/index.php\/2026\/01\/27\/papiez-o-sztucznej-inteligencji\/","name":"Co papie\u017c Leon XIV o uwa\u017ca o sztucznej inteligencji? Om\u00f3wienie or\u0119dzia na LX \u015awiatowy Dzie\u0144 \u015arodk\u00f3w Spo\u0142ecznego Przekazu - Poza Logik\u0105 - wiara i samorozw\u00f3j z dusz\u0105 i cia\u0142em","isPartOf":{"@id":"https:\/\/pozalogika.pl\/#website"},"primaryImageOfPage":{"@id":"https:\/\/pozalogika.pl\/index.php\/2026\/01\/27\/papiez-o-sztucznej-inteligencji\/#primaryimage"},"image":{"@id":"https:\/\/pozalogika.pl\/index.php\/2026\/01\/27\/papiez-o-sztucznej-inteligencji\/#primaryimage"},"thumbnailUrl":"https:\/\/pozalogika.pl\/wp-content\/uploads\/2026\/01\/brey-wOEgbsw72bE-unsplash-edited.jpg","datePublished":"2026-01-27T00:40:02+00:00","dateModified":"2026-03-30T13:01:46+00:00","description":"Papie\u017c Leon XIV ostrzega przed nadu\u017cyciami AI i algorytm\u00f3w. O twarzy cz\u0142owieka, relacjach i etyce w \u015bwiecie cyfrowym.","breadcrumb":{"@id":"https:\/\/pozalogika.pl\/index.php\/2026\/01\/27\/papiez-o-sztucznej-inteligencji\/#breadcrumb"},"mainEntity":[{"@id":"https:\/\/pozalogika.pl\/index.php\/2026\/01\/27\/papiez-o-sztucznej-inteligencji\/#faq-question-1772666832658"},{"@id":"https:\/\/pozalogika.pl\/index.php\/2026\/01\/27\/papiez-o-sztucznej-inteligencji\/#faq-question-1772666958933"},{"@id":"https:\/\/pozalogika.pl\/index.php\/2026\/01\/27\/papiez-o-sztucznej-inteligencji\/#faq-question-1772666998451"},{"@id":"https:\/\/pozalogika.pl\/index.php\/2026\/01\/27\/papiez-o-sztucznej-inteligencji\/#faq-question-1772667051534"},{"@id":"https:\/\/pozalogika.pl\/index.php\/2026\/01\/27\/papiez-o-sztucznej-inteligencji\/#faq-question-1772667120958"}],"inLanguage":"pl-PL","potentialAction":[{"@type":"ReadAction","target":["https:\/\/pozalogika.pl\/index.php\/2026\/01\/27\/papiez-o-sztucznej-inteligencji\/"]}]},{"@type":"ImageObject","inLanguage":"pl-PL","@id":"https:\/\/pozalogika.pl\/index.php\/2026\/01\/27\/papiez-o-sztucznej-inteligencji\/#primaryimage","url":"https:\/\/pozalogika.pl\/wp-content\/uploads\/2026\/01\/brey-wOEgbsw72bE-unsplash-edited.jpg","contentUrl":"https:\/\/pozalogika.pl\/wp-content\/uploads\/2026\/01\/brey-wOEgbsw72bE-unsplash-edited.jpg","width":2549,"height":1699,"caption":"M\u0119\u017cczyzna rozmawia z robotem symbolizuj\u0105cym sztuczn\u0105 inteligencj\u0119"},{"@type":"BreadcrumbList","@id":"https:\/\/pozalogika.pl\/index.php\/2026\/01\/27\/papiez-o-sztucznej-inteligencji\/#breadcrumb","itemListElement":[{"@type":"ListItem","position":1,"name":"Strona g\u0142\u00f3wna","item":"https:\/\/pozalogika.pl\/"},{"@type":"ListItem","position":2,"name":"Co papie\u017c Leon XIV o uwa\u017ca o sztucznej inteligencji? Om\u00f3wienie or\u0119dzia na LX \u015awiatowy Dzie\u0144 \u015arodk\u00f3w Spo\u0142ecznego Przekazu"}]},{"@type":"WebSite","@id":"https:\/\/pozalogika.pl\/#website","url":"https:\/\/pozalogika.pl\/","name":"Poza Logik\u0105","description":"","publisher":{"@id":"https:\/\/pozalogika.pl\/#organization"},"potentialAction":[{"@type":"SearchAction","target":{"@type":"EntryPoint","urlTemplate":"https:\/\/pozalogika.pl\/?s={search_term_string}"},"query-input":{"@type":"PropertyValueSpecification","valueRequired":true,"valueName":"search_term_string"}}],"inLanguage":"pl-PL"},{"@type":"Organization","@id":"https:\/\/pozalogika.pl\/#organization","name":"Poza Logik\u0105. Chrze\u015bcija\u0144ski coaching i wiara","url":"https:\/\/pozalogika.pl\/","logo":{"@type":"ImageObject","inLanguage":"pl-PL","@id":"https:\/\/pozalogika.pl\/#\/schema\/logo\/image\/","url":"http:\/\/pozalogika.pl\/wp-content\/uploads\/2025\/03\/img_1_1742766565195.jpg","contentUrl":"http:\/\/pozalogika.pl\/wp-content\/uploads\/2025\/03\/img_1_1742766565195.jpg","width":1070,"height":1070,"caption":"Poza Logik\u0105. Chrze\u015bcija\u0144ski coaching i wiara"},"image":{"@id":"https:\/\/pozalogika.pl\/#\/schema\/logo\/image\/"},"sameAs":["https:\/\/www.facebook.com\/pozalogika"]},{"@type":"Person","@id":"https:\/\/pozalogika.pl\/#\/schema\/person\/b8d33dd73be10080f4f8319e9733bed1","name":"Dariusz Oko\u0144","image":{"@type":"ImageObject","inLanguage":"pl-PL","@id":"https:\/\/secure.gravatar.com\/avatar\/33edefc54f8320a9493600e3afc4b35fc0cafa03b2709262ba52bc75541ad90c?s=96&d=mm&r=g","url":"https:\/\/secure.gravatar.com\/avatar\/33edefc54f8320a9493600e3afc4b35fc0cafa03b2709262ba52bc75541ad90c?s=96&d=mm&r=g","contentUrl":"https:\/\/secure.gravatar.com\/avatar\/33edefc54f8320a9493600e3afc4b35fc0cafa03b2709262ba52bc75541ad90c?s=96&d=mm&r=g","caption":"Dariusz Oko\u0144"},"description":"Z wykszta\u0142cenia dziennikarz i trener rozwoju osobistego, w wolnych chwilach pasjonat literatury, biegania, fotografii i samorozwoju. Wierzy w rol\u0119 \u015bwieckich w Ko\u015bciele a tak\u017ce wierzy w holistyczne podej\u015bcie do cz\u0142owieka, to dlatego uczestniczy\u0142 w kursach z zakresu dietetyki oraz treningu personalnego. Aktywno\u015b\u0107 fizyczna to nie wszystko, \u0142\u0105czy j\u0105 wi\u0119c z zainteresowaniem psychologi\u0105 oraz teologi\u0105 katolick\u0105.","sameAs":["http:\/\/pozalogika.pl","facebook.com\/pozalogika","Instagram.com\/pozalogika"],"url":"https:\/\/pozalogika.pl\/index.php\/author\/darekp\/"},{"@type":"Question","@id":"https:\/\/pozalogika.pl\/index.php\/2026\/01\/27\/papiez-o-sztucznej-inteligencji\/#faq-question-1772666832658","position":1,"url":"https:\/\/pozalogika.pl\/index.php\/2026\/01\/27\/papiez-o-sztucznej-inteligencji\/#faq-question-1772666832658","name":"Dlaczego nowe or\u0119dzie papie\u017ca Leona XIV jest tak wa\u017cne?","answerCount":1,"acceptedAnswer":{"@type":"Answer","text":"Poniewa\u017c pokazuje nam kierunek, w jakim idzie sztuczna inteligencja oraz jaka powinna by\u0107 nasza odpowied\u017a na te zmiany. To bardzo wa\u017cne i potrzebne or\u0119dzie, poniewa\u017c jest niezwykle aktualne i obfite w liczne przyk\u0142ady z \u017cycia cho\u0107by technologicznego. ","inLanguage":"pl-PL"},"inLanguage":"pl-PL"},{"@type":"Question","@id":"https:\/\/pozalogika.pl\/index.php\/2026\/01\/27\/papiez-o-sztucznej-inteligencji\/#faq-question-1772666958933","position":2,"url":"https:\/\/pozalogika.pl\/index.php\/2026\/01\/27\/papiez-o-sztucznej-inteligencji\/#faq-question-1772666958933","name":"Jakie s\u0105 3 filary naszych dzia\u0142a\u0144 wobec AI?","answerCount":1,"acceptedAnswer":{"@type":"Answer","text":"To odpowiedzialno\u015b\u0107, edukacja i wsp\u00f3\u0142praca.","inLanguage":"pl-PL"},"inLanguage":"pl-PL"},{"@type":"Question","@id":"https:\/\/pozalogika.pl\/index.php\/2026\/01\/27\/papiez-o-sztucznej-inteligencji\/#faq-question-1772666998451","position":3,"url":"https:\/\/pozalogika.pl\/index.php\/2026\/01\/27\/papiez-o-sztucznej-inteligencji\/#faq-question-1772666998451","name":"Jakie jest najwi\u0119ksze zagro\u017cenie dla nas ze strony AI?","answerCount":1,"acceptedAnswer":{"@type":"Answer","text":"Zaw\u0119\u017cenie horyzontu poznawczego, niepewno\u015b\u0107 czy mamy do czynienia z cz\u0142owiekiem czy algorytmem oraz traktowanie sztucznej inteligencji jako przyjaciela","inLanguage":"pl-PL"},"inLanguage":"pl-PL"},{"@type":"Question","@id":"https:\/\/pozalogika.pl\/index.php\/2026\/01\/27\/papiez-o-sztucznej-inteligencji\/#faq-question-1772667051534","position":4,"url":"https:\/\/pozalogika.pl\/index.php\/2026\/01\/27\/papiez-o-sztucznej-inteligencji\/#faq-question-1772667051534","name":"Dlaczego cz\u0142owiek jest niezwyk\u0142y?","answerCount":1,"acceptedAnswer":{"@type":"Answer","text":"Bo jest stworzony przez Boga, posiada ,,odblask\" Bo\u017cej mi\u0142o\u015bci, posiada twarz a wi\u0119c swoj\u0105 wyj\u0105tkowo\u015b\u0107 i indywidualno\u015b\u0107.","inLanguage":"pl-PL"},"inLanguage":"pl-PL"},{"@type":"Question","@id":"https:\/\/pozalogika.pl\/index.php\/2026\/01\/27\/papiez-o-sztucznej-inteligencji\/#faq-question-1772667120958","position":5,"url":"https:\/\/pozalogika.pl\/index.php\/2026\/01\/27\/papiez-o-sztucznej-inteligencji\/#faq-question-1772667120958","name":"Na kim spoczywa odpowiedzialno\u015b\u0107 za AI?","answerCount":1,"acceptedAnswer":{"@type":"Answer","text":"Na nas wszystkich, bo to my tworzymy ten \u015bwiat.","inLanguage":"pl-PL"},"inLanguage":"pl-PL"}]}},"_links":{"self":[{"href":"https:\/\/pozalogika.pl\/index.php\/wp-json\/wp\/v2\/posts\/2323","targetHints":{"allow":["GET"]}}],"collection":[{"href":"https:\/\/pozalogika.pl\/index.php\/wp-json\/wp\/v2\/posts"}],"about":[{"href":"https:\/\/pozalogika.pl\/index.php\/wp-json\/wp\/v2\/types\/post"}],"author":[{"embeddable":true,"href":"https:\/\/pozalogika.pl\/index.php\/wp-json\/wp\/v2\/users\/1"}],"replies":[{"embeddable":true,"href":"https:\/\/pozalogika.pl\/index.php\/wp-json\/wp\/v2\/comments?post=2323"}],"version-history":[{"count":3,"href":"https:\/\/pozalogika.pl\/index.php\/wp-json\/wp\/v2\/posts\/2323\/revisions"}],"predecessor-version":[{"id":2663,"href":"https:\/\/pozalogika.pl\/index.php\/wp-json\/wp\/v2\/posts\/2323\/revisions\/2663"}],"wp:featuredmedia":[{"embeddable":true,"href":"https:\/\/pozalogika.pl\/index.php\/wp-json\/wp\/v2\/media\/2325"}],"wp:attachment":[{"href":"https:\/\/pozalogika.pl\/index.php\/wp-json\/wp\/v2\/media?parent=2323"}],"wp:term":[{"taxonomy":"category","embeddable":true,"href":"https:\/\/pozalogika.pl\/index.php\/wp-json\/wp\/v2\/categories?post=2323"},{"taxonomy":"post_tag","embeddable":true,"href":"https:\/\/pozalogika.pl\/index.php\/wp-json\/wp\/v2\/tags?post=2323"}],"curies":[{"name":"wp","href":"https:\/\/api.w.org\/{rel}","templated":true}]}}