{"id":933,"date":"2019-08-31T00:00:41","date_gmt":"2019-08-30T22:00:41","guid":{"rendered":"http:\/\/pozalogika.pl\/?p=933"},"modified":"2026-04-08T00:07:13","modified_gmt":"2026-04-08T00:07:13","slug":"miedzy-bolem-a-odwaga-pomiedzy-zyciem","status":"publish","type":"post","link":"https:\/\/pozalogika.pl\/index.php\/2019\/08\/31\/miedzy-bolem-a-odwaga-pomiedzy-zyciem\/","title":{"rendered":"Refleksje o pocz\u0105tku \u017ca\u0142oby. Mi\u0119dzy b\u00f3lem a odwag\u0105, pomi\u0119dzy \u017cyciem"},"content":{"rendered":"<p><img loading=\"lazy\" decoding=\"async\" class=\"aligncenter\" src=\"https:\/\/images.pexels.com\/photos\/2174618\/pexels-photo-2174618.jpeg?auto=compress&amp;cs=tinysrgb&amp;dpr=2&amp;h=650&amp;w=940\" alt=\"\u017ba\u0142oba. Czarno-bia\u0142e zdj\u0119cie, kobiet idzie przez pla\u017c\u0119 z kijem w d\u0142oni, robi w piasku \u015blad.\" width=\"1880\" height=\"1254\" \/><\/p>\n<p><span style=\"font-size: 20px; font-family: book antiqua, palatino, serif;\"><strong>To by\u0142 strasznie trudny okres, to by\u0142 czas troch\u0119 l\u017cejszy ni\u017c wiele z przesz\u0142o\u015bci, cho\u0107 jednak powi\u0105zany w pewien spos\u00f3b z tymi minionymi. Zap\u0119tla\u0142em kilka rockowych ballad, serce uspokaja\u0142o si\u0119 tylko na chwil\u0119.<\/strong><\/span><\/p>\n<p><span style=\"font-size: 20px; font-family: book antiqua, palatino, serif;\"><!--more--><\/span><\/p>\n<p><span style=\"font-size: 20px; font-family: book antiqua, palatino, serif;\">Doszed\u0142em do wniosku, \u017ce wszyscy b\u0142\u0105dzimy, cho\u0107 o tym nie wiemy. \u017be przybieramy maski, cho\u0107 nie musimy ich nosi\u0107. W poszukiwaniu duszy przechodzimy przez piek\u0142o. Co\u015b wewn\u0105trz nas poddusza zmys\u0142y. To drugi cz\u0142owiek. <\/span><\/p>\n<p><span style=\"font-size: 20px; font-family: book antiqua, palatino, serif;\">Jeste\u015bmy anio\u0142ami, kt\u00f3rym kto\u015b kaza\u0142 chodzi\u0107 po brudnej ziemi. Brudni \u017cyciem wszyscy b\u0142\u0105dzimy, cho\u0107 o tym nie wiemy. Ci\u0105gle staramy si\u0119 odgrywa\u0107 kt\u00f3r\u0105\u015b z przypisanych r\u00f3l &#8220;bo tak robi\u0105 ludzie w sytuacji jak ta&#8221;, cho\u0107 w rzeczywisto\u015bci niczego nie wiemy. Bia\u0142a anielska szata przecieka b\u0142otem i krwi\u0105 poranionych st\u00f3p. Dopiero wtedy wiesz, czym jest: \u015bwiat, cz\u0142owiek i \u017cycie. Jest ju\u017c za p\u00f3\u017ano, bram do Raju pilnuj\u0105 Cherubini, Trony i Panowania, Archanio\u0142owie w l\u015bni\u0105cobia\u0142ych zbrojach. <\/span><\/p>\n<p><span style=\"font-size: 20px; font-family: book antiqua, palatino, serif;\">Nie ma dla Ciebie miejsca, dop\u00f3ki si\u0119 nie oczy\u015bcisz. Jeste\u015b cz\u0142owiekiem, jeste\u015b wi\u0119c brudny \u017cyciem. Mog\u0142e\u015b trwa\u0107 w niewiedzy. Jeste\u015b brudny \u017cyciem.<\/span><\/p>\n<h2 align=\"CENTER\"><span style=\"font-size: 20px; font-family: book antiqua, palatino, serif;\">* * *<\/span><\/h2>\n<p align=\"LEFT\"><span style=\"font-size: 20px; font-family: book antiqua, palatino, serif;\">Psuj\u0105 wszystkie autorytety, populi\u015bci. \u0141ajdacz\u0105 si\u0119 z naszymi pieni\u0119dzmi. Jeste\u015bmy bezsilni w tej polsko-polskiej wojnie. Tworz\u0105 w\u0142asn\u0105 wersj\u0119 historii, w\u0142asne pa\u0144stwo, a finalnie razem chlej\u0105 w\u00f3dk\u0119, \u015bmiej\u0105c si\u0119 z tych maluczkich. Idzie kres tego \u015bwiata.<\/span><\/p>\n<h2 align=\"CENTER\"><span style=\"font-size: 20px; font-family: book antiqua, palatino, serif;\">* * *<\/span><\/h2>\n<p><span style=\"font-size: 20px; font-family: book antiqua, palatino, serif;\">Ale ten okres, ten by\u0142 strasznie trudny, to by\u0142 czas troch\u0119 l\u017cejszy ni\u017c wiele z przesz\u0142o\u015bci, cho\u0107 jednak powi\u0105zany w pewien spos\u00f3b z tymi minionymi. Co\u015b we mnie zgas\u0142o i ju\u017c si\u0119 nie tli. Teraz nie mam si\u0119 za kim schowa\u0107, na kogo zrzuci\u0107 win\u0119, kogo obarczy\u0107. Id\u0119 teraz z ods\u0142oni\u0119t\u0105 piersi\u0105, skundlony bezpa\u0144ski pies, kt\u00f3ry jest s\u0142aby, ale kt\u00f3ry pami\u0119ta, \u017ce pochodzi od wilka. Jestem silniejszy, cho\u0107 nie musz\u0119 a zarazem musz\u0119.<\/span><\/p>\n<p><span style=\"font-size: 20px; font-family: book antiqua, palatino, serif;\">Problem zaczyna si\u0119 od barw, od odcieni czerni i szaro\u015bci, br\u0105z jest ekstrawagancj\u0105, biel to marzenie od\u0142o\u017cone w czasie.<\/span><\/p>\n<p><span style=\"font-size: 20px; font-family: book antiqua, palatino, serif;\">To by\u0142 straszny czas, ale co\u015b jednak stopnia\u0142o, co\u015b uspokoi\u0142o si\u0119. Pami\u0119\u0107 wr\u00f3ci\u0142a na w\u0142a\u015bciwe tory, przesz\u0142o\u015bci ju\u017c definitywnie nie ma, nie istnieje, nie jest warta powracania do niej.<\/span><\/p>\n<p><span style=\"font-size: 20px; font-family: book antiqua, palatino, serif;\">Przygas\u0142em, wi\u0119cej obserwuj\u0119 ni\u017c m\u00f3wi\u0119. Jestem tak bardzo TU ale i POZA.<\/span><\/p>\n<p align=\"LEFT\"><span style=\"font-size: 20px; font-family: book antiqua, palatino, serif;\">\u017bycie to b\u0142ysk. \u015amier\u0107 to tylko iskra.<\/span><\/p>\n<p align=\"LEFT\"><span style=\"font-size: 20px; font-family: book antiqua, palatino, serif;\">Wzruszam si\u0119, gdy wszyscy si\u0119 ciesz\u0105.<\/span><\/p>\n<p align=\"LEFT\"><span style=\"font-size: 20px; font-family: book antiqua, palatino, serif;\">Jestem niewzruszony, gdy kto\u015b si\u0119 smuci.<\/span><\/p>\n<p align=\"LEFT\"><span style=\"font-size: 20px; font-family: book antiqua, palatino, serif;\">\u015amiej\u0119 si\u0119 w chwilach powagi, powa\u017cniej\u0119, gdy trzeba si\u0119 \u015bmia\u0107.<\/span><\/p>\n<p align=\"LEFT\"><span style=\"font-size: 20px; font-family: book antiqua, palatino, serif;\">Mam pokr\u0119cony umys\u0142.<\/span><\/p>\n<p align=\"LEFT\"><span style=\"font-size: 20px; font-family: book antiqua, palatino, serif;\">Jestem cz\u0142owiekiem XXI wieku.<\/span><\/p>\n<h2 align=\"CENTER\"><span style=\"font-size: 20px; font-family: book antiqua, palatino, serif;\">* * *<\/span><\/h2>\n<p><span style=\"font-size: 20px; font-family: book antiqua, palatino, serif;\">\u017byjesz chwil\u0119, okazuje si\u0119, \u017ce to jedynie b\u0142ysk. \u017be to mo\u017ce boli, ale to tylko chwila. \u017bycie jest potwornie banalne, ono tylko w poezji wygl\u0105da na wznios\u0142e. Wyszed\u0142e\u015b z domu i ju\u017c. By\u0142o \u015bwiat\u0142o i nagle nie ma niczego. Prze\u017cy\u0142em kilka wypadk\u00f3w, moment uderzenia jest natychmiastowy, nag\u0142a ciemno\u015b\u0107 i znowu jestem. I znowu ja. Ka\u017cda okazja spotkania si\u0119 z \u017cyciem tu\u017c po mu\u015bni\u0119ciu zimnych ust \u015bmierci sprawia\u0142a, \u017ce stawa\u0142em si\u0119 silniejszy, inny, umocniony, coraz bardziej otwiera\u0142em si\u0119 na drugiego cz\u0142owieka.<\/span><\/p>\n<p><span style=\"font-size: 20px; font-family: book antiqua, palatino, serif;\">Kto\u015b m\u0105dry powiedzia\u0142, \u017ce kiedy mi\u0142o\u015b\u0107 jest bo\u017ckiem, staje si\u0119 demonem.<\/span><\/p>\n<p><span style=\"font-size: 20px; font-family: book antiqua, palatino, serif;\">Kto\u015b m\u0105dry powiedzia\u0142, \u017ce b\u0119dziemy s\u0105dzeni z mi\u0142o\u015bci.<\/span><\/p>\n<p><span style=\"font-size: 20px; font-family: book antiqua, palatino, serif;\">Kto\u015b m\u0105dry powiedzia\u0142, \u017ce jeste\u015b tyle wart, ile dajesz od siebie.<\/span><\/p>\n<p><span style=\"font-size: 20px; font-family: book antiqua, palatino, serif;\">Kto\u015b m\u0105dry powinien przewidzie\u0107, \u017ce \u017cycie to tak niewielka chwila, \u017ce z pozycji Kosmosu wr\u0119cz niedostrzegalny jest jej blask.<\/span><\/p>\n<h2 align=\"CENTER\"><span style=\"font-size: 20px; font-family: book antiqua, palatino, serif;\">* * *<\/span><\/h2>\n<p align=\"LEFT\"><span style=\"font-size: 20px; font-family: book antiqua, palatino, serif;\">Ale ten okres, ten by\u0142 strasznie trudny, to by\u0142 czas troch\u0119 l\u017cejszy ni\u017c wiele z przesz\u0142o\u015bci, cho\u0107 jednak powi\u0105zany w pewien spos\u00f3b z tymi minionymi. Da\u0142em my\u015blom swobod\u0119 dzia\u0142ania, da\u0142em cia\u0142u pe\u0142ni\u0119 jego potrzeb. Truch\u0142a z\u0142ych my\u015bli atakowa\u0142y ka\u017cd\u0105 zdrow\u0105 kom\u00f3rk\u0119 umys\u0142u, bola\u0142y plecy, \u015bciska\u0142o w \u017co\u0142\u0105dku, szybko si\u0119 irytowa\u0142em i denerwowa\u0142em. By\u0142em o krok od zgorzknienia.<\/span><\/p>\n<p align=\"LEFT\"><span style=\"font-size: 20px; font-family: book antiqua, palatino, serif;\">A potem \u017cycie powr\u00f3ci\u0142o do normy.<\/span><\/p>\n<p align=\"LEFT\"><span style=\"font-size: 20px; font-family: book antiqua, palatino, serif;\">I tylko czer\u0144, szaro\u015b\u0107 i odcienie granatu sprawia\u0142y, \u017ce serce podpowiada\u0142o, \u017ce by\u0142o przecie\u017c jakie\u015b inne \u017bycie. I \u017ce tego \u017cycia ju\u017c nie ma, zosta\u0142o pogrzebane.<\/span><\/p>\n<p align=\"LEFT\"><span style=\"font-size: 20px; font-family: book antiqua, palatino, serif;\">Moje \u017cycie te\u017c si\u0119 zmieni\u0142o, by\u0142em jak szczeni\u0119, kt\u00f3re k\u0142adzie si\u0119 przed wilkiem z ods\u0142oni\u0119t\u0105 klatk\u0105 piersiow\u0105 i opuszczonymi \u0142apami, \u017cebrze o lito\u015b\u0107, cho\u0107 wystawia na pr\u00f3b\u0119 nieos\u0142oni\u0119te, nagie serce. Moje \u017cycie te\u017c si\u0119 zmieni\u0142o, id\u0105c z nag\u0105 piersi\u0105, zgarbiony, s\u0142aby a mimo to z podniesion\u0105 g\u0142ow\u0105 poczu\u0142em, \u017ce jestem silniejszy, mocny, \u017ce mam w\u0142adz\u0119 nad sob\u0105 i mam co\u015b bezcennego: \u017cycie.<\/span><\/p>\n<h2 align=\"CENTER\"><span style=\"font-size: 20px; font-family: book antiqua, palatino, serif;\">* * *<\/span><\/h2>\n<p><span style=\"font-size: 20px; font-family: book antiqua, palatino, serif;\">\u017bycie si\u0119 ko\u0144czy. P\u0142on\u0105 lasy, topniej\u0105 lodowce, s\u0142o\u0144ce jest ostrzejsze, klimat si\u0119 rozregulowa\u0142. Temperatura na \u015bwiecie historycznie si\u0119 podnosi, w tym upale bez problemu mog\u0105 rozwin\u0105\u0107 si\u0119 tropikalne choroby, na kt\u00f3re Europa nie jest przygotowana. <\/span><\/p>\n<p><span style=\"font-size: 20px; font-family: book antiqua, palatino, serif;\">Wymrzemy i to kwestia czasu. I nie jest wcale mi szkoda g\u0142upiej ludzko\u015bci, beznadziejnie zidiocia\u0142ych populistycznych polityk\u00f3w, wszelkich lobby i tak dalej. Wyko\u0144czymy si\u0119, wydusimy, sp\u0142oniemy i stopimy. Matki i ojcowie niech pomy\u015bl\u0105 o swoich dzieciach, kt\u00f3re umr\u0105 w m\u0119czarniach, dzieci niech pomy\u015bl\u0105 o matkach i ojcach, m\u0119\u017cowie o \u017conach, \u017cony o m\u0119\u017cach. Zabijacie ich swoimi wyborami i czynami, swoim poparciem i wsparciem. Radosnego ko\u0144ca \u015bwiata i weso\u0142ego braku przysz\u0142o\u015bci.<\/span><\/p>\n<h2 align=\"CENTER\"><span style=\"font-size: 20px; font-family: book antiqua, palatino, serif;\">* * *<\/span><\/h2>\n<p align=\"LEFT\"><span style=\"font-size: 20px; font-family: book antiqua, palatino, serif;\">To by\u0142 strasznie trudny okres, to by\u0142 czas troch\u0119 l\u017cejszy ni\u017c wiele z przesz\u0142o\u015bci, cho\u0107 jednak powi\u0105zany w pewien spos\u00f3b z tymi minionymi. Zap\u0119tla\u0142em kilka rockowych ballad, serce uspokaja\u0142o si\u0119 tylko na chwil\u0119.<\/span><\/p>\n<p align=\"LEFT\"><span style=\"font-size: 20px; font-family: book antiqua, palatino, serif;\">Finalnie przysz\u0142o do mnie oczyszczenie.<\/span><\/p>\n<p align=\"LEFT\"><span style=\"font-size: 20px; font-family: book antiqua, palatino, serif;\">Pozwoli\u0142em pracowa\u0107 swojemu cia\u0142u, umys\u0142owi, my\u015blom i uczuciom. Da\u0142em im woln\u0105 przestrze\u0144 do bycia: nie do wymuszania emocji, do wchodzenia w kulturowe ramy, nakazy i zwyczaje ,,bo tak trzeba\u201d.<\/span><\/p>\n<p align=\"LEFT\"><span style=\"font-size: 20px; font-family: book antiqua, palatino, serif;\">Cia\u0142o wie, czego mu potrzeba, ono ws\u0142uchuje si\u0119 w rytm serca, w oddech, w natur\u0119. Cz\u0142owiek wie, czego mu potrzeba, gdy nie s\u0142ucha szumu medi\u00f3w, ale swojego g\u0142osu. Potrafimy si\u0119 sami uzdrawia\u0107 i sami pociesza\u0107 nawzajem.<\/span><\/p>\n<p align=\"LEFT\"><span style=\"font-size: 20px; font-family: book antiqua, palatino, serif;\">Nag\u0105 pier\u015b okrywa czer\u0144. To ona m\u00f3wi, \u017ce by\u0142o inne \u017bycie, kt\u00f3re czas pogrzeba\u0142.<\/span><\/p>\n<p align=\"LEFT\"><span style=\"font-size: 20px; font-family: book antiqua, palatino, serif;\">To by\u0142 trudny czas &#8211; czas rozpocz\u0119cia \u017ca\u0142oby.<\/span><\/p>\n<p align=\"LEFT\"><span style=\"font-size: 20px;\"><strong>Zobacz tak\u017ce:<\/strong> <a href=\"_wp_link_placeholder\" data-wplink-edit=\"true\">Modlitwa o nieodnalezienie drogi \u017cyciowej<\/a><\/span><\/p>\n<p align=\"LEFT\">zdj\u0119cie na licencji CC0 pobra\u0142em z: <a href=\"https:\/\/www.pexels.com\/photo\/woman-in-black-cloak-with-fishing-pole-standing-in-beach-2174618\/\">www.pexels.com<\/a><\/p>\n","protected":false},"excerpt":{"rendered":"<p>To by\u0142 strasznie trudny okres, to by\u0142 czas troch\u0119 l\u017cejszy ni\u017c wiele z przesz\u0142o\u015bci, cho\u0107 jednak powi\u0105zany w pewien spos\u00f3b z tymi minionymi. Zap\u0119tla\u0142em kilka&hellip; <\/p>\n","protected":false},"author":5,"featured_media":1915,"comment_status":"open","ping_status":"open","sticky":false,"template":"","format":"standard","meta":{"footnotes":""},"categories":[7,11,19],"tags":[80,117,191,586],"class_list":["post-933","post","type-post","status-publish","format-standard","has-post-thumbnail","hentry","category-motywacja-i-rozwoj","category-opinie-i-komentarze","category-spoleczenstwo","tag-esej-2","tag-kultura","tag-sztuka","tag-zaloba"],"yoast_head":"<!-- This site is optimized with the Yoast SEO plugin v27.2 - https:\/\/yoast.com\/product\/yoast-seo-wordpress\/ -->\n<title>Refleksje o pocz\u0105tku \u017ca\u0142oby. Mi\u0119dzy b\u00f3lem a odwag\u0105, pomi\u0119dzy \u017cyciem - Poza Logik\u0105 - wiara i samorozw\u00f3j z dusz\u0105 i cia\u0142em<\/title>\n<meta name=\"description\" content=\"\u017ba\u0142oba jest dla cz\u0142owieka trudnym czasem, ka\u017cdemu z nas towarzyszy na jakim\u015b etapie \u017cycia. Kilka refleksji o mojej \u017ca\u0142obie.\" \/>\n<meta name=\"robots\" content=\"index, follow, max-snippet:-1, max-image-preview:large, max-video-preview:-1\" \/>\n<link rel=\"canonical\" href=\"https:\/\/pozalogika.pl\/index.php\/2019\/08\/31\/miedzy-bolem-a-odwaga-pomiedzy-zyciem\/\" \/>\n<meta property=\"og:locale\" content=\"pl_PL\" \/>\n<meta property=\"og:type\" content=\"article\" \/>\n<meta property=\"og:title\" content=\"Refleksje o pocz\u0105tku \u017ca\u0142oby. Mi\u0119dzy b\u00f3lem a odwag\u0105, pomi\u0119dzy \u017cyciem - Poza Logik\u0105 - wiara i samorozw\u00f3j z dusz\u0105 i cia\u0142em\" \/>\n<meta property=\"og:description\" content=\"\u017ba\u0142oba jest dla cz\u0142owieka trudnym czasem, ka\u017cdemu z nas towarzyszy na jakim\u015b etapie \u017cycia. Kilka refleksji o mojej \u017ca\u0142obie.\" \/>\n<meta property=\"og:url\" content=\"https:\/\/pozalogika.pl\/index.php\/2019\/08\/31\/miedzy-bolem-a-odwaga-pomiedzy-zyciem\/\" \/>\n<meta property=\"og:site_name\" content=\"Poza Logik\u0105 - wiara i samorozw\u00f3j z dusz\u0105 i cia\u0142em\" \/>\n<meta property=\"article:publisher\" content=\"https:\/\/www.facebook.com\/pozalogika\" \/>\n<meta property=\"article:published_time\" content=\"2019-08-30T22:00:41+00:00\" \/>\n<meta property=\"article:modified_time\" content=\"2026-04-08T00:07:13+00:00\" \/>\n<meta property=\"og:image\" content=\"http:\/\/pozalogika.pl\/wp-content\/uploads\/2019\/08\/pexels-photo-2174618.jpeg\" \/>\n\t<meta property=\"og:image:width\" content=\"1880\" \/>\n\t<meta property=\"og:image:height\" content=\"1254\" \/>\n\t<meta property=\"og:image:type\" content=\"image\/jpeg\" \/>\n<meta name=\"author\" content=\"Dariusz Oko\u0144\" \/>\n<meta name=\"twitter:card\" content=\"summary_large_image\" \/>\n<meta name=\"twitter:label1\" content=\"Napisane przez\" \/>\n\t<meta name=\"twitter:data1\" content=\"Dariusz Oko\u0144\" \/>\n\t<meta name=\"twitter:label2\" content=\"Szacowany czas czytania\" \/>\n\t<meta name=\"twitter:data2\" content=\"6 minut\" \/>\n<script type=\"application\/ld+json\" class=\"yoast-schema-graph\">{\"@context\":\"https:\/\/schema.org\",\"@graph\":[{\"@type\":\"Article\",\"@id\":\"https:\/\/pozalogika.pl\/index.php\/2019\/08\/31\/miedzy-bolem-a-odwaga-pomiedzy-zyciem\/#article\",\"isPartOf\":{\"@id\":\"https:\/\/pozalogika.pl\/index.php\/2019\/08\/31\/miedzy-bolem-a-odwaga-pomiedzy-zyciem\/\"},\"author\":{\"name\":\"Dariusz Oko\u0144\",\"@id\":\"https:\/\/pozalogika.pl\/#\/schema\/person\/a3fc4ed50c036545e08d15943bf496f6\"},\"headline\":\"Refleksje o pocz\u0105tku \u017ca\u0142oby. Mi\u0119dzy b\u00f3lem a odwag\u0105, pomi\u0119dzy \u017cyciem\",\"datePublished\":\"2019-08-30T22:00:41+00:00\",\"dateModified\":\"2026-04-08T00:07:13+00:00\",\"mainEntityOfPage\":{\"@id\":\"https:\/\/pozalogika.pl\/index.php\/2019\/08\/31\/miedzy-bolem-a-odwaga-pomiedzy-zyciem\/\"},\"wordCount\":1106,\"commentCount\":0,\"publisher\":{\"@id\":\"https:\/\/pozalogika.pl\/#organization\"},\"image\":{\"@id\":\"https:\/\/pozalogika.pl\/index.php\/2019\/08\/31\/miedzy-bolem-a-odwaga-pomiedzy-zyciem\/#primaryimage\"},\"thumbnailUrl\":\"https:\/\/pozalogika.pl\/wp-content\/uploads\/2019\/08\/pexels-photo-2174618.jpeg\",\"keywords\":[\"esej\",\"kultura\",\"sztuka\",\"\u017ca\u0142oba\"],\"articleSection\":[\"Motywacja i rozw\u00f3j\",\"Opinie i komentarze\",\"Spo\u0142ecze\u0144stwo\"],\"inLanguage\":\"pl-PL\",\"potentialAction\":[{\"@type\":\"CommentAction\",\"name\":\"Comment\",\"target\":[\"https:\/\/pozalogika.pl\/index.php\/2019\/08\/31\/miedzy-bolem-a-odwaga-pomiedzy-zyciem\/#respond\"]}]},{\"@type\":\"WebPage\",\"@id\":\"https:\/\/pozalogika.pl\/index.php\/2019\/08\/31\/miedzy-bolem-a-odwaga-pomiedzy-zyciem\/\",\"url\":\"https:\/\/pozalogika.pl\/index.php\/2019\/08\/31\/miedzy-bolem-a-odwaga-pomiedzy-zyciem\/\",\"name\":\"Refleksje o pocz\u0105tku \u017ca\u0142oby. Mi\u0119dzy b\u00f3lem a odwag\u0105, pomi\u0119dzy \u017cyciem - Poza Logik\u0105 - wiara i samorozw\u00f3j z dusz\u0105 i cia\u0142em\",\"isPartOf\":{\"@id\":\"https:\/\/pozalogika.pl\/#website\"},\"primaryImageOfPage\":{\"@id\":\"https:\/\/pozalogika.pl\/index.php\/2019\/08\/31\/miedzy-bolem-a-odwaga-pomiedzy-zyciem\/#primaryimage\"},\"image\":{\"@id\":\"https:\/\/pozalogika.pl\/index.php\/2019\/08\/31\/miedzy-bolem-a-odwaga-pomiedzy-zyciem\/#primaryimage\"},\"thumbnailUrl\":\"https:\/\/pozalogika.pl\/wp-content\/uploads\/2019\/08\/pexels-photo-2174618.jpeg\",\"datePublished\":\"2019-08-30T22:00:41+00:00\",\"dateModified\":\"2026-04-08T00:07:13+00:00\",\"description\":\"\u017ba\u0142oba jest dla cz\u0142owieka trudnym czasem, ka\u017cdemu z nas towarzyszy na jakim\u015b etapie \u017cycia. Kilka refleksji o mojej \u017ca\u0142obie.\",\"breadcrumb\":{\"@id\":\"https:\/\/pozalogika.pl\/index.php\/2019\/08\/31\/miedzy-bolem-a-odwaga-pomiedzy-zyciem\/#breadcrumb\"},\"inLanguage\":\"pl-PL\",\"potentialAction\":[{\"@type\":\"ReadAction\",\"target\":[\"https:\/\/pozalogika.pl\/index.php\/2019\/08\/31\/miedzy-bolem-a-odwaga-pomiedzy-zyciem\/\"]}]},{\"@type\":\"ImageObject\",\"inLanguage\":\"pl-PL\",\"@id\":\"https:\/\/pozalogika.pl\/index.php\/2019\/08\/31\/miedzy-bolem-a-odwaga-pomiedzy-zyciem\/#primaryimage\",\"url\":\"https:\/\/pozalogika.pl\/wp-content\/uploads\/2019\/08\/pexels-photo-2174618.jpeg\",\"contentUrl\":\"https:\/\/pozalogika.pl\/wp-content\/uploads\/2019\/08\/pexels-photo-2174618.jpeg\",\"width\":1880,\"height\":1254,\"caption\":\"\u017ba\u0142oba. Czarno-bia\u0142e zdj\u0119cie, kobiet idzie przez pla\u017c\u0119 z kijem w d\u0142oni, robi w piasku \u015blad.\"},{\"@type\":\"BreadcrumbList\",\"@id\":\"https:\/\/pozalogika.pl\/index.php\/2019\/08\/31\/miedzy-bolem-a-odwaga-pomiedzy-zyciem\/#breadcrumb\",\"itemListElement\":[{\"@type\":\"ListItem\",\"position\":1,\"name\":\"Strona g\u0142\u00f3wna\",\"item\":\"https:\/\/pozalogika.pl\/\"},{\"@type\":\"ListItem\",\"position\":2,\"name\":\"Refleksje o pocz\u0105tku \u017ca\u0142oby. Mi\u0119dzy b\u00f3lem a odwag\u0105, pomi\u0119dzy \u017cyciem\"}]},{\"@type\":\"WebSite\",\"@id\":\"https:\/\/pozalogika.pl\/#website\",\"url\":\"https:\/\/pozalogika.pl\/\",\"name\":\"Poza Logik\u0105\",\"description\":\"\",\"publisher\":{\"@id\":\"https:\/\/pozalogika.pl\/#organization\"},\"potentialAction\":[{\"@type\":\"SearchAction\",\"target\":{\"@type\":\"EntryPoint\",\"urlTemplate\":\"https:\/\/pozalogika.pl\/?s={search_term_string}\"},\"query-input\":{\"@type\":\"PropertyValueSpecification\",\"valueRequired\":true,\"valueName\":\"search_term_string\"}}],\"inLanguage\":\"pl-PL\"},{\"@type\":\"Organization\",\"@id\":\"https:\/\/pozalogika.pl\/#organization\",\"name\":\"Poza Logik\u0105. Chrze\u015bcija\u0144ski coaching i wiara\",\"url\":\"https:\/\/pozalogika.pl\/\",\"logo\":{\"@type\":\"ImageObject\",\"inLanguage\":\"pl-PL\",\"@id\":\"https:\/\/pozalogika.pl\/#\/schema\/logo\/image\/\",\"url\":\"http:\/\/pozalogika.pl\/wp-content\/uploads\/2025\/03\/img_1_1742766565195.jpg\",\"contentUrl\":\"http:\/\/pozalogika.pl\/wp-content\/uploads\/2025\/03\/img_1_1742766565195.jpg\",\"width\":1070,\"height\":1070,\"caption\":\"Poza Logik\u0105. Chrze\u015bcija\u0144ski coaching i wiara\"},\"image\":{\"@id\":\"https:\/\/pozalogika.pl\/#\/schema\/logo\/image\/\"},\"sameAs\":[\"https:\/\/www.facebook.com\/pozalogika\"]},{\"@type\":\"Person\",\"@id\":\"https:\/\/pozalogika.pl\/#\/schema\/person\/a3fc4ed50c036545e08d15943bf496f6\",\"name\":\"Dariusz Oko\u0144\",\"image\":{\"@type\":\"ImageObject\",\"inLanguage\":\"pl-PL\",\"@id\":\"https:\/\/secure.gravatar.com\/avatar\/33edefc54f8320a9493600e3afc4b35fc0cafa03b2709262ba52bc75541ad90c?s=96&d=mm&r=g\",\"url\":\"https:\/\/secure.gravatar.com\/avatar\/33edefc54f8320a9493600e3afc4b35fc0cafa03b2709262ba52bc75541ad90c?s=96&d=mm&r=g\",\"contentUrl\":\"https:\/\/secure.gravatar.com\/avatar\/33edefc54f8320a9493600e3afc4b35fc0cafa03b2709262ba52bc75541ad90c?s=96&d=mm&r=g\",\"caption\":\"Dariusz Oko\u0144\"},\"url\":\"https:\/\/pozalogika.pl\/index.php\/author\/dokon\/\"}]}<\/script>\n<!-- \/ Yoast SEO plugin. -->","yoast_head_json":{"title":"Refleksje o pocz\u0105tku \u017ca\u0142oby. Mi\u0119dzy b\u00f3lem a odwag\u0105, pomi\u0119dzy \u017cyciem - Poza Logik\u0105 - wiara i samorozw\u00f3j z dusz\u0105 i cia\u0142em","description":"\u017ba\u0142oba jest dla cz\u0142owieka trudnym czasem, ka\u017cdemu z nas towarzyszy na jakim\u015b etapie \u017cycia. Kilka refleksji o mojej \u017ca\u0142obie.","robots":{"index":"index","follow":"follow","max-snippet":"max-snippet:-1","max-image-preview":"max-image-preview:large","max-video-preview":"max-video-preview:-1"},"canonical":"https:\/\/pozalogika.pl\/index.php\/2019\/08\/31\/miedzy-bolem-a-odwaga-pomiedzy-zyciem\/","og_locale":"pl_PL","og_type":"article","og_title":"Refleksje o pocz\u0105tku \u017ca\u0142oby. Mi\u0119dzy b\u00f3lem a odwag\u0105, pomi\u0119dzy \u017cyciem - Poza Logik\u0105 - wiara i samorozw\u00f3j z dusz\u0105 i cia\u0142em","og_description":"\u017ba\u0142oba jest dla cz\u0142owieka trudnym czasem, ka\u017cdemu z nas towarzyszy na jakim\u015b etapie \u017cycia. Kilka refleksji o mojej \u017ca\u0142obie.","og_url":"https:\/\/pozalogika.pl\/index.php\/2019\/08\/31\/miedzy-bolem-a-odwaga-pomiedzy-zyciem\/","og_site_name":"Poza Logik\u0105 - wiara i samorozw\u00f3j z dusz\u0105 i cia\u0142em","article_publisher":"https:\/\/www.facebook.com\/pozalogika","article_published_time":"2019-08-30T22:00:41+00:00","article_modified_time":"2026-04-08T00:07:13+00:00","og_image":[{"width":1880,"height":1254,"url":"http:\/\/pozalogika.pl\/wp-content\/uploads\/2019\/08\/pexels-photo-2174618.jpeg","type":"image\/jpeg"}],"author":"Dariusz Oko\u0144","twitter_card":"summary_large_image","twitter_misc":{"Napisane przez":"Dariusz Oko\u0144","Szacowany czas czytania":"6 minut"},"schema":{"@context":"https:\/\/schema.org","@graph":[{"@type":"Article","@id":"https:\/\/pozalogika.pl\/index.php\/2019\/08\/31\/miedzy-bolem-a-odwaga-pomiedzy-zyciem\/#article","isPartOf":{"@id":"https:\/\/pozalogika.pl\/index.php\/2019\/08\/31\/miedzy-bolem-a-odwaga-pomiedzy-zyciem\/"},"author":{"name":"Dariusz Oko\u0144","@id":"https:\/\/pozalogika.pl\/#\/schema\/person\/a3fc4ed50c036545e08d15943bf496f6"},"headline":"Refleksje o pocz\u0105tku \u017ca\u0142oby. Mi\u0119dzy b\u00f3lem a odwag\u0105, pomi\u0119dzy \u017cyciem","datePublished":"2019-08-30T22:00:41+00:00","dateModified":"2026-04-08T00:07:13+00:00","mainEntityOfPage":{"@id":"https:\/\/pozalogika.pl\/index.php\/2019\/08\/31\/miedzy-bolem-a-odwaga-pomiedzy-zyciem\/"},"wordCount":1106,"commentCount":0,"publisher":{"@id":"https:\/\/pozalogika.pl\/#organization"},"image":{"@id":"https:\/\/pozalogika.pl\/index.php\/2019\/08\/31\/miedzy-bolem-a-odwaga-pomiedzy-zyciem\/#primaryimage"},"thumbnailUrl":"https:\/\/pozalogika.pl\/wp-content\/uploads\/2019\/08\/pexels-photo-2174618.jpeg","keywords":["esej","kultura","sztuka","\u017ca\u0142oba"],"articleSection":["Motywacja i rozw\u00f3j","Opinie i komentarze","Spo\u0142ecze\u0144stwo"],"inLanguage":"pl-PL","potentialAction":[{"@type":"CommentAction","name":"Comment","target":["https:\/\/pozalogika.pl\/index.php\/2019\/08\/31\/miedzy-bolem-a-odwaga-pomiedzy-zyciem\/#respond"]}]},{"@type":"WebPage","@id":"https:\/\/pozalogika.pl\/index.php\/2019\/08\/31\/miedzy-bolem-a-odwaga-pomiedzy-zyciem\/","url":"https:\/\/pozalogika.pl\/index.php\/2019\/08\/31\/miedzy-bolem-a-odwaga-pomiedzy-zyciem\/","name":"Refleksje o pocz\u0105tku \u017ca\u0142oby. Mi\u0119dzy b\u00f3lem a odwag\u0105, pomi\u0119dzy \u017cyciem - Poza Logik\u0105 - wiara i samorozw\u00f3j z dusz\u0105 i cia\u0142em","isPartOf":{"@id":"https:\/\/pozalogika.pl\/#website"},"primaryImageOfPage":{"@id":"https:\/\/pozalogika.pl\/index.php\/2019\/08\/31\/miedzy-bolem-a-odwaga-pomiedzy-zyciem\/#primaryimage"},"image":{"@id":"https:\/\/pozalogika.pl\/index.php\/2019\/08\/31\/miedzy-bolem-a-odwaga-pomiedzy-zyciem\/#primaryimage"},"thumbnailUrl":"https:\/\/pozalogika.pl\/wp-content\/uploads\/2019\/08\/pexels-photo-2174618.jpeg","datePublished":"2019-08-30T22:00:41+00:00","dateModified":"2026-04-08T00:07:13+00:00","description":"\u017ba\u0142oba jest dla cz\u0142owieka trudnym czasem, ka\u017cdemu z nas towarzyszy na jakim\u015b etapie \u017cycia. Kilka refleksji o mojej \u017ca\u0142obie.","breadcrumb":{"@id":"https:\/\/pozalogika.pl\/index.php\/2019\/08\/31\/miedzy-bolem-a-odwaga-pomiedzy-zyciem\/#breadcrumb"},"inLanguage":"pl-PL","potentialAction":[{"@type":"ReadAction","target":["https:\/\/pozalogika.pl\/index.php\/2019\/08\/31\/miedzy-bolem-a-odwaga-pomiedzy-zyciem\/"]}]},{"@type":"ImageObject","inLanguage":"pl-PL","@id":"https:\/\/pozalogika.pl\/index.php\/2019\/08\/31\/miedzy-bolem-a-odwaga-pomiedzy-zyciem\/#primaryimage","url":"https:\/\/pozalogika.pl\/wp-content\/uploads\/2019\/08\/pexels-photo-2174618.jpeg","contentUrl":"https:\/\/pozalogika.pl\/wp-content\/uploads\/2019\/08\/pexels-photo-2174618.jpeg","width":1880,"height":1254,"caption":"\u017ba\u0142oba. Czarno-bia\u0142e zdj\u0119cie, kobiet idzie przez pla\u017c\u0119 z kijem w d\u0142oni, robi w piasku \u015blad."},{"@type":"BreadcrumbList","@id":"https:\/\/pozalogika.pl\/index.php\/2019\/08\/31\/miedzy-bolem-a-odwaga-pomiedzy-zyciem\/#breadcrumb","itemListElement":[{"@type":"ListItem","position":1,"name":"Strona g\u0142\u00f3wna","item":"https:\/\/pozalogika.pl\/"},{"@type":"ListItem","position":2,"name":"Refleksje o pocz\u0105tku \u017ca\u0142oby. Mi\u0119dzy b\u00f3lem a odwag\u0105, pomi\u0119dzy \u017cyciem"}]},{"@type":"WebSite","@id":"https:\/\/pozalogika.pl\/#website","url":"https:\/\/pozalogika.pl\/","name":"Poza Logik\u0105","description":"","publisher":{"@id":"https:\/\/pozalogika.pl\/#organization"},"potentialAction":[{"@type":"SearchAction","target":{"@type":"EntryPoint","urlTemplate":"https:\/\/pozalogika.pl\/?s={search_term_string}"},"query-input":{"@type":"PropertyValueSpecification","valueRequired":true,"valueName":"search_term_string"}}],"inLanguage":"pl-PL"},{"@type":"Organization","@id":"https:\/\/pozalogika.pl\/#organization","name":"Poza Logik\u0105. Chrze\u015bcija\u0144ski coaching i wiara","url":"https:\/\/pozalogika.pl\/","logo":{"@type":"ImageObject","inLanguage":"pl-PL","@id":"https:\/\/pozalogika.pl\/#\/schema\/logo\/image\/","url":"http:\/\/pozalogika.pl\/wp-content\/uploads\/2025\/03\/img_1_1742766565195.jpg","contentUrl":"http:\/\/pozalogika.pl\/wp-content\/uploads\/2025\/03\/img_1_1742766565195.jpg","width":1070,"height":1070,"caption":"Poza Logik\u0105. Chrze\u015bcija\u0144ski coaching i wiara"},"image":{"@id":"https:\/\/pozalogika.pl\/#\/schema\/logo\/image\/"},"sameAs":["https:\/\/www.facebook.com\/pozalogika"]},{"@type":"Person","@id":"https:\/\/pozalogika.pl\/#\/schema\/person\/a3fc4ed50c036545e08d15943bf496f6","name":"Dariusz Oko\u0144","image":{"@type":"ImageObject","inLanguage":"pl-PL","@id":"https:\/\/secure.gravatar.com\/avatar\/33edefc54f8320a9493600e3afc4b35fc0cafa03b2709262ba52bc75541ad90c?s=96&d=mm&r=g","url":"https:\/\/secure.gravatar.com\/avatar\/33edefc54f8320a9493600e3afc4b35fc0cafa03b2709262ba52bc75541ad90c?s=96&d=mm&r=g","contentUrl":"https:\/\/secure.gravatar.com\/avatar\/33edefc54f8320a9493600e3afc4b35fc0cafa03b2709262ba52bc75541ad90c?s=96&d=mm&r=g","caption":"Dariusz Oko\u0144"},"url":"https:\/\/pozalogika.pl\/index.php\/author\/dokon\/"}]}},"_links":{"self":[{"href":"https:\/\/pozalogika.pl\/index.php\/wp-json\/wp\/v2\/posts\/933","targetHints":{"allow":["GET"]}}],"collection":[{"href":"https:\/\/pozalogika.pl\/index.php\/wp-json\/wp\/v2\/posts"}],"about":[{"href":"https:\/\/pozalogika.pl\/index.php\/wp-json\/wp\/v2\/types\/post"}],"author":[{"embeddable":true,"href":"https:\/\/pozalogika.pl\/index.php\/wp-json\/wp\/v2\/users\/5"}],"replies":[{"embeddable":true,"href":"https:\/\/pozalogika.pl\/index.php\/wp-json\/wp\/v2\/comments?post=933"}],"version-history":[{"count":3,"href":"https:\/\/pozalogika.pl\/index.php\/wp-json\/wp\/v2\/posts\/933\/revisions"}],"predecessor-version":[{"id":2987,"href":"https:\/\/pozalogika.pl\/index.php\/wp-json\/wp\/v2\/posts\/933\/revisions\/2987"}],"wp:featuredmedia":[{"embeddable":true,"href":"https:\/\/pozalogika.pl\/index.php\/wp-json\/wp\/v2\/media\/1915"}],"wp:attachment":[{"href":"https:\/\/pozalogika.pl\/index.php\/wp-json\/wp\/v2\/media?parent=933"}],"wp:term":[{"taxonomy":"category","embeddable":true,"href":"https:\/\/pozalogika.pl\/index.php\/wp-json\/wp\/v2\/categories?post=933"},{"taxonomy":"post_tag","embeddable":true,"href":"https:\/\/pozalogika.pl\/index.php\/wp-json\/wp\/v2\/tags?post=933"}],"curies":[{"name":"wp","href":"https:\/\/api.w.org\/{rel}","templated":true}]}}