{"id":948,"date":"2019-09-07T23:57:21","date_gmt":"2019-09-07T21:57:21","guid":{"rendered":"http:\/\/pozalogika.pl\/?p=948"},"modified":"2026-04-09T13:31:33","modified_gmt":"2026-04-09T13:31:33","slug":"modlitwa-o-nieodnalezienie-drogi-zyciowej","status":"publish","type":"post","link":"https:\/\/pozalogika.pl\/index.php\/2019\/09\/07\/modlitwa-o-nieodnalezienie-drogi-zyciowej\/","title":{"rendered":"Czy nasz \u015bwiat si\u0119 ko\u0144czy w latach 20. XXI wieku? Modlitwa o nieodnalezienie drogi \u017cyciowej"},"content":{"rendered":"<p><img loading=\"lazy\" decoding=\"async\" class=\"aligncenter\" src=\"https:\/\/images.pexels.com\/photos\/678182\/pexels-photo-678182.jpeg?auto=compress&amp;cs=tinysrgb&amp;dpr=2&amp;h=650&amp;w=940\" alt=\"Czy to koniec \u015bwiata jaki znamy? Na zdj\u0119ciu m\u0119\u017cczyzna patrzy w dal na miasto ze wzg\u00f3rza.\" width=\"1880\" height=\"1281\" \/><\/p>\n<p><span style=\"font-size: 20px;\"><strong><span style=\"font-family: book antiqua, palatino, serif;\">Cisza to jedyna pora nocy, gdy sny nie staj\u0105 si\u0119 samotne. To przed p\u00f3j\u015bciem spa\u0107 rozbrzmiewa modlitwa o nieodnalezienie drogi \u017cyciowej. Dawny ja powiedzia\u0142by, \u017ce to nieprawda, ten przysz\u0142y b\u0119dzie prorokiem braku nadziei. Pozostaje to obecne JA, kt\u00f3re jest na rozdro\u017cu. Ta zmiana dotyczy wielu z nas.<\/span><\/strong><\/span><\/p>\n<p><span style=\"font-size: 20px;\"><!--more--><\/span><\/p>\n<blockquote>\n<p style=\"text-align: center;\"><span style=\"font-size: 20px; font-family: book antiqua, palatino;\">Gdy jeste\u015b w kryzysie, pozw\u00f3l swoim emocjom wybrzmie\u0107, ale te\u017c nie zamykaj si\u0119 w swojej ba\u0144ce: szukaj rozmowy, wsparcia, pomocy specjalisty, bezp\u0142atnej infolinii dla os\u00f3b w kryzysie (oto numer: 800 70 2222)<\/span><\/p>\n<\/blockquote>\n<p><span style=\"font-size: 20px; font-family: book antiqua, palatino, serif;\">Patrz\u0119 na tytu\u0142y p\u0142yt i ksi\u0105\u017cek, \u017cadnej nie znam, po \u017cadn\u0105 nie si\u0119ga\u0142em: Jonathan Franzen &#8211; ,,Koniec ko\u0144ca \u015bwiata\u201d, Wojciech Bonowicz &#8211; ,,Dziennik ko\u0144ca \u015bwiata\u201d, Kartky &#8211; ,,Dom na skraju niczego\u201d, Sarius &#8211; ,,Pierwszy dzie\u0144 po ko\u0144cu \u015bwiata\u201d.<\/span><\/p>\n<h2>Witamy w latach 20.<\/h2>\n<p><span style=\"font-size: 20px; font-family: book antiqua, palatino, serif;\">\u015awiat staje si\u0119 coraz bardziej rozmyty, barwy rozmywa deszcz. Tabletki popite alkoholem, niewyra\u017ane s\u0142owa i p\u0142acz, kt\u00f3ry kto\u015b zamienia w manifest m\u0142odego pokolenia, wybe\u0142kotany przez rapera z dobrego domu i z bogatej rodziny, utw\u00f3r-krzyk cz\u0142owieka zranionego przez konsumpcjonizm, nadmiar bod\u017ac\u00f3w i d\u00f3br, bezsens egzystencji.<\/span><\/p>\n<p><span style=\"font-size: 20px; font-family: book antiqua, palatino, serif;\">Jest czas rodzenia i czas umierania. Pomi\u0119dzy jest czas nieistnienia.<\/span><\/p>\n<p><span style=\"font-size: 20px; font-family: book antiqua, palatino, serif;\">Wsz\u0119dzie bezsens, wsz\u0119dzie koniec \u015bwiata. Nie mamy o co walczy\u0107, taka jest prawda. Nie mamy przeciw czemu si\u0119 zbuntowa\u0107, nie mamy sprawy, w kt\u00f3rej mo\u017cemy si\u0119 zjednoczy\u0107. Nie \u0142\u0105czy nas nic, dzieli wszystko. Mamy nadmiar tre\u015bci, nasza kultura dzieli si\u0119 na setki pod-kultur, subkategorii, spo\u015br\u00f3d kt\u00f3rych ka\u017cdy wybiera t\u0119 najbli\u017csz\u0105 sobie.<\/span><\/p>\n<p><span style=\"font-size: 20px; font-family: book antiqua, palatino, serif;\">To nie kolejna krytyka kultury popularnej.<\/span><\/p>\n<h2>Po\u0142\u0105czeni<\/h2>\n<p><span style=\"font-size: 20px; font-family: book antiqua, palatino, serif;\">\u0141\u0105czy nas jednak co\u015b. \u0141\u0105czy nas ten p\u0119d ku Niczemu. To jest p\u0119d ku granicy \u015bwiata, za kt\u00f3r\u0105 panuje ciemno\u015b\u0107, w pustk\u0119, w kt\u00f3r\u0105 wpadaj\u0105 wszystkie ziemskie wody l\u0105dowe i te g\u0142\u0119binowe. W tej ciemno\u015bci jest szansa i nadzieja, jest te\u017c nieznane i mo\u017ce dlatego ludzie czuj\u0105, \u017ce tam to ju\u017c tylko pot\u0119pienie i piek\u0142o.<\/span><\/p>\n<p><span style=\"font-size: 20px; font-family: book antiqua, palatino, serif;\">Nihilizm i autodestrukcja.<\/span><\/p>\n<p><span style=\"font-size: 20px; font-family: book antiqua, palatino, serif;\">Nasze \u017cycie i wspomnienia, nasz czas odtwarzam z historii przegl\u0105darki internetowej.<\/span><\/p>\n<h2>Czujni?<\/h2>\n<p><span style=\"font-size: 20px; font-family: book antiqua, palatino, serif;\">Czujemy, \u017ce co\u015b si\u0119 dzieje. P\u0142on\u0105 lasy, topniej\u0105 lodowce, a naukowcy m\u00f3wi\u0105, \u017ce zosta\u0142o nam ju\u017c niewiele lat. Jaki jest sens \u017cy\u0107? Jaki jest sens kocha\u0107 si\u0119, \u015bmia\u0107, budowa\u0107, p\u0142odzi\u0107, przeciera\u0107 nowe szlaki, rodzi\u0107 dzieci, my\u015ble\u0107 o jutrze, kt\u00f3rego mo\u017ce nie by\u0107? <\/span><\/p>\n<p><span style=\"font-size: 20px; font-family: book antiqua, palatino, serif;\">To kolejny wiek i kolejna epoka, w kt\u00f3rej dochodzi do g\u0142osu dekadencja. Nie patrzymy na masow\u0105 destrukcj\u0119 i zniszczenie cz\u0142owieka w imi\u0119 ideologii, nie w tej cz\u0119\u015bci \u015bwiata przynajmniej. Przejedzeni i wymiotuj\u0105cy nadmiarem, patrzymy na tysi\u0105ce ma\u0142ych zniszcze\u0144 i samozag\u0142ady mini \u015bwiat\u00f3w innych ludzi i istnie\u0144.<\/span><\/p>\n<h2>Koniec \u015bwiata<\/h2>\n<p><span style=\"font-size: 20px; font-family: book antiqua, palatino, serif;\">Dlatego ch\u0119tnie m\u00f3wimy o ko\u0144cu \u015bwiata, o zag\u0142adzie. Szukamy tego ko\u0144ca, chcemy by w ten \u015bwiat co\u015b waln\u0119\u0142o i \u017ceby czas stan\u0105\u0142 w miejscu, a potem by wszystko zacz\u0119\u0142o si\u0119 na nowo, ale bez nas. Albo \u017ceby ju\u017c ten \u015bwiat pad\u0142, zgas\u0142, zosta\u0142 trupem, a \u017cycie niech si\u0119 rodzi gdzie\u015b tam we Wszech\u015bwiecie, ale ju\u017c bez nas.<\/span><\/p>\n<p><span style=\"font-size: 20px; font-family: book antiqua, palatino, serif;\">My\u015bl o tym, \u017ce jeste\u015bmy materi\u0105, z kt\u00f3rej zbudowany jest ca\u0142y Wszech\u015bwiat, przera\u017ca nas. M\u00f3wi do nas, otulonych w bezsens, smutn\u0105 dla nas prawd\u0119 o tym, \u017ce wszyscy w pewien spos\u00f3b jeste\u015bmy jedno\u015bci\u0105.<\/span><\/p>\n<p><span style=\"font-size: 20px; font-family: book antiqua, palatino, serif;\">Nie mamy powod\u00f3w, by popada\u0107 w bezsens i nico\u015b\u0107. Przygniata nas jednak samotno\u015b\u0107, kt\u00f3ra jest losem cz\u0142owieka. To pustka duchowa, psychiczna, emocjonalna. To w\u0142a\u015bnie nasz koniec \u015bwiata.<\/span><\/p>\n<p><span style=\"font-size: 20px;\"><strong>Zobacz tak\u017ce:<\/strong> <a href=\"http:\/\/pozalogika.pl\/index.php\/2019\/08\/31\/miedzy-bolem-a-odwaga-pomiedzy-zyciem\/\" target=\"_blank\" rel=\"noopener\">Poetycka refleksja o ko\u0144cu \u015bwiata, czyli o pocz\u0105tku \u017ca\u0142oby<\/a><\/span><\/p>\n<h2>Ta nasza m\u0142odo\u015b\u0107<\/h2>\n<p><span style=\"font-size: 20px; font-family: book antiqua, palatino, serif;\">M\u0142odo\u015b\u0107 jest ko\u0144cem \u015bwiata. To co po niej nast\u0105pi, to ju\u017c post apokalipsa. To nie jest pogl\u0105d odosobniony. To pokolenie jest inne, ni\u017c to przed nim. To coraz rzadziej potrafi si\u0119 cieszy\u0107. Ci\u0105gle szuka i chce coraz wi\u0119cej, by zag\u0142uszy\u0107 my\u015bli.<\/span><\/p>\n<p><span style=\"font-size: 20px; font-family: book antiqua, palatino, serif;\">W ci\u0105gu kilku dni wyrobi\u0142em tygodniow\u0105 norm\u0119 godzin. Wsta\u0107, wr\u00f3ci\u0107 do domu, zje\u015b\u0107, przygotowa\u0107 si\u0119 do spania. Zap\u0119tlaj, zap\u0119tlaj, zap\u0119tlaj. Powt\u00f3rz. W mi\u0119dzyczasie zajmij czym\u015b my\u015bli, ogl\u0105daj, ogl\u0105daj, ogl\u0105daj, przewijaj. Koniec jednego serialu, pocz\u0105tek drugiego. Jedna ksi\u0105\u017cka, druga ksi\u0105\u017cka, trzecia ksi\u0105\u017cka. Pierwsza seria, przysiad, od\u017cywka bia\u0142kowa. Druga seria, martwy ci\u0105g, od\u017cywka bia\u0142kowa. Pierwszy kilometr, czterdziesty drugi, rolowanie, ma\u015b\u0107 ch\u0142odz\u0105ca i ta rozgrzewaj\u0105ca, izotonik, endorfiny, elektrolity.<\/span><\/p>\n<h2>Migrena od \u017cycia<\/h2>\n<p><span style=\"font-size: 20px; font-family: book antiqua, palatino, serif;\">W ci\u0105gu kilku dni wyrobi\u0142em tygodniow\u0105 norm\u0119 godzin. Budz\u0119 si\u0119 w \u015brodku nocy, p\u0119ka mi g\u0142owa, podnosi si\u0119 ci\u015bnienie. Organizm nie daje sobie rady z trybem \u017cycia. Kr\u0119c\u0119 si\u0119 i wierc\u0119 na \u0142\u00f3\u017cku, nie mog\u0119 sobie pozwoli\u0107 na brak efektywno\u015bci. Pr\u00f3buj\u0119 zasn\u0105\u0107. Wybija godzina z\u0142ych duch\u00f3w, ju\u017c jest 3:00. Dopiero wtedy zasypiam.<\/span><\/p>\n<p><span style=\"font-size: 20px; font-family: book antiqua, palatino, serif;\">Pami\u0119tam, \u017ce jara\u0142em si\u0119 histori\u0105 Wertera. Po latach wiem, \u017ce to jego rywal mia\u0142 racj\u0119. W \u017cyciu trzeba si\u0119 ogarn\u0105\u0107, a nie buja\u0107 w ob\u0142okach. Przychodzi dzie\u0144, gdy w sercu ko\u0144czy si\u0119 burza. Potem cz\u0142owiek wie, \u017ce prze\u017cywa\u0107 mo\u017ce swoje bunty maksymalnie do 24:00, potem spa\u0107 i do pracy. Dojrzewamy. To nie jest poddanie si\u0119 systemowi. <\/span><\/p>\n<p><span style=\"font-size: 20px; font-family: book antiqua, palatino, serif;\">Koniec dnia i \u015bwiat si\u0119 ko\u0144czy, ale potem grzecznie siusiu i spa\u0107, bo trzeba rano wsta\u0107. Nihilizm te\u017c ma swoje granice: te kilka godzin wolnego pomi\u0119dzy jedn\u0105 czynno\u015bci\u0105 a drug\u0105. Dobrze z tego p\u0119du si\u0119 wyrywa\u0107, by\u0107 marzycielem, bo oni zmieniaj\u0105 \u015bwiat. Ale to nie mazgaje tylko si\u0142acze zmieniaj\u0105 t\u0119 rzeczywisto\u015b\u0107. Mazgajeniem i Weltschmerzami nic nie zdzia\u0142amy, to demony nas niszcz\u0105ce.<\/span><\/p>\n<h2>Nadmiar<\/h2>\n<p><span style=\"font-size: 20px; font-family: book antiqua, palatino, serif;\">Mamy za du\u017co opcji i mo\u017cliwo\u015bci, towarzyszy nam przy tym bezsilno\u015b\u0107, ch\u0119\u0107 by mie\u0107 wszystko. W konsekwencji jest to ucieczka z &#8220;za du\u017co&#8221; w ascez\u0119. Cierpimy na brak \u015arodka. Albo chcemy za du\u017co, albo pozbywamy si\u0119 wszystkiego. A gdzie w tym jest Pomi\u0119dzy?<\/span><\/p>\n<p><span style=\"font-size: 20px; font-family: book antiqua, palatino, serif;\">Zaczynamy poszukiwa\u0107. Na horyzoncie pojawia si\u0119 totalna biologia, czyli pr\u00f3ba og\u0142oszenia miastu i \u015bwiatu, \u017ce znamy odpowiedzi na wszystko.<\/span><\/p>\n<p><span style=\"font-size: 20px; font-family: book antiqua, palatino, serif;\">Jest jeszcze terapia TRE.<\/span><\/p>\n<p><span style=\"font-size: 20px; font-family: book antiqua, palatino, serif;\">Albo samotna noc przy otwartym oknie, kubek z gor\u0105c\u0105 herbat\u0105 i s\u0142uchawki na uszach z rockiem i metalem. W pewnym momencie algorytmy podsuwaj\u0105 ci ballad\u0119 rockow\u0105, zaczynasz p\u0142aka\u0107, a kubek, kt\u00f3ry zbli\u017casz do ust przypomina ci, \u017ce herbata ostyg\u0142a. U\u015bwiadamiasz sobie, w jak wielkim syfie siedzisz. I to te\u017c jest dekadencja, pustka, koniec \u015bwiata, pewna wizja, kt\u00f3r\u0105 nosisz w sobie i w ni\u0105 chcesz wierzy\u0107.<\/span><\/p>\n<h2>G\u0142os<\/h2>\n<p><span style=\"font-size: 20px; font-family: book antiqua, palatino, serif;\">Po\u015br\u00f3d tej nocy jaki\u015b g\u0142os wewn\u0105trz m\u00f3wi, \u017ce wiele dla siebie robisz. Pojawia si\u0119 jakie\u015b \u015bwiat\u0142o, jaka\u015b nadzieja. Schowany za chmurami mosi\u0119\u017cny ksi\u0119\u017cyc daje blask, lekki wiatr wpada przez otwarte okno czekaj\u0105ce na cho\u0107by jeden ciep\u0142y szum up\u0142ywaj\u0105cego lata. Czu\u0107 obecno\u015b\u0107 kogo\u015b \u2013 cz\u0142owieka.<\/span><\/p>\n<p><span style=\"font-size: 20px; font-family: book antiqua, palatino, serif;\">Po\u015br\u00f3d tej nocy jaki\u015b g\u0142os wewn\u0105trz m\u00f3wi, \u017ce wiele dla siebie robisz. Gdy nie wejdziesz w bagno, b\u0119dziesz czysty, b\u0119dziesz \u017cy\u0142. Gdy wybaczysz, przede wszystkim pomagasz sobie. Gdy nie krzywdzisz, lepiej si\u0119 czujesz. Zrzucasz ci\u0119\u017car z siebie, nie chodzi o to, czy spotka ci\u0119 kara, czy te\u017c czy z\u0142o wr\u00f3ci. <\/span><\/p>\n<p><span style=\"font-size: 20px; font-family: book antiqua, palatino, serif;\">Po prostu nie wchodz\u0105c w dziwne sytuacje nie ponosisz ich konsekwencji: nie tyle nawet prawnych, ale fizycznych lub wewn\u0119trznych, bo wszystko odciska na nas pi\u0119tno. Czym si\u0119 karmisz, tym jeste\u015b. Co do siebie dopuszczasz, to wypuszcza owoce. To nie kara ale konsekwencja. Robi\u0105c z\u0142o, krzywdzisz siebie. Ten \u015bwiat to syf, na nim ju\u017c jest z\u0142o, brud, taki po prostu jest \u015bwiat. Tw\u00f3j gniew i ch\u0119\u0107 zemsty tylko mog\u0105 tego z\u0142a do\u0142o\u017cy\u0107, nie pokonaj\u0105 go.<\/span><\/p>\n<h2>Oczyszczenie<\/h2>\n<p><span style=\"font-size: 20px; font-family: book antiqua, palatino, serif;\">Co\u015b w tobie p\u0119ka. To jest dziwny przeb\u0142ysk nadziei. Wiesz, \u017ce chcesz si\u0119 zmieni\u0107. Obawiasz si\u0119, \u017ce za jaki\u015b czas znowu powr\u00f3cisz do tej bezsilno\u015bci, do tego nihilizmu, ale teraz masz ochot\u0119 na rado\u015b\u0107. \u017bycie to \u0142a\u017cenie od ciemno\u015bci do \u015bwiat\u0142a, od pe\u0142ni do pustki, to takie \u0142a\u017cenie i odbijanie si\u0119 raz od jednego, raz od drugiego.<\/span><\/p>\n<p><span style=\"font-size: 20px; font-family: book antiqua, palatino, serif;\">Cisza to jedyna pora nocy, gdy sny nie staj\u0105 si\u0119 samotne.<\/span><\/p>\n<p><span style=\"font-size: 20px; font-family: book antiqua, palatino, serif;\">Mo\u017ce masz wra\u017cenie, ze niszczysz wszystko.<\/span><\/p>\n<p><span style=\"font-size: 20px; font-family: book antiqua, palatino, serif;\">Dawny ja powiedzia\u0142by, \u017ce tak nie jest.<\/span><\/p>\n<p><span style=\"font-size: 20px; font-family: book antiqua, palatino, serif;\">Przysz\u0142y ja mo\u017ce kiedy\u015b powie, \u017ce to prawda, \u017ce tak jest zawsze, \u017ce to konsekwencja bycia cz\u0142owiekiem.<\/span><\/p>\n<p><span style=\"font-size: 20px; font-family: book antiqua, palatino, serif;\">Ja obecny wie, \u017ce tak jest tylko czasem, \u017ce cz\u0119sto taka my\u015bl to tylko z\u0142y podszept, p\u00f3j\u015bcie z fal\u0105 k\u0142amstwa, kt\u00f3r\u0105 wmawia \u015bwiat, \u017ce to jest zw\u0105tpienie, \u017ce to konsekwencje braku g\u0142\u0119bszej refleksji. Czasem wszystko niszcz\u0119, cz\u0119\u015bciej jednak buduj\u0119, gdy zaczynam pr\u00f3bowa\u0107, gdy podejmuj\u0119 ryzyko. I to te\u017c konsekwencja bycia cz\u0142owiekiem.<\/span><\/p>\n<p><span style=\"font-size: 20px; font-family: book antiqua, palatino, serif;\">\u017bycie to takie \u0142a\u017cenie od rado\u015bci ku smutkowi, i z powrotem.<\/span><\/p>\n<p><span style=\"font-size: 20px; font-family: book antiqua, palatino, serif;\">Zamartwia\u0142e\u015b si\u0119, teraz podsk\u00f3rnie czujesz pewne oczyszczenie.<\/span><\/p>\n<p><span style=\"font-size: 20px; font-family: book antiqua, palatino, serif;\">Za chwil\u0119 mo\u017ce znowu upadniesz, potem wstaniesz.<\/span><\/p>\n<p><span style=\"font-size: 20px; font-family: book antiqua, palatino, serif;\">Ku niebu zaniesiesz modlitw\u0119 o nieodnalezienie drogi \u017cyciowej.<\/span><\/p>\n<p><span style=\"font-size: 20px; font-family: book antiqua, palatino, serif;\">Potem oka\u017ce si\u0119, \u017ce pojawi\u0142 si\u0119 kto\u015b i to on jest sensem twojego \u017cycia.<\/span><\/p>\n<p><span style=\"font-size: 20px; font-family: book antiqua, palatino, serif;\">P\u00f3\u017aniej zaczniesz topi\u0107 smutki.<\/span><\/p>\n<p><span style=\"font-size: 20px; font-family: book antiqua, palatino, serif;\">P\u00f3\u017aniej jeszcze&#8230;<\/span><\/p>\n<p><span style=\"font-size: 20px; font-family: book antiqua, palatino, serif;\">&#8230;a potem&#8230;<\/span><\/p>\n<p><span style=\"font-size: 20px; font-family: book antiqua, palatino, serif;\">I nie wiesz, kiedy ko\u0142o si\u0119 zatrzyma, i na kt\u00f3rym z dw\u00f3ch p\u00f3l wydasz ostatnie tchnienie: czy b\u0119dzie to chwila szcz\u0119\u015bcia, czy cierpienia. Pewne jest tylko to, \u017ce to b\u0119dzie prawdziwy koniec twojego \u015bwiata, zanim to nast\u0105pi, jeszcze miliony razy obumrzesz, ale tak\u017ce si\u0119 narodzisz. Takie w\u0142a\u015bnie jest chyba \u017cycie.<\/span><\/p>\n<h2>4 porady, jak nie ulec tym katastroficznym my\u015blom<\/h2>\n<ol>\n<li><span style=\"font-size: 20px; font-family: book antiqua, palatino;\">Dostrze\u017c to, co w \u015bwiecie pi\u0119kne a niezmienne. Skup si\u0119 na tym, co sta\u0142e, np. natura, swoje ulubione miejsca, bliscy, emocje. Mimo katastroficznych narracji, jeste\u015bmy tacy sami.<\/span><\/li>\n<li><span style=\"font-size: 20px; font-family: book antiqua, palatino;\">U\u015bwiadom sobie, \u017ce je\u015bli \u015bwiat m\u00f3wi nam o&#8230; ko\u0144cu \u015bwiata, to jest to cz\u0119sto tylko pewna narracja (cho\u0107 prawd\u0105 jest, \u017ce niszczymy t\u0119 nasz\u0105 planet\u0119, a na \u015bwiecie jest du\u017co z\u0142a i wojen).<\/span><\/li>\n<li><span style=\"font-size: 20px; font-family: book antiqua, palatino;\">Miej swoje ulubione miejsca, rzeczy, rytua\u0142y, sw\u00f3j w\u0142asny ,,\u015bwiat&#8221; istniej\u0105cy niezale\u017cnie od tego powszechnego.<\/span><\/li>\n<li><span style=\"font-size: 20px; font-family: book antiqua, palatino;\">Pami\u0119taj te\u017c, \u017ce nastroje katastroficzne (zw\u0142aszcza w\u015br\u00f3d m\u0142odzie\u017cy) to nieod\u0142\u0105czny element \u015bwiata pocz\u0105wszy od&#8230; staro\u017cytno\u015bci (czy i Majowie i nie przepowiadali ko\u0144ca zaplanowanego na 2012?)<\/span><\/li>\n<\/ol>\n<p>zdj\u0119cie pochodzi z: <a href=\"https:\/\/www.pexels.com\/photo\/man-in-black-shirt-and-blue-denim-jeans-sitting-on-gray-stone-at-daytime-678182\/\">www.pexels.com<\/a><\/p>\n","protected":false},"excerpt":{"rendered":"<p>Cisza to jedyna pora nocy, gdy sny nie staj\u0105 si\u0119 samotne. To przed p\u00f3j\u015bciem spa\u0107 rozbrzmiewa modlitwa o nieodnalezienie drogi \u017cyciowej. Dawny ja powiedzia\u0142by, \u017ce&hellip; <\/p>\n","protected":false},"author":5,"featured_media":1913,"comment_status":"open","ping_status":"open","sticky":false,"template":"","format":"standard","meta":{"footnotes":""},"categories":[7],"tags":[80,587,117,148,191],"class_list":["post-948","post","type-post","status-publish","format-standard","has-post-thumbnail","hentry","category-motywacja-i-rozwoj","tag-esej-2","tag-koniec-swiata","tag-kultura","tag-motywacja","tag-sztuka"],"yoast_head":"<!-- This site is optimized with the Yoast SEO plugin v27.2 - https:\/\/yoast.com\/product\/yoast-seo-wordpress\/ -->\n<title>Czy nasz \u015bwiat si\u0119 ko\u0144czy w latach 20. XXI wieku? Modlitwa o nieodnalezienie drogi \u017cyciowej - Poza Logik\u0105 - wiara i samorozw\u00f3j z dusz\u0105 i cia\u0142em<\/title>\n<meta name=\"description\" content=\"Czy to koniec \u015bwiata? Lata 20. XXI wieku niebezpiecznie przypominaj\u0105 w warstwie emocji te sprzed wieku. Czy to naprawd\u0119 koniec?\" \/>\n<meta name=\"robots\" content=\"index, follow, max-snippet:-1, max-image-preview:large, max-video-preview:-1\" \/>\n<link rel=\"canonical\" href=\"https:\/\/pozalogika.pl\/index.php\/2019\/09\/07\/modlitwa-o-nieodnalezienie-drogi-zyciowej\/\" \/>\n<meta property=\"og:locale\" content=\"pl_PL\" \/>\n<meta property=\"og:type\" content=\"article\" \/>\n<meta property=\"og:title\" content=\"Czy nasz \u015bwiat si\u0119 ko\u0144czy w latach 20. XXI wieku? Modlitwa o nieodnalezienie drogi \u017cyciowej - Poza Logik\u0105 - wiara i samorozw\u00f3j z dusz\u0105 i cia\u0142em\" \/>\n<meta property=\"og:description\" content=\"Czy to koniec \u015bwiata? Lata 20. XXI wieku niebezpiecznie przypominaj\u0105 w warstwie emocji te sprzed wieku. Czy to naprawd\u0119 koniec?\" \/>\n<meta property=\"og:url\" content=\"https:\/\/pozalogika.pl\/index.php\/2019\/09\/07\/modlitwa-o-nieodnalezienie-drogi-zyciowej\/\" \/>\n<meta property=\"og:site_name\" content=\"Poza Logik\u0105 - wiara i samorozw\u00f3j z dusz\u0105 i cia\u0142em\" \/>\n<meta property=\"article:publisher\" content=\"https:\/\/www.facebook.com\/pozalogika\" \/>\n<meta property=\"article:published_time\" content=\"2019-09-07T21:57:21+00:00\" \/>\n<meta property=\"article:modified_time\" content=\"2026-04-09T13:31:33+00:00\" \/>\n<meta property=\"og:image\" content=\"http:\/\/pozalogika.pl\/wp-content\/uploads\/2019\/09\/pexels-photo-678182.jpeg\" \/>\n\t<meta property=\"og:image:width\" content=\"1880\" \/>\n\t<meta property=\"og:image:height\" content=\"1281\" \/>\n\t<meta property=\"og:image:type\" content=\"image\/jpeg\" \/>\n<meta name=\"author\" content=\"Dariusz Oko\u0144\" \/>\n<meta name=\"twitter:card\" content=\"summary_large_image\" \/>\n<meta name=\"twitter:label1\" content=\"Napisane przez\" \/>\n\t<meta name=\"twitter:data1\" content=\"Dariusz Oko\u0144\" \/>\n\t<meta name=\"twitter:label2\" content=\"Szacowany czas czytania\" \/>\n\t<meta name=\"twitter:data2\" content=\"10 minut\" \/>\n<script type=\"application\/ld+json\" class=\"yoast-schema-graph\">{\"@context\":\"https:\/\/schema.org\",\"@graph\":[{\"@type\":\"Article\",\"@id\":\"https:\/\/pozalogika.pl\/index.php\/2019\/09\/07\/modlitwa-o-nieodnalezienie-drogi-zyciowej\/#article\",\"isPartOf\":{\"@id\":\"https:\/\/pozalogika.pl\/index.php\/2019\/09\/07\/modlitwa-o-nieodnalezienie-drogi-zyciowej\/\"},\"author\":{\"name\":\"Dariusz Oko\u0144\",\"@id\":\"https:\/\/pozalogika.pl\/#\/schema\/person\/a3fc4ed50c036545e08d15943bf496f6\"},\"headline\":\"Czy nasz \u015bwiat si\u0119 ko\u0144czy w latach 20. XXI wieku? Modlitwa o nieodnalezienie drogi \u017cyciowej\",\"datePublished\":\"2019-09-07T21:57:21+00:00\",\"dateModified\":\"2026-04-09T13:31:33+00:00\",\"mainEntityOfPage\":{\"@id\":\"https:\/\/pozalogika.pl\/index.php\/2019\/09\/07\/modlitwa-o-nieodnalezienie-drogi-zyciowej\/\"},\"wordCount\":1755,\"commentCount\":0,\"publisher\":{\"@id\":\"https:\/\/pozalogika.pl\/#organization\"},\"image\":{\"@id\":\"https:\/\/pozalogika.pl\/index.php\/2019\/09\/07\/modlitwa-o-nieodnalezienie-drogi-zyciowej\/#primaryimage\"},\"thumbnailUrl\":\"https:\/\/pozalogika.pl\/wp-content\/uploads\/2019\/09\/pexels-photo-678182.jpeg\",\"keywords\":[\"esej\",\"koniec \u015bwiata\",\"kultura\",\"motywacja\",\"sztuka\"],\"articleSection\":[\"Motywacja i rozw\u00f3j\"],\"inLanguage\":\"pl-PL\",\"potentialAction\":[{\"@type\":\"CommentAction\",\"name\":\"Comment\",\"target\":[\"https:\/\/pozalogika.pl\/index.php\/2019\/09\/07\/modlitwa-o-nieodnalezienie-drogi-zyciowej\/#respond\"]}]},{\"@type\":\"WebPage\",\"@id\":\"https:\/\/pozalogika.pl\/index.php\/2019\/09\/07\/modlitwa-o-nieodnalezienie-drogi-zyciowej\/\",\"url\":\"https:\/\/pozalogika.pl\/index.php\/2019\/09\/07\/modlitwa-o-nieodnalezienie-drogi-zyciowej\/\",\"name\":\"Czy nasz \u015bwiat si\u0119 ko\u0144czy w latach 20. XXI wieku? Modlitwa o nieodnalezienie drogi \u017cyciowej - Poza Logik\u0105 - wiara i samorozw\u00f3j z dusz\u0105 i cia\u0142em\",\"isPartOf\":{\"@id\":\"https:\/\/pozalogika.pl\/#website\"},\"primaryImageOfPage\":{\"@id\":\"https:\/\/pozalogika.pl\/index.php\/2019\/09\/07\/modlitwa-o-nieodnalezienie-drogi-zyciowej\/#primaryimage\"},\"image\":{\"@id\":\"https:\/\/pozalogika.pl\/index.php\/2019\/09\/07\/modlitwa-o-nieodnalezienie-drogi-zyciowej\/#primaryimage\"},\"thumbnailUrl\":\"https:\/\/pozalogika.pl\/wp-content\/uploads\/2019\/09\/pexels-photo-678182.jpeg\",\"datePublished\":\"2019-09-07T21:57:21+00:00\",\"dateModified\":\"2026-04-09T13:31:33+00:00\",\"description\":\"Czy to koniec \u015bwiata? Lata 20. XXI wieku niebezpiecznie przypominaj\u0105 w warstwie emocji te sprzed wieku. Czy to naprawd\u0119 koniec?\",\"breadcrumb\":{\"@id\":\"https:\/\/pozalogika.pl\/index.php\/2019\/09\/07\/modlitwa-o-nieodnalezienie-drogi-zyciowej\/#breadcrumb\"},\"inLanguage\":\"pl-PL\",\"potentialAction\":[{\"@type\":\"ReadAction\",\"target\":[\"https:\/\/pozalogika.pl\/index.php\/2019\/09\/07\/modlitwa-o-nieodnalezienie-drogi-zyciowej\/\"]}]},{\"@type\":\"ImageObject\",\"inLanguage\":\"pl-PL\",\"@id\":\"https:\/\/pozalogika.pl\/index.php\/2019\/09\/07\/modlitwa-o-nieodnalezienie-drogi-zyciowej\/#primaryimage\",\"url\":\"https:\/\/pozalogika.pl\/wp-content\/uploads\/2019\/09\/pexels-photo-678182.jpeg\",\"contentUrl\":\"https:\/\/pozalogika.pl\/wp-content\/uploads\/2019\/09\/pexels-photo-678182.jpeg\",\"width\":1880,\"height\":1281,\"caption\":\"Czy to koniec \u015bwiata jaki znamy? Na zdj\u0119ciu m\u0119\u017cczyzna patrzy w dal na miasto ze wzg\u00f3rza.\"},{\"@type\":\"BreadcrumbList\",\"@id\":\"https:\/\/pozalogika.pl\/index.php\/2019\/09\/07\/modlitwa-o-nieodnalezienie-drogi-zyciowej\/#breadcrumb\",\"itemListElement\":[{\"@type\":\"ListItem\",\"position\":1,\"name\":\"Strona g\u0142\u00f3wna\",\"item\":\"https:\/\/pozalogika.pl\/\"},{\"@type\":\"ListItem\",\"position\":2,\"name\":\"Czy nasz \u015bwiat si\u0119 ko\u0144czy w latach 20. XXI wieku? Modlitwa o nieodnalezienie drogi \u017cyciowej\"}]},{\"@type\":\"WebSite\",\"@id\":\"https:\/\/pozalogika.pl\/#website\",\"url\":\"https:\/\/pozalogika.pl\/\",\"name\":\"Poza Logik\u0105\",\"description\":\"\",\"publisher\":{\"@id\":\"https:\/\/pozalogika.pl\/#organization\"},\"potentialAction\":[{\"@type\":\"SearchAction\",\"target\":{\"@type\":\"EntryPoint\",\"urlTemplate\":\"https:\/\/pozalogika.pl\/?s={search_term_string}\"},\"query-input\":{\"@type\":\"PropertyValueSpecification\",\"valueRequired\":true,\"valueName\":\"search_term_string\"}}],\"inLanguage\":\"pl-PL\"},{\"@type\":\"Organization\",\"@id\":\"https:\/\/pozalogika.pl\/#organization\",\"name\":\"Poza Logik\u0105. Chrze\u015bcija\u0144ski coaching i wiara\",\"url\":\"https:\/\/pozalogika.pl\/\",\"logo\":{\"@type\":\"ImageObject\",\"inLanguage\":\"pl-PL\",\"@id\":\"https:\/\/pozalogika.pl\/#\/schema\/logo\/image\/\",\"url\":\"http:\/\/pozalogika.pl\/wp-content\/uploads\/2025\/03\/img_1_1742766565195.jpg\",\"contentUrl\":\"http:\/\/pozalogika.pl\/wp-content\/uploads\/2025\/03\/img_1_1742766565195.jpg\",\"width\":1070,\"height\":1070,\"caption\":\"Poza Logik\u0105. Chrze\u015bcija\u0144ski coaching i wiara\"},\"image\":{\"@id\":\"https:\/\/pozalogika.pl\/#\/schema\/logo\/image\/\"},\"sameAs\":[\"https:\/\/www.facebook.com\/pozalogika\"]},{\"@type\":\"Person\",\"@id\":\"https:\/\/pozalogika.pl\/#\/schema\/person\/a3fc4ed50c036545e08d15943bf496f6\",\"name\":\"Dariusz Oko\u0144\",\"image\":{\"@type\":\"ImageObject\",\"inLanguage\":\"pl-PL\",\"@id\":\"https:\/\/secure.gravatar.com\/avatar\/33edefc54f8320a9493600e3afc4b35fc0cafa03b2709262ba52bc75541ad90c?s=96&d=mm&r=g\",\"url\":\"https:\/\/secure.gravatar.com\/avatar\/33edefc54f8320a9493600e3afc4b35fc0cafa03b2709262ba52bc75541ad90c?s=96&d=mm&r=g\",\"contentUrl\":\"https:\/\/secure.gravatar.com\/avatar\/33edefc54f8320a9493600e3afc4b35fc0cafa03b2709262ba52bc75541ad90c?s=96&d=mm&r=g\",\"caption\":\"Dariusz Oko\u0144\"},\"url\":\"https:\/\/pozalogika.pl\/index.php\/author\/dokon\/\"}]}<\/script>\n<!-- \/ Yoast SEO plugin. -->","yoast_head_json":{"title":"Czy nasz \u015bwiat si\u0119 ko\u0144czy w latach 20. XXI wieku? Modlitwa o nieodnalezienie drogi \u017cyciowej - Poza Logik\u0105 - wiara i samorozw\u00f3j z dusz\u0105 i cia\u0142em","description":"Czy to koniec \u015bwiata? Lata 20. XXI wieku niebezpiecznie przypominaj\u0105 w warstwie emocji te sprzed wieku. Czy to naprawd\u0119 koniec?","robots":{"index":"index","follow":"follow","max-snippet":"max-snippet:-1","max-image-preview":"max-image-preview:large","max-video-preview":"max-video-preview:-1"},"canonical":"https:\/\/pozalogika.pl\/index.php\/2019\/09\/07\/modlitwa-o-nieodnalezienie-drogi-zyciowej\/","og_locale":"pl_PL","og_type":"article","og_title":"Czy nasz \u015bwiat si\u0119 ko\u0144czy w latach 20. XXI wieku? Modlitwa o nieodnalezienie drogi \u017cyciowej - Poza Logik\u0105 - wiara i samorozw\u00f3j z dusz\u0105 i cia\u0142em","og_description":"Czy to koniec \u015bwiata? Lata 20. XXI wieku niebezpiecznie przypominaj\u0105 w warstwie emocji te sprzed wieku. Czy to naprawd\u0119 koniec?","og_url":"https:\/\/pozalogika.pl\/index.php\/2019\/09\/07\/modlitwa-o-nieodnalezienie-drogi-zyciowej\/","og_site_name":"Poza Logik\u0105 - wiara i samorozw\u00f3j z dusz\u0105 i cia\u0142em","article_publisher":"https:\/\/www.facebook.com\/pozalogika","article_published_time":"2019-09-07T21:57:21+00:00","article_modified_time":"2026-04-09T13:31:33+00:00","og_image":[{"width":1880,"height":1281,"url":"http:\/\/pozalogika.pl\/wp-content\/uploads\/2019\/09\/pexels-photo-678182.jpeg","type":"image\/jpeg"}],"author":"Dariusz Oko\u0144","twitter_card":"summary_large_image","twitter_misc":{"Napisane przez":"Dariusz Oko\u0144","Szacowany czas czytania":"10 minut"},"schema":{"@context":"https:\/\/schema.org","@graph":[{"@type":"Article","@id":"https:\/\/pozalogika.pl\/index.php\/2019\/09\/07\/modlitwa-o-nieodnalezienie-drogi-zyciowej\/#article","isPartOf":{"@id":"https:\/\/pozalogika.pl\/index.php\/2019\/09\/07\/modlitwa-o-nieodnalezienie-drogi-zyciowej\/"},"author":{"name":"Dariusz Oko\u0144","@id":"https:\/\/pozalogika.pl\/#\/schema\/person\/a3fc4ed50c036545e08d15943bf496f6"},"headline":"Czy nasz \u015bwiat si\u0119 ko\u0144czy w latach 20. XXI wieku? Modlitwa o nieodnalezienie drogi \u017cyciowej","datePublished":"2019-09-07T21:57:21+00:00","dateModified":"2026-04-09T13:31:33+00:00","mainEntityOfPage":{"@id":"https:\/\/pozalogika.pl\/index.php\/2019\/09\/07\/modlitwa-o-nieodnalezienie-drogi-zyciowej\/"},"wordCount":1755,"commentCount":0,"publisher":{"@id":"https:\/\/pozalogika.pl\/#organization"},"image":{"@id":"https:\/\/pozalogika.pl\/index.php\/2019\/09\/07\/modlitwa-o-nieodnalezienie-drogi-zyciowej\/#primaryimage"},"thumbnailUrl":"https:\/\/pozalogika.pl\/wp-content\/uploads\/2019\/09\/pexels-photo-678182.jpeg","keywords":["esej","koniec \u015bwiata","kultura","motywacja","sztuka"],"articleSection":["Motywacja i rozw\u00f3j"],"inLanguage":"pl-PL","potentialAction":[{"@type":"CommentAction","name":"Comment","target":["https:\/\/pozalogika.pl\/index.php\/2019\/09\/07\/modlitwa-o-nieodnalezienie-drogi-zyciowej\/#respond"]}]},{"@type":"WebPage","@id":"https:\/\/pozalogika.pl\/index.php\/2019\/09\/07\/modlitwa-o-nieodnalezienie-drogi-zyciowej\/","url":"https:\/\/pozalogika.pl\/index.php\/2019\/09\/07\/modlitwa-o-nieodnalezienie-drogi-zyciowej\/","name":"Czy nasz \u015bwiat si\u0119 ko\u0144czy w latach 20. XXI wieku? Modlitwa o nieodnalezienie drogi \u017cyciowej - Poza Logik\u0105 - wiara i samorozw\u00f3j z dusz\u0105 i cia\u0142em","isPartOf":{"@id":"https:\/\/pozalogika.pl\/#website"},"primaryImageOfPage":{"@id":"https:\/\/pozalogika.pl\/index.php\/2019\/09\/07\/modlitwa-o-nieodnalezienie-drogi-zyciowej\/#primaryimage"},"image":{"@id":"https:\/\/pozalogika.pl\/index.php\/2019\/09\/07\/modlitwa-o-nieodnalezienie-drogi-zyciowej\/#primaryimage"},"thumbnailUrl":"https:\/\/pozalogika.pl\/wp-content\/uploads\/2019\/09\/pexels-photo-678182.jpeg","datePublished":"2019-09-07T21:57:21+00:00","dateModified":"2026-04-09T13:31:33+00:00","description":"Czy to koniec \u015bwiata? Lata 20. XXI wieku niebezpiecznie przypominaj\u0105 w warstwie emocji te sprzed wieku. Czy to naprawd\u0119 koniec?","breadcrumb":{"@id":"https:\/\/pozalogika.pl\/index.php\/2019\/09\/07\/modlitwa-o-nieodnalezienie-drogi-zyciowej\/#breadcrumb"},"inLanguage":"pl-PL","potentialAction":[{"@type":"ReadAction","target":["https:\/\/pozalogika.pl\/index.php\/2019\/09\/07\/modlitwa-o-nieodnalezienie-drogi-zyciowej\/"]}]},{"@type":"ImageObject","inLanguage":"pl-PL","@id":"https:\/\/pozalogika.pl\/index.php\/2019\/09\/07\/modlitwa-o-nieodnalezienie-drogi-zyciowej\/#primaryimage","url":"https:\/\/pozalogika.pl\/wp-content\/uploads\/2019\/09\/pexels-photo-678182.jpeg","contentUrl":"https:\/\/pozalogika.pl\/wp-content\/uploads\/2019\/09\/pexels-photo-678182.jpeg","width":1880,"height":1281,"caption":"Czy to koniec \u015bwiata jaki znamy? Na zdj\u0119ciu m\u0119\u017cczyzna patrzy w dal na miasto ze wzg\u00f3rza."},{"@type":"BreadcrumbList","@id":"https:\/\/pozalogika.pl\/index.php\/2019\/09\/07\/modlitwa-o-nieodnalezienie-drogi-zyciowej\/#breadcrumb","itemListElement":[{"@type":"ListItem","position":1,"name":"Strona g\u0142\u00f3wna","item":"https:\/\/pozalogika.pl\/"},{"@type":"ListItem","position":2,"name":"Czy nasz \u015bwiat si\u0119 ko\u0144czy w latach 20. XXI wieku? Modlitwa o nieodnalezienie drogi \u017cyciowej"}]},{"@type":"WebSite","@id":"https:\/\/pozalogika.pl\/#website","url":"https:\/\/pozalogika.pl\/","name":"Poza Logik\u0105","description":"","publisher":{"@id":"https:\/\/pozalogika.pl\/#organization"},"potentialAction":[{"@type":"SearchAction","target":{"@type":"EntryPoint","urlTemplate":"https:\/\/pozalogika.pl\/?s={search_term_string}"},"query-input":{"@type":"PropertyValueSpecification","valueRequired":true,"valueName":"search_term_string"}}],"inLanguage":"pl-PL"},{"@type":"Organization","@id":"https:\/\/pozalogika.pl\/#organization","name":"Poza Logik\u0105. Chrze\u015bcija\u0144ski coaching i wiara","url":"https:\/\/pozalogika.pl\/","logo":{"@type":"ImageObject","inLanguage":"pl-PL","@id":"https:\/\/pozalogika.pl\/#\/schema\/logo\/image\/","url":"http:\/\/pozalogika.pl\/wp-content\/uploads\/2025\/03\/img_1_1742766565195.jpg","contentUrl":"http:\/\/pozalogika.pl\/wp-content\/uploads\/2025\/03\/img_1_1742766565195.jpg","width":1070,"height":1070,"caption":"Poza Logik\u0105. Chrze\u015bcija\u0144ski coaching i wiara"},"image":{"@id":"https:\/\/pozalogika.pl\/#\/schema\/logo\/image\/"},"sameAs":["https:\/\/www.facebook.com\/pozalogika"]},{"@type":"Person","@id":"https:\/\/pozalogika.pl\/#\/schema\/person\/a3fc4ed50c036545e08d15943bf496f6","name":"Dariusz Oko\u0144","image":{"@type":"ImageObject","inLanguage":"pl-PL","@id":"https:\/\/secure.gravatar.com\/avatar\/33edefc54f8320a9493600e3afc4b35fc0cafa03b2709262ba52bc75541ad90c?s=96&d=mm&r=g","url":"https:\/\/secure.gravatar.com\/avatar\/33edefc54f8320a9493600e3afc4b35fc0cafa03b2709262ba52bc75541ad90c?s=96&d=mm&r=g","contentUrl":"https:\/\/secure.gravatar.com\/avatar\/33edefc54f8320a9493600e3afc4b35fc0cafa03b2709262ba52bc75541ad90c?s=96&d=mm&r=g","caption":"Dariusz Oko\u0144"},"url":"https:\/\/pozalogika.pl\/index.php\/author\/dokon\/"}]}},"_links":{"self":[{"href":"https:\/\/pozalogika.pl\/index.php\/wp-json\/wp\/v2\/posts\/948","targetHints":{"allow":["GET"]}}],"collection":[{"href":"https:\/\/pozalogika.pl\/index.php\/wp-json\/wp\/v2\/posts"}],"about":[{"href":"https:\/\/pozalogika.pl\/index.php\/wp-json\/wp\/v2\/types\/post"}],"author":[{"embeddable":true,"href":"https:\/\/pozalogika.pl\/index.php\/wp-json\/wp\/v2\/users\/5"}],"replies":[{"embeddable":true,"href":"https:\/\/pozalogika.pl\/index.php\/wp-json\/wp\/v2\/comments?post=948"}],"version-history":[{"count":3,"href":"https:\/\/pozalogika.pl\/index.php\/wp-json\/wp\/v2\/posts\/948\/revisions"}],"predecessor-version":[{"id":3047,"href":"https:\/\/pozalogika.pl\/index.php\/wp-json\/wp\/v2\/posts\/948\/revisions\/3047"}],"wp:featuredmedia":[{"embeddable":true,"href":"https:\/\/pozalogika.pl\/index.php\/wp-json\/wp\/v2\/media\/1913"}],"wp:attachment":[{"href":"https:\/\/pozalogika.pl\/index.php\/wp-json\/wp\/v2\/media?parent=948"}],"wp:term":[{"taxonomy":"category","embeddable":true,"href":"https:\/\/pozalogika.pl\/index.php\/wp-json\/wp\/v2\/categories?post=948"},{"taxonomy":"post_tag","embeddable":true,"href":"https:\/\/pozalogika.pl\/index.php\/wp-json\/wp\/v2\/tags?post=948"}],"curies":[{"name":"wp","href":"https:\/\/api.w.org\/{rel}","templated":true}]}}