{"id":968,"date":"2019-10-15T20:53:24","date_gmt":"2019-10-15T18:53:24","guid":{"rendered":"http:\/\/pozalogika.pl\/?p=968"},"modified":"2026-04-09T13:37:21","modified_gmt":"2026-04-09T13:37:21","slug":"jezdzcy-bez-glowy-dlaczego-znowu-wygrala-polityka-a-nie-zycie","status":"publish","type":"post","link":"https:\/\/pozalogika.pl\/index.php\/2019\/10\/15\/jezdzcy-bez-glowy-dlaczego-znowu-wygrala-polityka-a-nie-zycie\/","title":{"rendered":"Je\u017ad\u017acy bez g\u0142owy. Dlaczego wygrywa polityka, a nie \u017cycie? Prawda o polityce. I 4 praktyczne porady"},"content":{"rendered":"<p lang=\"pl-PL\"><img loading=\"lazy\" decoding=\"async\" class=\"aligncenter\" src=\"https:\/\/images.pexels.com\/photos\/1480689\/pexels-photo-1480689.jpeg?auto=compress&amp;cs=tinysrgb&amp;dpr=2&amp;h=650&amp;w=940\" alt=\"Polityka to silna przestrze\u0144 naszego \u017cycia. Wkurza, fascynuje, poci\u0105ga. Co ma jednak wsp\u00f3lnego z melancholi\u0105? O tym w tek\u015bcie. Na zdj\u0119ciu m\u0119\u017cczyzna na tle mg\u0142y, twarzy nie wida\u0107\" width=\"1880\" height=\"1253\" \/><\/p>\n<p lang=\"pl-PL\"><span style=\"font-size: 20px;\"><strong><span style=\"font-family: book antiqua, palatino, serif;\">T\u0119sknimy za tym, co by\u0142o. W poczuciu nico\u015bci i bezsilno\u015bci, niby chcemy zmiany, ale jednak stawiamy na szali wszystkie minusy i plusy tego nowego. Je\u015bli wszelkie z\u0142e strony nie za mocno t\u0119 szal\u0119 przechylaj\u0105, to od biedy mo\u017cemy zrobi\u0107 sobie replay z narzekania. Stoi za tym wiele czynnik\u00f3w, ale jednym z nich, niewykluczone \u017ce jest, melancholia \u2013 ci\u0105g\u0142a t\u0119sknota za nie wiemy czym, za jakim\u015b nieznanym miejscem, kt\u00f3rego pragniemy, a nie wiemy, gdzie si\u0119 znajduje.<\/span><\/strong><\/span><\/p>\n<p lang=\"pl-PL\"><span style=\"font-size: 20px;\"><!--more--><\/span><\/p>\n<p lang=\"pl-PL\"><span style=\"font-size: 20px; font-family: book antiqua, palatino, serif;\">My\u015bla\u0142em nad tym tekstem przed wyborami. My\u015bla\u0142em dzie\u0144 po, gdy jeszcze \u017cyli\u015bmy wynikami. Zabiera\u0142em si\u0119 do tego d\u0142ugo, bo chyba w gruncie rzeczy nie chcia\u0142em m\u00f3wi\u0107 niczego o polityce, o wyborach, o motywacji do zabrania g\u0142osu. Dlatego te\u017c jako\u015b tak szybko chc\u0119 przebrn\u0105\u0107 przez ten temat.<br \/>\n<\/span><\/p>\n<h2 lang=\"pl-PL\">Je\u017ad\u017acy<\/h2>\n<p lang=\"pl-PL\"><span style=\"font-size: 20px; font-family: book antiqua, palatino, serif;\">Do polityki wybrali si\u0119 je\u017ad\u017acy bez g\u0142owy, bardzo zreszt\u0105 dos\u0142ownie. W Lublinie, ale i w rodzinnym mie\u015bcie, widzia\u0142em transparenty z wizerunkami polityk\u00f3w, kt\u00f3rym kto\u015b odcina\u0142 g\u0142owy. W sensie wycina\u0142 wzd\u0142u\u017c kontur\u00f3w twarz, zostawiaj\u0105c dziur\u0119 podtrzymywan\u0105 przez barki. Nie tylko kandydatom jednej opcji, ale kilku. <\/span><\/p>\n<p lang=\"pl-PL\"><span style=\"font-size: 20px; font-family: book antiqua, palatino, serif;\">Nie uznawa\u0142em tego wi\u0119c za wandalizm przeciwnik\u00f3w jednej partii (plus wyst\u0105pi\u0142o jakie\u015b podobie\u0144stwo w obr\u0119bie dw\u00f3ch r\u00f3\u017cnych wojew\u00f3dztw, chyba \u017ce si\u0119 na jakim\u015b forum skrzykn\u0119li anarchi\u015bci). Pomy\u015bla\u0142em wtedy, \u017ce to ju\u017c nie jest wandalizm, a ruch, oddolna aktywno\u015b\u0107, wkurzenie. <\/span><\/p>\n<h2 lang=\"pl-PL\">Narracje<\/h2>\n<p lang=\"pl-PL\"><span style=\"font-size: 20px; font-family: book antiqua, palatino, serif;\">Czasem lubi\u0119, mo\u017ce na wyrost, wielkie narracje. By\u0142 to wi\u0119c symbol, bo zamiast &#8220;mamy dla was kamienie&#8221;, jest niestety n\u00f3\u017c, kt\u00f3rym kto\u015b wycina z plakat\u00f3w i transparent\u00f3w g\u0142owy. W r\u0119kach fanatyka i ekstremisty mo\u017ce by\u0107 niebezpieczny. Sam gest pozostaje symbolem, znakiem pewnej postawy, kt\u00f3ra, owszem, mo\u017ce zako\u0144czy\u0107 si\u0119 tylko na ulicy przy bilbordzie i przy urnie, doprowadzona jednak do ekstremum mo\u017ce by\u0107 niebezpieczna.\u00a0<\/span><\/p>\n<p lang=\"pl-PL\"><span style=\"font-size: 20px;\"><strong>Przeczytaj tak\u017ce:<\/strong> <a href=\"https:\/\/pozalogika.pl\/index.php\/2025\/06\/13\/chrzescijanski-mindset\/\" target=\"_blank\" rel=\"noreferrer noopener\">tekst o tym, czym jest chrze\u015bcija\u0144ski mindset<\/a><\/span><\/p>\n<p lang=\"pl-PL\"><span style=\"font-size: 20px; font-family: book antiqua, palatino, serif;\">Mo\u017cna snu\u0107 wiele teorii na temat tego, dlaczego tak si\u0119 dzieje. Czy ulegamy propagandzie, czy dajemy si\u0119 podpuszcza\u0107? Czy mo\u017ce jeste\u015bmy wkurzeni traktowaniem nas g\u00f3ry lub z lekcewa\u017ceniem. A mo\u017ce to t\u0119sknota za \u015bwiatem, kt\u00f3ry nas rozczarowa\u0142, a mia\u0142 by\u0107 inny. Mia\u0142 by\u0107 pi\u0119kny, mia\u0142 by\u0107 czysty, mia\u0142 by\u0107 utopi\u0105 i \u015bladem dzieci\u0119cej i m\u0142odzie\u0144czej fascynacji. \u015awiatem dziecka \u2013 \u015bwiatem dla wi\u0119kszo\u015bci jednak mimo wszystko bezpiecznym, dobrym, takim za kt\u00f3rym t\u0119sknimy, utachani znojem i prac\u0105 po \u0142okcie.<\/span><\/p>\n<h2 lang=\"pl-PL\">Melancholia, przesz\u0142o\u015b\u0107, pami\u0119\u0107<\/h2>\n<p lang=\"pl-PL\"><span style=\"font-size: 20px; font-family: book antiqua, palatino, serif;\">To chyba nostalgia i melancholia. Podrzuca j\u0105 kino (cho\u0107by wiele film\u00f3w Woody&#8217;ego Allena, z wiod\u0105cym chyba <i>O p\u00f3\u0142nocy w Pary\u017cu<\/i>), dziwna t\u0119sknota, kt\u00f3ra m\u00f3wi cz\u0142owiekowi, \u017ce to nie jest jego miejsce, jego czas, wywo\u0142uje to poczucie braku, t\u0119sknot\u0119 za miejscem i za odleg\u0142ym kontynentem, za innym krajem. <\/span><\/p>\n<p lang=\"pl-PL\"><span style=\"font-size: 20px; font-family: book antiqua, palatino, serif;\">M\u00f3wi\u0105c kr\u00f3tko: za zmian\u0105, szybk\u0105 i nag\u0142\u0105, tej rzeczywisto\u015bci (czasem na p\u00f3\u0142 gwizdka wyje\u017cd\u017casz gdzie\u015b na wczasy, by t\u0119sknie oczekiwa\u0107 kolejnego urlopu za rok). Tak naprawd\u0119 \u017cyjesz tutaj, ale jakby poza rzeczywisto\u015bci\u0105. I to jest chyba nie do ukojenia. Sam przez kilka miesi\u0119cy mieszka\u0142em za granic\u0105. T\u0119skni\u0142em wtedy za Polsk\u0105. W kraju b\u0142\u0105dzi\u0142em po zakamarkach, po miejscach, po uliczkach, kt\u00f3re zostawi\u0142em za sob\u0105, znowu t\u0119skni\u0142em za innym \u015bwiatem, z kt\u00f3rego bym chcia\u0142 uciec, gdybym ju\u017c tam by\u0142. To chyba jaka\u015b metafizyczna t\u0119sknota za innym miejscem. <\/span><\/p>\n<h2 lang=\"pl-PL\">Inne spojrzenie<\/h2>\n<p lang=\"pl-PL\"><span style=\"font-size: 20px; font-family: book antiqua, palatino, serif;\">I mo\u017cesz, owszem, przecie\u017c nie w\u0142\u0105cza\u0107 tv i radia, chodzi\u0107 na spacery, od nowa patrze\u0107 na okolic\u0119, \u017cy\u0107 uwa\u017cniej i pe\u0142niej, odkrywa\u0107, patrze\u0107 na wszystko z dzieci\u0119cej perspektywy, odkrywaj\u0105c \u015bwiat wok\u00f3\u0142 nas na nowo. Brzmi to chyba absurdalnie, bo to co\u015b jak slogany: doce\u0144 co masz, minusy za\u015b zamie\u0144 na plusy. No fajnie, tylko \u017ce czasem rzucisz wszystko i ci si\u0119 uda, ale to czeka niewielu z nas, bo praca, bo dzieci, bo zobowi\u0105zania.<\/span><\/p>\n<p lang=\"pl-PL\"><span style=\"font-size: 20px; font-family: book antiqua, palatino, serif;\">W jednej z moich ulubionych powie\u015bci \u2013 w <i>Na zachodzie bez zmian <\/i>padaj\u0105 s\u0142owa m\u00f3wi\u0105ce o tym, \u017ce przegramy wojn\u0119, ale umiemy salutowa\u0107.<\/span><\/p>\n<h2 lang=\"pl-PL\">Przegrana<\/h2>\n<p lang=\"pl-PL\"><span style=\"font-size: 20px; font-family: book antiqua, palatino, serif;\">Przegrywamy swoje \u017cycie, ale za to powtarzamy jakie\u015b mechaniczne czynno\u015bci, co\u015b czego mo\u017ce nawet nie czujemy, ale ca\u0142y \u015bwiat tak si\u0119 zachowuje, to musimy wi\u0119c i my. Umiemy mno\u017cy\u0107, liczy\u0107 i kalkulowa\u0107, wype\u0142nia\u0107 wnioski, oddawa\u0107 g\u0142os w wyborach, powiedzie\u0107 wiele na ka\u017cdy temat. Ale tak naprawd\u0119 nie robimy tego, co chcemy, nie znamy siebie i swoich potrzeb, robimy wiele rzeczy rutynowo i bezrefleksyjnie, bez przemy\u015blenia. Bo tak nam dobrze, bo bezpiecznie, bo lepiej by\u0107 zachowawczym. Brakuje nam \u015bwiadomo\u015bci.<\/span><\/p>\n<p lang=\"pl-PL\"><span style=\"font-size: 20px; font-family: book antiqua, palatino, serif;\">A p\u00f3\u017aniej przychodzi chwila, gdy t\u0119sknimy za czym\u015b, co min\u0119\u0142o, lub mog\u0142o nast\u0105pi\u0107. Jeste\u015bmy TU a t\u0119sknimy za TAMTYM. B\u0119d\u0105c jednak TAM, co\u015b by nam mog\u0142o podpowiada\u0107, \u017ce mo\u017ce sens by\u0142 TU.<\/span><\/p>\n<h2 lang=\"pl-PL\">Wielo\u015b\u0107<\/h2>\n<p lang=\"pl-PL\"><span style=\"font-size: 20px; font-family: book antiqua, palatino, serif;\">Mamy wiele opcji, nie wiemy wi\u0119c, czego chcemy. I zamiast rzeczy nowych, wracamy do tego, co by\u0142o, mo\u017ce i nie by\u0142o to dobre, mo\u017ce nawet niszcz\u0105ce, ale w sumie ju\u017c to znamy. To nie jest g\u0142upota, to chyba ewolucyjna zachowawczo\u015b\u0107 i poczucie bezpiecze\u0144stwa, czyli tego, co ju\u017c znamy i jest nam wiadome. Nawet je\u015bli nie jest dobre i nas niszczy, to chocia\u017c wiemy, jak z tym walczy\u0107 lub jak obchodzi\u0107 w taki spos\u00f3b, by wyrz\u0105dza\u0142o nam najmniejsz\u0105 krzywd\u0119.<\/span><\/p>\n<p lang=\"pl-PL\"><span style=\"font-size: 20px; font-family: book antiqua, palatino, serif;\">Przegramy wojn\u0119, ale chocia\u017c umiemy salutowa\u0107.<\/span><\/p>\n<h2 lang=\"pl-PL\">Wyre\u017cyserowane emocje<\/h2>\n<p lang=\"pl-PL\"><span style=\"font-size: 20px; font-family: book antiqua, palatino, serif;\">I czasem, by t\u0119 nasz\u0105 zachowawczo\u015b\u0107 obroni\u0107, pozwalamy si\u0119 oszukiwa\u0107. Na przyk\u0142ad dzwoni kto\u015b do programu, zaczyna p\u0142aka\u0107. Wiem, \u017ce mo\u017ce to p\u0142acz re\u017cyserowany, \u017ce to spektakl i gra. Czy jestem cynikiem? Kreujemy \u015bwiat, ludzie cz\u0119sto wierz\u0105 w to, co im si\u0119 m\u00f3wi, \u0142ykaj\u0105 to jak m\u0142ode pelikany, bo to wygodniejsze, a m\u00f3zg jest leniwy i najlepiej si\u0119 czuje, gdy nie my\u015bli tylko zbiera si\u0142y, odpoczywa. Bo \u017cycie w ci\u0105g\u0142ej podejrzliwo\u015bci jest paranoiczne.<\/span><\/p>\n<p lang=\"pl-PL\"><span style=\"font-size: 20px; font-family: book antiqua, palatino, serif;\">Szukam pokoju, tymczasem to ja przynosz\u0119 wojn\u0119.<\/span><\/p>\n<h2 lang=\"pl-PL\">Rzeczywisto\u015b\u0107<\/h2>\n<p lang=\"pl-PL\"><span style=\"font-size: 20px; font-family: book antiqua, palatino, serif;\">Patrz\u0119 na trud i cierpienie innych ludzi, na przecie\u017c prawdziwe i ludzkie tragedie, nie jak\u0105\u015b symulacj\u0119 lub inny matrix. I wiem, \u017ce gdyby ludzie chcieli, gdyby jacykolwiek rz\u0105dz\u0105cy, nawet kosztem swoich mandat\u00f3w i tego, \u017ce za chwil\u0119 strac\u0105 pozycj\u0119, chcieli pom\u00f3c, uda\u0142oby si\u0119. <\/span><\/p>\n<p lang=\"pl-PL\"><span style=\"font-size: 20px; font-family: book antiqua, palatino, serif;\">Graj\u0105 na naszej nostalgii, na tym zachwianiu. Pozwalamy si\u0119 oszukiwa\u0107. Chcemy tego. Nie lubimy przemocy, ale ch\u0119tnie wybraliby\u015bmy ze swojego grona tego, kt\u00f3remu nie zale\u017cy na swojej duszy, i kt\u00f3ry posunie si\u0119 do radykalizmu i zrobi porz\u0105dek. Pewnie by\u015bmy go zlinczowali w mediach i w sieci, ale serce&#8230; serce by go usprawiedliwia\u0142o, serce czyni\u0142oby swoje, to jego by\u015bmy si\u0119 wstydzili, bo m\u00f3wi\u0142oby prawd\u0119 o nas samych.<\/span><\/p>\n<h2 lang=\"pl-PL\">Pragnienia<\/h2>\n<p lang=\"pl-PL\"><span style=\"font-size: 20px; font-family: book antiqua, palatino, serif;\">Tkwimy w jakiej\u015b niech\u0119ci, chcemy jakiej\u015b zmiany, ale nie wiemy jakiej. Czego\u015b pragniemy, tylko czego? Jak to nazwa\u0107? Du\u017cy wyb\u00f3r opcji, tylko \u017ce po g\u0142\u0119bszej refleksji \u017cadna nie jest nam na r\u0119k\u0119. T\u0119sknimy za czym\u015b, czego nie znamy. Wiecznie rozczarowani czym\u015b, tylko \u017ce nie wiemy czym. \u017baden wyb\u00f3r, \u017cadna opcja nie tylko jest z\u0142a, ale nie spe\u0142nia naszych oczekiwa\u0144.<\/span><\/p>\n<p lang=\"pl-PL\"><span style=\"font-size: 20px; font-family: book antiqua, palatino, serif;\">Dop\u00f3ki sobie tego nie u\u015bwiadomimy, b\u0119dziemy tkwi\u0107 w tej niech\u0119ci, frustracji, w tym niebycie.<\/span><\/p>\n<p lang=\"pl-PL\"><span style=\"font-size: 20px; font-family: book antiqua, palatino, serif;\">Czekamy wiecznie na co\u015b, co mo\u017ce si\u0119 nie wydarzy\u0107. Czekamy jak na Godota. Zrzucamy win\u0119 na innych, a mo\u017ce ona tkwi w nas?<\/span><\/p>\n<h2 lang=\"pl-PL\">Melancholia<\/h2>\n<p lang=\"pl-PL\"><span style=\"font-size: 20px; font-family: book antiqua, palatino, serif;\">Na koniec chc\u0119 da\u0107 cytat J. Tischnera z jednej z jego audycji radiowych (zosta\u0142a wydana wraz z kilkoma innymi w zbiorze <i>W\u0119dr\u00f3wki w krain\u0119 filozof\u00f3w<\/i>, wyd. ZNAK). Filozof opowiada o Kierkegaardzie, ale, co tu wa\u017cne, przyk\u0142ad du\u0144skiego my\u015bliciela s\u0142u\u017cy do refleksji nad melancholi\u0105:<\/span><\/p>\n<blockquote>\n<p lang=\"pl-PL\"><span style=\"font-size: 20px; font-family: book antiqua, palatino, serif;\">,,Kierkegaard po\u015bwi\u0119ca znakomite strony swego dzie\u0142a analizie tajemnic melancholii. O melancholii wiedzieli ju\u017c dawni pisarze religijni, \u017ce jest grzechem g\u0142\u00f3wnym, takim, z kt\u00f3rego \u2013 jak z korzenia \u2013 wyp\u0142ywa wszelkie z\u0142o. Bo melancholia jest czym\u015b w rodzaju choroby woli. Ogarni\u0119ty t\u0105 chorob\u0105, czy te\u017c tym grzechem, cz\u0142owiek chce nie chcie\u0107. Wola wyrzeka si\u0119 samej siebie. Poddaje si\u0119 nastrojom. Nastroje te wi\u0105\u017c\u0105 j\u0105 z przesz\u0142o\u015bci\u0105. Mamy w naszej literaturze znakomity obraz melancholii w zako\u0144czeniu <i>Wesela <\/i>Wyspia\u0144skiego. Ja\u015bko zgubi\u0142 z\u0142oty r\u00f3g. Ludzie popadli w odr\u0119twienie. Zabawa wyczerpa\u0142a ich si\u0142y. W jakim\u015b niezwyk\u0142ym p\u00f3\u0142\u015bnie obracaj\u0105 si\u0119 w k\u00f3\u0142ko w takt melodii Chocho\u0142a. Jest \u017cal za utracon\u0105 szans\u0105, jest jakie\u015b poczucie kl\u0119ski. Ale nie kl\u0119ski zewn\u0119trznej, bo do bitwy jeszcze nie dosz\u0142o, lecz wewn\u0119trznej, zawinionej. Zawinionej przez samych bohater\u00f3w: oni &lt;&lt;du\u017co by ju\u017c mogli mie\u0107, gdyby tylko chcieli chcie\u0107&gt;&gt;. Ale nie ma tu rozpaczy. Melancholia jest jakim\u015b ta\u0144cem nad przepa\u015bci\u0105 rozpaczy. Ale w t\u0119 przepa\u015b\u0107 si\u0119 nie wpada. Zbyt du\u017co jest w tych ludziach mi\u0142o\u015bci do siebie, by mogli si\u0119 podda\u0107 rozpaczy (&#8230;). <\/span><\/p>\n<p lang=\"pl-PL\"><span style=\"font-size: 20px; font-family: book antiqua, palatino, serif;\">Chcie\u0107 tego, by nie chcie\u0107, oznacza samob\u00f3jstwo woli. Wola dobija siebie. A dobija w ten spos\u00f3b, \u017ce ucieka przed jakim\u015b wyborem. Dlatego cz\u0142owiekowi jest jakby wsz\u0119dzie \u017ale. Cz\u0142owiek nie mo\u017ce si\u0119 w \u015bwiecie odnale\u017a\u0107, bo wydaje mu si\u0119, \u017ce przyszed\u0142 na \u015bwiat zar\u00f3wno za wcze\u015bnie, jak i za p\u00f3\u017ano, zar\u00f3wno tu, gdzie przyj\u015b\u0107 powinien, jak i nie tu, gdzie przyj\u015b\u0107 powinien. Nie mo\u017cna jednak powiedzie\u0107, \u017ce cz\u0142owiek cierpi w melancholii na b\u00f3l istnienia. Nale\u017cy raczej powiedzie\u0107, \u017ce ucieka od istnienia, ucieka od b\u00f3lu. W ko\u0144cu cz\u0142owiekowi dobrze z t\u0105 melancholi\u0105, dobrze mu w jego p\u00f3\u0142\u015bnie. Nie jest za nic odpowiedzialny. To inni s\u0105 odpowiedzialni za jego szcz\u0119\u015bcie i nieszcz\u0119\u015bcie. Melancholia nieustannie szuka rozrywki. Neron chory na melancholi\u0119 spali\u0142 Rzym, inni szukaj\u0105 \u015brodk\u00f3w bardziej niewinnych. Ale wszyscy uciekaj\u0105 od siebie, od czego\u015b, co jest w nich: od w\u0142asnej mi\u0142o\u015bci, w\u0142asnej rozpaczy, od jakiego\u015b wyboru, mo\u017ce od jakiego\u015b po\u015bwi\u0119cenia (&#8230;). <\/span><\/p>\n<p lang=\"pl-PL\"><span style=\"font-size: 20px; font-family: book antiqua, palatino, serif;\">Estetyka otwiera przed cz\u0142owiekiem tyle mo\u017cliwo\u015bci wyboru, \u017ce cz\u0142owiek nie jest w stanie wybra\u0107 \u017cadnej mo\u017cliwo\u015bci. Poniewa\u017c za du\u017co mo\u017ce, nie robi nic. Stoi zawieszony mi\u0119dzy mo\u017cliwo\u015bciami, nie mog\u0105c zrobi\u0107 ani kroku dalej. Cz\u0142owiek pyta w melancholii (je\u015bli jest zdolny do autorefleksji), czym jest zwi\u0105zany&#8221;. (J. Tischner, <i>W\u0119dr\u00f3wki w krain\u0119 filozof\u00f3w, <\/i>Wyd. ZNAK, 2017, str. 100-103)<\/span><\/p>\n<\/blockquote>\n<h2 lang=\"pl-PL\">Jak sobie poradzi\u0107 z krytykowaniem polityki? 4 sposoby:<\/h2>\n<ol>\n<li lang=\"pl-PL\"><span style=\"font-size: 20px; font-family: book antiqua, palatino;\">U\u015bwiadom sobie, \u017ce jest co\u015b takiego jak polaryzacja. Chce si\u0119 nas podzieli\u0107, por\u00f3\u017cni\u0107, aby mo\u017cna by\u0142o nami manipulowa\u0107. Wiedza o tym ju\u017c wiele daje.<\/span><\/li>\n<li lang=\"pl-PL\"><span style=\"font-size: 20px; font-family: book antiqua, palatino;\">Polityka nie jest idealn\u0105 i utopijn\u0105 przestrzeni\u0105 \u017cycia, jak by\u015bmy mo\u017ce chcieli. Wiedza o tym ju\u017c pozbawia nas sporej frustracji.<\/span><\/li>\n<li lang=\"pl-PL\"><span style=\"font-size: 20px; font-family: book antiqua, palatino;\">Wiele rzeczy w mediach ale i w polityce jest wyre\u017cyserowanych albo celowo skonstruowanych by skupi\u0107 nasz\u0105 uwag\u0119.<\/span><\/li>\n<li lang=\"pl-PL\"><span style=\"font-size: 20px; font-family: book antiqua, palatino;\">Bardzo cz\u0119sto te\u017c czujemy, \u017ce chcieliby\u015bmy jakiej\u015b zmiany, ale nie umiemy jej nazwa\u0107. Z tym powi\u0105zana jest melancholia.<\/span><\/li>\n<\/ol>\n<p lang=\"pl-PL\">Zdj\u0119cie na licencji CC0 pobra\u0142em z: <a href=\"https:\/\/www.pexels.com\/photo\/silhouette-photography-of-smoke-behind-person-1480689\/\">www.pexels.com<\/a><\/p>\n","protected":false},"excerpt":{"rendered":"<p>T\u0119sknimy za tym, co by\u0142o. W poczuciu nico\u015bci i bezsilno\u015bci, niby chcemy zmiany, ale jednak stawiamy na szali wszystkie minusy i plusy tego nowego. Je\u015bli&hellip; <\/p>\n","protected":false},"author":5,"featured_media":1907,"comment_status":"open","ping_status":"open","sticky":false,"template":"","format":"standard","meta":{"footnotes":""},"categories":[11,19],"tags":[117,148,158,588],"class_list":["post-968","post","type-post","status-publish","format-standard","has-post-thumbnail","hentry","category-opinie-i-komentarze","category-spoleczenstwo","tag-kultura","tag-motywacja","tag-polityka","tag-spoleczenstwo-2"],"yoast_head":"<!-- This site is optimized with the Yoast SEO plugin v27.2 - https:\/\/yoast.com\/product\/yoast-seo-wordpress\/ -->\n<title>Je\u017ad\u017acy bez g\u0142owy. Dlaczego wygrywa polityka, a nie \u017cycie? Prawda o polityce. I 4 praktyczne porady - Poza Logik\u0105 - wiara i samorozw\u00f3j z dusz\u0105 i cia\u0142em<\/title>\n<meta name=\"description\" content=\"Polityka to silna przestrze\u0144 naszego \u017cycia. Wkurza, fascynuje, poci\u0105ga. Co ma jednak wsp\u00f3lnego z melancholi\u0105? O tym w tek\u015bcie.\" \/>\n<meta name=\"robots\" content=\"index, follow, max-snippet:-1, max-image-preview:large, max-video-preview:-1\" \/>\n<link rel=\"canonical\" href=\"https:\/\/pozalogika.pl\/index.php\/2019\/10\/15\/jezdzcy-bez-glowy-dlaczego-znowu-wygrala-polityka-a-nie-zycie\/\" \/>\n<meta property=\"og:locale\" content=\"pl_PL\" \/>\n<meta property=\"og:type\" content=\"article\" \/>\n<meta property=\"og:title\" content=\"Je\u017ad\u017acy bez g\u0142owy. Dlaczego wygrywa polityka, a nie \u017cycie? Prawda o polityce. I 4 praktyczne porady - Poza Logik\u0105 - wiara i samorozw\u00f3j z dusz\u0105 i cia\u0142em\" \/>\n<meta property=\"og:description\" content=\"Polityka to silna przestrze\u0144 naszego \u017cycia. Wkurza, fascynuje, poci\u0105ga. Co ma jednak wsp\u00f3lnego z melancholi\u0105? O tym w tek\u015bcie.\" \/>\n<meta property=\"og:url\" content=\"https:\/\/pozalogika.pl\/index.php\/2019\/10\/15\/jezdzcy-bez-glowy-dlaczego-znowu-wygrala-polityka-a-nie-zycie\/\" \/>\n<meta property=\"og:site_name\" content=\"Poza Logik\u0105 - wiara i samorozw\u00f3j z dusz\u0105 i cia\u0142em\" \/>\n<meta property=\"article:publisher\" content=\"https:\/\/www.facebook.com\/pozalogika\" \/>\n<meta property=\"article:published_time\" content=\"2019-10-15T18:53:24+00:00\" \/>\n<meta property=\"article:modified_time\" content=\"2026-04-09T13:37:21+00:00\" \/>\n<meta property=\"og:image\" content=\"http:\/\/pozalogika.pl\/wp-content\/uploads\/2019\/10\/pexels-photo-1480689.jpeg\" \/>\n\t<meta property=\"og:image:width\" content=\"1880\" \/>\n\t<meta property=\"og:image:height\" content=\"1253\" \/>\n\t<meta property=\"og:image:type\" content=\"image\/jpeg\" \/>\n<meta name=\"author\" content=\"Dariusz Oko\u0144\" \/>\n<meta name=\"twitter:card\" content=\"summary_large_image\" \/>\n<meta name=\"twitter:label1\" content=\"Napisane przez\" \/>\n\t<meta name=\"twitter:data1\" content=\"Dariusz Oko\u0144\" \/>\n\t<meta name=\"twitter:label2\" content=\"Szacowany czas czytania\" \/>\n\t<meta name=\"twitter:data2\" content=\"8 minut\" \/>\n<script type=\"application\/ld+json\" class=\"yoast-schema-graph\">{\"@context\":\"https:\/\/schema.org\",\"@graph\":[{\"@type\":\"Article\",\"@id\":\"https:\/\/pozalogika.pl\/index.php\/2019\/10\/15\/jezdzcy-bez-glowy-dlaczego-znowu-wygrala-polityka-a-nie-zycie\/#article\",\"isPartOf\":{\"@id\":\"https:\/\/pozalogika.pl\/index.php\/2019\/10\/15\/jezdzcy-bez-glowy-dlaczego-znowu-wygrala-polityka-a-nie-zycie\/\"},\"author\":{\"name\":\"Dariusz Oko\u0144\",\"@id\":\"https:\/\/pozalogika.pl\/#\/schema\/person\/a3fc4ed50c036545e08d15943bf496f6\"},\"headline\":\"Je\u017ad\u017acy bez g\u0142owy. Dlaczego wygrywa polityka, a nie \u017cycie? Prawda o polityce. I 4 praktyczne porady\",\"datePublished\":\"2019-10-15T18:53:24+00:00\",\"dateModified\":\"2026-04-09T13:37:21+00:00\",\"mainEntityOfPage\":{\"@id\":\"https:\/\/pozalogika.pl\/index.php\/2019\/10\/15\/jezdzcy-bez-glowy-dlaczego-znowu-wygrala-polityka-a-nie-zycie\/\"},\"wordCount\":1908,\"commentCount\":0,\"publisher\":{\"@id\":\"https:\/\/pozalogika.pl\/#organization\"},\"image\":{\"@id\":\"https:\/\/pozalogika.pl\/index.php\/2019\/10\/15\/jezdzcy-bez-glowy-dlaczego-znowu-wygrala-polityka-a-nie-zycie\/#primaryimage\"},\"thumbnailUrl\":\"https:\/\/pozalogika.pl\/wp-content\/uploads\/2019\/10\/pexels-photo-1480689.jpeg\",\"keywords\":[\"kultura\",\"motywacja\",\"Polityka\",\"spo\u0142eczenstwo\"],\"articleSection\":[\"Opinie i komentarze\",\"Spo\u0142ecze\u0144stwo\"],\"inLanguage\":\"pl-PL\",\"potentialAction\":[{\"@type\":\"CommentAction\",\"name\":\"Comment\",\"target\":[\"https:\/\/pozalogika.pl\/index.php\/2019\/10\/15\/jezdzcy-bez-glowy-dlaczego-znowu-wygrala-polityka-a-nie-zycie\/#respond\"]}]},{\"@type\":\"WebPage\",\"@id\":\"https:\/\/pozalogika.pl\/index.php\/2019\/10\/15\/jezdzcy-bez-glowy-dlaczego-znowu-wygrala-polityka-a-nie-zycie\/\",\"url\":\"https:\/\/pozalogika.pl\/index.php\/2019\/10\/15\/jezdzcy-bez-glowy-dlaczego-znowu-wygrala-polityka-a-nie-zycie\/\",\"name\":\"Je\u017ad\u017acy bez g\u0142owy. Dlaczego wygrywa polityka, a nie \u017cycie? Prawda o polityce. I 4 praktyczne porady - Poza Logik\u0105 - wiara i samorozw\u00f3j z dusz\u0105 i cia\u0142em\",\"isPartOf\":{\"@id\":\"https:\/\/pozalogika.pl\/#website\"},\"primaryImageOfPage\":{\"@id\":\"https:\/\/pozalogika.pl\/index.php\/2019\/10\/15\/jezdzcy-bez-glowy-dlaczego-znowu-wygrala-polityka-a-nie-zycie\/#primaryimage\"},\"image\":{\"@id\":\"https:\/\/pozalogika.pl\/index.php\/2019\/10\/15\/jezdzcy-bez-glowy-dlaczego-znowu-wygrala-polityka-a-nie-zycie\/#primaryimage\"},\"thumbnailUrl\":\"https:\/\/pozalogika.pl\/wp-content\/uploads\/2019\/10\/pexels-photo-1480689.jpeg\",\"datePublished\":\"2019-10-15T18:53:24+00:00\",\"dateModified\":\"2026-04-09T13:37:21+00:00\",\"description\":\"Polityka to silna przestrze\u0144 naszego \u017cycia. Wkurza, fascynuje, poci\u0105ga. Co ma jednak wsp\u00f3lnego z melancholi\u0105? O tym w tek\u015bcie.\",\"breadcrumb\":{\"@id\":\"https:\/\/pozalogika.pl\/index.php\/2019\/10\/15\/jezdzcy-bez-glowy-dlaczego-znowu-wygrala-polityka-a-nie-zycie\/#breadcrumb\"},\"inLanguage\":\"pl-PL\",\"potentialAction\":[{\"@type\":\"ReadAction\",\"target\":[\"https:\/\/pozalogika.pl\/index.php\/2019\/10\/15\/jezdzcy-bez-glowy-dlaczego-znowu-wygrala-polityka-a-nie-zycie\/\"]}]},{\"@type\":\"ImageObject\",\"inLanguage\":\"pl-PL\",\"@id\":\"https:\/\/pozalogika.pl\/index.php\/2019\/10\/15\/jezdzcy-bez-glowy-dlaczego-znowu-wygrala-polityka-a-nie-zycie\/#primaryimage\",\"url\":\"https:\/\/pozalogika.pl\/wp-content\/uploads\/2019\/10\/pexels-photo-1480689.jpeg\",\"contentUrl\":\"https:\/\/pozalogika.pl\/wp-content\/uploads\/2019\/10\/pexels-photo-1480689.jpeg\",\"width\":1880,\"height\":1253,\"caption\":\"Polityka to silna przestrze\u0144 naszego \u017cycia. Wkurza, fascynuje, poci\u0105ga. Co ma jednak wsp\u00f3lnego z melancholi\u0105? O tym w tek\u015bcie. Na zdj\u0119ciu m\u0119\u017cczyzna na tle mg\u0142y, twarzy nie wida\u0107\"},{\"@type\":\"BreadcrumbList\",\"@id\":\"https:\/\/pozalogika.pl\/index.php\/2019\/10\/15\/jezdzcy-bez-glowy-dlaczego-znowu-wygrala-polityka-a-nie-zycie\/#breadcrumb\",\"itemListElement\":[{\"@type\":\"ListItem\",\"position\":1,\"name\":\"Strona g\u0142\u00f3wna\",\"item\":\"https:\/\/pozalogika.pl\/\"},{\"@type\":\"ListItem\",\"position\":2,\"name\":\"Je\u017ad\u017acy bez g\u0142owy. Dlaczego wygrywa polityka, a nie \u017cycie? Prawda o polityce. I 4 praktyczne porady\"}]},{\"@type\":\"WebSite\",\"@id\":\"https:\/\/pozalogika.pl\/#website\",\"url\":\"https:\/\/pozalogika.pl\/\",\"name\":\"Poza Logik\u0105\",\"description\":\"\",\"publisher\":{\"@id\":\"https:\/\/pozalogika.pl\/#organization\"},\"potentialAction\":[{\"@type\":\"SearchAction\",\"target\":{\"@type\":\"EntryPoint\",\"urlTemplate\":\"https:\/\/pozalogika.pl\/?s={search_term_string}\"},\"query-input\":{\"@type\":\"PropertyValueSpecification\",\"valueRequired\":true,\"valueName\":\"search_term_string\"}}],\"inLanguage\":\"pl-PL\"},{\"@type\":\"Organization\",\"@id\":\"https:\/\/pozalogika.pl\/#organization\",\"name\":\"Poza Logik\u0105. Chrze\u015bcija\u0144ski coaching i wiara\",\"url\":\"https:\/\/pozalogika.pl\/\",\"logo\":{\"@type\":\"ImageObject\",\"inLanguage\":\"pl-PL\",\"@id\":\"https:\/\/pozalogika.pl\/#\/schema\/logo\/image\/\",\"url\":\"http:\/\/pozalogika.pl\/wp-content\/uploads\/2025\/03\/img_1_1742766565195.jpg\",\"contentUrl\":\"http:\/\/pozalogika.pl\/wp-content\/uploads\/2025\/03\/img_1_1742766565195.jpg\",\"width\":1070,\"height\":1070,\"caption\":\"Poza Logik\u0105. Chrze\u015bcija\u0144ski coaching i wiara\"},\"image\":{\"@id\":\"https:\/\/pozalogika.pl\/#\/schema\/logo\/image\/\"},\"sameAs\":[\"https:\/\/www.facebook.com\/pozalogika\"]},{\"@type\":\"Person\",\"@id\":\"https:\/\/pozalogika.pl\/#\/schema\/person\/a3fc4ed50c036545e08d15943bf496f6\",\"name\":\"Dariusz Oko\u0144\",\"image\":{\"@type\":\"ImageObject\",\"inLanguage\":\"pl-PL\",\"@id\":\"https:\/\/secure.gravatar.com\/avatar\/33edefc54f8320a9493600e3afc4b35fc0cafa03b2709262ba52bc75541ad90c?s=96&d=mm&r=g\",\"url\":\"https:\/\/secure.gravatar.com\/avatar\/33edefc54f8320a9493600e3afc4b35fc0cafa03b2709262ba52bc75541ad90c?s=96&d=mm&r=g\",\"contentUrl\":\"https:\/\/secure.gravatar.com\/avatar\/33edefc54f8320a9493600e3afc4b35fc0cafa03b2709262ba52bc75541ad90c?s=96&d=mm&r=g\",\"caption\":\"Dariusz Oko\u0144\"},\"url\":\"https:\/\/pozalogika.pl\/index.php\/author\/dokon\/\"}]}<\/script>\n<!-- \/ Yoast SEO plugin. -->","yoast_head_json":{"title":"Je\u017ad\u017acy bez g\u0142owy. Dlaczego wygrywa polityka, a nie \u017cycie? Prawda o polityce. I 4 praktyczne porady - Poza Logik\u0105 - wiara i samorozw\u00f3j z dusz\u0105 i cia\u0142em","description":"Polityka to silna przestrze\u0144 naszego \u017cycia. Wkurza, fascynuje, poci\u0105ga. Co ma jednak wsp\u00f3lnego z melancholi\u0105? O tym w tek\u015bcie.","robots":{"index":"index","follow":"follow","max-snippet":"max-snippet:-1","max-image-preview":"max-image-preview:large","max-video-preview":"max-video-preview:-1"},"canonical":"https:\/\/pozalogika.pl\/index.php\/2019\/10\/15\/jezdzcy-bez-glowy-dlaczego-znowu-wygrala-polityka-a-nie-zycie\/","og_locale":"pl_PL","og_type":"article","og_title":"Je\u017ad\u017acy bez g\u0142owy. Dlaczego wygrywa polityka, a nie \u017cycie? Prawda o polityce. I 4 praktyczne porady - Poza Logik\u0105 - wiara i samorozw\u00f3j z dusz\u0105 i cia\u0142em","og_description":"Polityka to silna przestrze\u0144 naszego \u017cycia. Wkurza, fascynuje, poci\u0105ga. Co ma jednak wsp\u00f3lnego z melancholi\u0105? O tym w tek\u015bcie.","og_url":"https:\/\/pozalogika.pl\/index.php\/2019\/10\/15\/jezdzcy-bez-glowy-dlaczego-znowu-wygrala-polityka-a-nie-zycie\/","og_site_name":"Poza Logik\u0105 - wiara i samorozw\u00f3j z dusz\u0105 i cia\u0142em","article_publisher":"https:\/\/www.facebook.com\/pozalogika","article_published_time":"2019-10-15T18:53:24+00:00","article_modified_time":"2026-04-09T13:37:21+00:00","og_image":[{"width":1880,"height":1253,"url":"http:\/\/pozalogika.pl\/wp-content\/uploads\/2019\/10\/pexels-photo-1480689.jpeg","type":"image\/jpeg"}],"author":"Dariusz Oko\u0144","twitter_card":"summary_large_image","twitter_misc":{"Napisane przez":"Dariusz Oko\u0144","Szacowany czas czytania":"8 minut"},"schema":{"@context":"https:\/\/schema.org","@graph":[{"@type":"Article","@id":"https:\/\/pozalogika.pl\/index.php\/2019\/10\/15\/jezdzcy-bez-glowy-dlaczego-znowu-wygrala-polityka-a-nie-zycie\/#article","isPartOf":{"@id":"https:\/\/pozalogika.pl\/index.php\/2019\/10\/15\/jezdzcy-bez-glowy-dlaczego-znowu-wygrala-polityka-a-nie-zycie\/"},"author":{"name":"Dariusz Oko\u0144","@id":"https:\/\/pozalogika.pl\/#\/schema\/person\/a3fc4ed50c036545e08d15943bf496f6"},"headline":"Je\u017ad\u017acy bez g\u0142owy. Dlaczego wygrywa polityka, a nie \u017cycie? Prawda o polityce. I 4 praktyczne porady","datePublished":"2019-10-15T18:53:24+00:00","dateModified":"2026-04-09T13:37:21+00:00","mainEntityOfPage":{"@id":"https:\/\/pozalogika.pl\/index.php\/2019\/10\/15\/jezdzcy-bez-glowy-dlaczego-znowu-wygrala-polityka-a-nie-zycie\/"},"wordCount":1908,"commentCount":0,"publisher":{"@id":"https:\/\/pozalogika.pl\/#organization"},"image":{"@id":"https:\/\/pozalogika.pl\/index.php\/2019\/10\/15\/jezdzcy-bez-glowy-dlaczego-znowu-wygrala-polityka-a-nie-zycie\/#primaryimage"},"thumbnailUrl":"https:\/\/pozalogika.pl\/wp-content\/uploads\/2019\/10\/pexels-photo-1480689.jpeg","keywords":["kultura","motywacja","Polityka","spo\u0142eczenstwo"],"articleSection":["Opinie i komentarze","Spo\u0142ecze\u0144stwo"],"inLanguage":"pl-PL","potentialAction":[{"@type":"CommentAction","name":"Comment","target":["https:\/\/pozalogika.pl\/index.php\/2019\/10\/15\/jezdzcy-bez-glowy-dlaczego-znowu-wygrala-polityka-a-nie-zycie\/#respond"]}]},{"@type":"WebPage","@id":"https:\/\/pozalogika.pl\/index.php\/2019\/10\/15\/jezdzcy-bez-glowy-dlaczego-znowu-wygrala-polityka-a-nie-zycie\/","url":"https:\/\/pozalogika.pl\/index.php\/2019\/10\/15\/jezdzcy-bez-glowy-dlaczego-znowu-wygrala-polityka-a-nie-zycie\/","name":"Je\u017ad\u017acy bez g\u0142owy. Dlaczego wygrywa polityka, a nie \u017cycie? Prawda o polityce. I 4 praktyczne porady - Poza Logik\u0105 - wiara i samorozw\u00f3j z dusz\u0105 i cia\u0142em","isPartOf":{"@id":"https:\/\/pozalogika.pl\/#website"},"primaryImageOfPage":{"@id":"https:\/\/pozalogika.pl\/index.php\/2019\/10\/15\/jezdzcy-bez-glowy-dlaczego-znowu-wygrala-polityka-a-nie-zycie\/#primaryimage"},"image":{"@id":"https:\/\/pozalogika.pl\/index.php\/2019\/10\/15\/jezdzcy-bez-glowy-dlaczego-znowu-wygrala-polityka-a-nie-zycie\/#primaryimage"},"thumbnailUrl":"https:\/\/pozalogika.pl\/wp-content\/uploads\/2019\/10\/pexels-photo-1480689.jpeg","datePublished":"2019-10-15T18:53:24+00:00","dateModified":"2026-04-09T13:37:21+00:00","description":"Polityka to silna przestrze\u0144 naszego \u017cycia. Wkurza, fascynuje, poci\u0105ga. Co ma jednak wsp\u00f3lnego z melancholi\u0105? O tym w tek\u015bcie.","breadcrumb":{"@id":"https:\/\/pozalogika.pl\/index.php\/2019\/10\/15\/jezdzcy-bez-glowy-dlaczego-znowu-wygrala-polityka-a-nie-zycie\/#breadcrumb"},"inLanguage":"pl-PL","potentialAction":[{"@type":"ReadAction","target":["https:\/\/pozalogika.pl\/index.php\/2019\/10\/15\/jezdzcy-bez-glowy-dlaczego-znowu-wygrala-polityka-a-nie-zycie\/"]}]},{"@type":"ImageObject","inLanguage":"pl-PL","@id":"https:\/\/pozalogika.pl\/index.php\/2019\/10\/15\/jezdzcy-bez-glowy-dlaczego-znowu-wygrala-polityka-a-nie-zycie\/#primaryimage","url":"https:\/\/pozalogika.pl\/wp-content\/uploads\/2019\/10\/pexels-photo-1480689.jpeg","contentUrl":"https:\/\/pozalogika.pl\/wp-content\/uploads\/2019\/10\/pexels-photo-1480689.jpeg","width":1880,"height":1253,"caption":"Polityka to silna przestrze\u0144 naszego \u017cycia. Wkurza, fascynuje, poci\u0105ga. Co ma jednak wsp\u00f3lnego z melancholi\u0105? O tym w tek\u015bcie. Na zdj\u0119ciu m\u0119\u017cczyzna na tle mg\u0142y, twarzy nie wida\u0107"},{"@type":"BreadcrumbList","@id":"https:\/\/pozalogika.pl\/index.php\/2019\/10\/15\/jezdzcy-bez-glowy-dlaczego-znowu-wygrala-polityka-a-nie-zycie\/#breadcrumb","itemListElement":[{"@type":"ListItem","position":1,"name":"Strona g\u0142\u00f3wna","item":"https:\/\/pozalogika.pl\/"},{"@type":"ListItem","position":2,"name":"Je\u017ad\u017acy bez g\u0142owy. Dlaczego wygrywa polityka, a nie \u017cycie? Prawda o polityce. I 4 praktyczne porady"}]},{"@type":"WebSite","@id":"https:\/\/pozalogika.pl\/#website","url":"https:\/\/pozalogika.pl\/","name":"Poza Logik\u0105","description":"","publisher":{"@id":"https:\/\/pozalogika.pl\/#organization"},"potentialAction":[{"@type":"SearchAction","target":{"@type":"EntryPoint","urlTemplate":"https:\/\/pozalogika.pl\/?s={search_term_string}"},"query-input":{"@type":"PropertyValueSpecification","valueRequired":true,"valueName":"search_term_string"}}],"inLanguage":"pl-PL"},{"@type":"Organization","@id":"https:\/\/pozalogika.pl\/#organization","name":"Poza Logik\u0105. Chrze\u015bcija\u0144ski coaching i wiara","url":"https:\/\/pozalogika.pl\/","logo":{"@type":"ImageObject","inLanguage":"pl-PL","@id":"https:\/\/pozalogika.pl\/#\/schema\/logo\/image\/","url":"http:\/\/pozalogika.pl\/wp-content\/uploads\/2025\/03\/img_1_1742766565195.jpg","contentUrl":"http:\/\/pozalogika.pl\/wp-content\/uploads\/2025\/03\/img_1_1742766565195.jpg","width":1070,"height":1070,"caption":"Poza Logik\u0105. Chrze\u015bcija\u0144ski coaching i wiara"},"image":{"@id":"https:\/\/pozalogika.pl\/#\/schema\/logo\/image\/"},"sameAs":["https:\/\/www.facebook.com\/pozalogika"]},{"@type":"Person","@id":"https:\/\/pozalogika.pl\/#\/schema\/person\/a3fc4ed50c036545e08d15943bf496f6","name":"Dariusz Oko\u0144","image":{"@type":"ImageObject","inLanguage":"pl-PL","@id":"https:\/\/secure.gravatar.com\/avatar\/33edefc54f8320a9493600e3afc4b35fc0cafa03b2709262ba52bc75541ad90c?s=96&d=mm&r=g","url":"https:\/\/secure.gravatar.com\/avatar\/33edefc54f8320a9493600e3afc4b35fc0cafa03b2709262ba52bc75541ad90c?s=96&d=mm&r=g","contentUrl":"https:\/\/secure.gravatar.com\/avatar\/33edefc54f8320a9493600e3afc4b35fc0cafa03b2709262ba52bc75541ad90c?s=96&d=mm&r=g","caption":"Dariusz Oko\u0144"},"url":"https:\/\/pozalogika.pl\/index.php\/author\/dokon\/"}]}},"_links":{"self":[{"href":"https:\/\/pozalogika.pl\/index.php\/wp-json\/wp\/v2\/posts\/968","targetHints":{"allow":["GET"]}}],"collection":[{"href":"https:\/\/pozalogika.pl\/index.php\/wp-json\/wp\/v2\/posts"}],"about":[{"href":"https:\/\/pozalogika.pl\/index.php\/wp-json\/wp\/v2\/types\/post"}],"author":[{"embeddable":true,"href":"https:\/\/pozalogika.pl\/index.php\/wp-json\/wp\/v2\/users\/5"}],"replies":[{"embeddable":true,"href":"https:\/\/pozalogika.pl\/index.php\/wp-json\/wp\/v2\/comments?post=968"}],"version-history":[{"count":3,"href":"https:\/\/pozalogika.pl\/index.php\/wp-json\/wp\/v2\/posts\/968\/revisions"}],"predecessor-version":[{"id":3051,"href":"https:\/\/pozalogika.pl\/index.php\/wp-json\/wp\/v2\/posts\/968\/revisions\/3051"}],"wp:featuredmedia":[{"embeddable":true,"href":"https:\/\/pozalogika.pl\/index.php\/wp-json\/wp\/v2\/media\/1907"}],"wp:attachment":[{"href":"https:\/\/pozalogika.pl\/index.php\/wp-json\/wp\/v2\/media?parent=968"}],"wp:term":[{"taxonomy":"category","embeddable":true,"href":"https:\/\/pozalogika.pl\/index.php\/wp-json\/wp\/v2\/categories?post=968"},{"taxonomy":"post_tag","embeddable":true,"href":"https:\/\/pozalogika.pl\/index.php\/wp-json\/wp\/v2\/tags?post=968"}],"curies":[{"name":"wp","href":"https:\/\/api.w.org\/{rel}","templated":true}]}}